{"id":2265,"date":"2008-07-16T16:54:26","date_gmt":"2008-07-16T16:54:26","guid":{"rendered":""},"modified":"-0001-11-30T00:00:00","modified_gmt":"-0001-11-30T04:00:00","slug":"","status":"publish","type":"post","link":"https:\/\/www.bibula.com\/?p=2265","title":{"rendered":"R\u00f3wni i r\u00f3wniejsi w polskim sejmie&#8230;."},"content":{"rendered":"<p>&#8222;Jak za ka\u017cdym razem na zmar\u0142ego b\u0119dziemy robi\u0107 minut\u0119 ciszy, to nie  starczy czasu sejmowego&#8221; &#8211; powiedzia\u0142 by\u0142 nieca\u0142e cztery miesi\u0105ce temu,  po \u015bmierci senatora Andrzeja Mazurkiewicza Marsza\u0142ek Sejmu Bronis\u0142aw  Komorowski. <br \/>\r\n  <br \/>\r\n  <a class=\"content_sz\" href =\"http:\/\/www.dziennik.pl\/polityka\/article143264\/Marszalkowi_szkoda_czasu_na_uczczenie_zmarlych.html\" target=\"_blank\">[link]<\/a><br \/>\r\n  <br \/>\r\n  Ale wida\u0107 parlamentarzy\u015bci s\u0105 r\u00f3wni i r\u00f3wniejsi:. <br \/>\r\n  <br \/>\r\n&#8222;Marsza\u0142ek Sejmu Bronis\u0142aw Komorowski zapowiedzia\u0142, \u017ce  przysz\u0142otygodniowe posiedzenie Sejmu rozpocznie si\u0119 od minuty ciszy  b\u0105d\u017a specjalnej uchwa\u0142y ku pami\u0119ci zmar\u0142ego prof. Bronis\u0142awa Geremka.&#8221; <br \/>\r\n<br \/>\r\n<a class=\"content_sz\" href =\"http:\/\/wiadomosci.onet.pl\/1789842,11,sejm_rozpocznie_najblizsze_obrady_minuta_ciszy,item.html\" target=\"_blank\">[link]<\/a><\/p>\r\n<p>&nbsp;<\/p>\r\n<p>Za: <a class=\"content_sz\" href =\"http:\/\/forum.fronda.pl\/?akcja=pokaz&amp;id=1817245\" target=\"_blank\">Forum Frondy <\/a><\/p>\r\n<p>&nbsp;<\/p>\r\n\r\n","protected":false},"excerpt":{"rendered":"&#8222;Jak za ka\u017cdym razem na zmar\u0142ego b\u0119dziemy robi\u0107 minut\u0119 ciszy, to nie starczy czasu sejmowego&#8221; &#8211; powiedzia\u0142 by\u0142 nieca\u0142e cztery miesi\u0105ce temu, po \u015bmierci senatora Andrzeja Mazurkiewicza Marsza\u0142ek Sejmu Bronis\u0142aw Komorowski. [link] Ale wida\u0107 parlamentarzy\u015bci s\u0105 r\u00f3wni i r\u00f3wniejsi:. &#8222;Marsza\u0142ek Sejmu Bronis\u0142aw Komorowski zapowiedzia\u0142, \u017ce przysz\u0142otygodniowe posiedzenie Sejmu rozpocznie si\u0119 od minuty ciszy b\u0105d\u017a specjalnej [&hellip;]","protected":false},"author":1,"featured_media":0,"comment_status":"closed","ping_status":"open","sticky":false,"template":"","format":"standard","meta":{"_acf_changed":false,"_monsterinsights_skip_tracking":false,"_monsterinsights_sitenote_active":false,"_monsterinsights_sitenote_note":"","_monsterinsights_sitenote_category":0,"ngg_post_thumbnail":0,"footnotes":"","_wp_rev_ctl_limit":""},"categories":[8],"tags":[],"acf":[],"_links":{"self":[{"href":"https:\/\/www.bibula.com\/index.php?rest_route=\/wp\/v2\/posts\/2265"}],"collection":[{"href":"https:\/\/www.bibula.com\/index.php?rest_route=\/wp\/v2\/posts"}],"about":[{"href":"https:\/\/www.bibula.com\/index.php?rest_route=\/wp\/v2\/types\/post"}],"author":[{"embeddable":true,"href":"https:\/\/www.bibula.com\/index.php?rest_route=\/wp\/v2\/users\/1"}],"replies":[{"embeddable":true,"href":"https:\/\/www.bibula.com\/index.php?rest_route=%2Fwp%2Fv2%2Fcomments&post=2265"}],"version-history":[{"count":0,"href":"https:\/\/www.bibula.com\/index.php?rest_route=\/wp\/v2\/posts\/2265\/revisions"}],"wp:attachment":[{"href":"https:\/\/www.bibula.com\/index.php?rest_route=%2Fwp%2Fv2%2Fmedia&parent=2265"}],"wp:term":[{"taxonomy":"category","embeddable":true,"href":"https:\/\/www.bibula.com\/index.php?rest_route=%2Fwp%2Fv2%2Fcategories&post=2265"},{"taxonomy":"post_tag","embeddable":true,"href":"https:\/\/www.bibula.com\/index.php?rest_route=%2Fwp%2Fv2%2Ftags&post=2265"}],"curies":[{"name":"wp","href":"https:\/\/api.w.org\/{rel}","templated":true}]}}