{"id":22604,"date":"2010-06-06T10:09:11","date_gmt":"2010-06-06T15:09:11","guid":{"rendered":"http:\/\/www.bibula.com\/?p=22604"},"modified":"2010-06-06T10:50:44","modified_gmt":"2010-06-06T15:50:44","slug":"okreslenie-%e2%80%9cnazistowska-polska%e2%80%9d-w-los-angeles-times","status":"publish","type":"post","link":"https:\/\/www.bibula.com\/?p=22604","title":{"rendered":"Okre\u015blenie &#8222;nazistowska Polska&#8221; w <em>Los Angeles Times<\/em>"},"content":{"rendered":"<p><strong>Dzi\u0119ki b\u0142yskawicznej reakcji internaut\u00f3w, kt\u00f3rzy zasypali redakcj\u0119 <em>Los Angeles Times<\/em> komentarzami i emailami wyra\u017caj\u0105cymi oburzenie z powodu u\u017cycia okre\u015blenia &#8222;nazistowska Polska&#8221; w tek\u015bcie pi\u00f3ra recenzentki teatralnej, F. Kathleen Foley,\u00a0 dodano sprostowanie brzmi\u0105ce: &#8222;W poprzedniej wersji tej recenzji nieprawid\u0142owo okre\u015blono kraj, w kt\u00f3rym Jerzy Kosi\u0144ski wzrasta\u0142, jako &#8222;nazistowska Polska&#8221;<\/strong>[1]<strong>, a sam tekst poprawiono.<\/strong>[2]<\/p>\r\n\r\n<p>Oszczerczy i historycznie fa\u0142szywy zwrot, autorka u\u017cy\u0142a w recenzji sztuki teatralnej &#8222;More Lies  About Jerzy&#8221; (Wi\u0119cej k\u0142amstw o Jerzym) Davey&#8217;a Holmesa, wystawionej w teatrze <em>Hayworth<\/em> w Los Angeles, a opowiadaj\u0105cej o \u017cydowskim pisarzu Jerzy Kosi\u0144skim (prawdziwe nazwisko Josek Lewinkopf, syn Moj\u017cesza Lewinkopfa), kt\u00f3ry wychowa\u0142 si\u0119 w Polsce i po wyje\u017adzie z Polski w 1957 roku, pisz\u0105c po angielsku antypolskie paszkwile uzyska\u0142 s\u0142aw\u0119 w Stanach Zjednoczonych. Jerzy Kosi\u0144ski pope\u0142ni\u0142 samob\u00f3jstwo w 1991 roku gdy wysz\u0142o na jaw, \u017ce jego g\u0142\u00f3wna ksi\u0105\u017cka jest plagiatem.<\/p>\r\n\r\n<p>Nie s\u0105 dotychczas znane jakiekolwiek kroki podj\u0119te przez polskie plac\u00f3wki dyplomatyczne &#8211;\u00a0 zatrudniaj\u0105ce r\u00f3\u017cnego rodzaju &#8222;attache kulturalnych&#8221; maj\u0105cych m.in. za zadanie promowanie i dbanie o dobre imi\u0119 Polski &#8211; w prote\u015bcie przeciwko temu kolejnemu ju\u017c oszczerstwu pojawiaj\u0105cemu si\u0119 w prasie ameryka\u0144skiej.<\/p>\r\n\r\n<p>Jednym z bardziej ulubionych antypolskich zwrot\u00f3w stosowanych w prasie zachodniej, jest okre\u015blenie &#8222;polskie obozy koncentracyjne\u201d, kt\u00f3re niedawno u\u017cyte zosta\u0142o przez \u017cydowskiego dziennikarza na  \u0142amach poczytnego tygodnika <em>Parade<\/em> (75 milion\u00f3w czytelnik\u00f3w,  w\u0142asno\u015b\u0107 \u017cydowskiej rodziny Newhouse vel Neuhaus) oraz w dzienniku <em>The Wall Street Journal<\/em>, kt\u00f3re u\u017cy\u0142o tego obra\u017aliwego i fa\u0142szywego okre\u015blenia opisuj\u0105c ksi\u0105\u017ck\u0119 autorstwa  \u017byd\u00f3wki Lindy Grant.<\/p>\r\n\r\n<p>W prasie \u015bwiatowej szkaluj\u0105ce okre\u015blenia typu &#8222;polskie obozy  koncentracyjne\u201d czy &#8222;nazistowska Polska&#8221; pojawiaj\u0105 si\u0119 z wielkim nat\u0119\u017ceniem od co najmniej 10  lat. S\u0105 one urzeczywistnieniem w \u015bwiecie medialnym antypolskiej kampanii   zapowiedzianej 19 kwietnia 1996 roku przez \u00f3wczesnego szefa \u015awiatowego   Kongresu \u017byd\u00f3w, Israela Singera, kt\u00f3ry powiedzia\u0142, \u017ce &#8222;Polacy nie b\u0119d\u0105    spadkobiercami polskich \u017byd\u00f3w. Nigdy na to nie zezwolimy. B\u0119dziemy  ich   n\u0119ka\u0107 tak d\u0142ugo, dop\u00f3ki Polska si\u0119 zn\u00f3w nie pokryje lodem. Je\u017celi  Polska   nie zaspokoi \u017cydowskich \u017c\u0105da\u0144, b\u0119dzie publicznie poni\u017cana i  atakowana   na forum mi\u0119dzynarodowym.\u201d Celem \u015brodowisk \u017cydowskich &#8211;  kontroluj\u0105cych znaczny obszar medi\u00f3w &#8211; na tym etapie  antypolskiej i  antykatolickiej dzia\u0142alno\u015bci, jest wy\u0142udzenie od Polski  kwoty 64  miliard\u00f3w dolar\u00f3w, jako &#8222;odszkodowania\u201d za tzw. utracone mienie   \u017cydowskie.<\/p>\r\n\r\n<blockquote><ol>\r\n\t<li><strong>Updated:<\/strong> A previous version  of this review wrongly  characterized the country where Jerzy Kosinski  grew up as &#8222;Nazi  Poland.&#8221;<\/li>\r\n\t<li>autobiographical account of his own childhood in Poland during its   occupation by Nazi Germany.<\/li>\r\n<\/ol><\/blockquote>","protected":false},"excerpt":{"rendered":"Dzi\u0119ki b\u0142yskawicznej reakcji internaut\u00f3w, kt\u00f3rzy zasypali redakcj\u0119 Los Angeles Times komentarzami i emailami wyra\u017caj\u0105cymi oburzenie z powodu u\u017cycia okre\u015blenia &#8222;nazistowska Polska&#8221; w tek\u015bcie pi\u00f3ra recenzentki teatralnej, F. Kathleen Foley,\u00a0 dodano sprostowanie brzmi\u0105ce: &#8222;W poprzedniej wersji tej recenzji nieprawid\u0142owo okre\u015blono kraj, w kt\u00f3rym Jerzy Kosi\u0144ski wzrasta\u0142, jako &#8222;nazistowska Polska&#8221;[1], a sam tekst poprawiono.[2] Oszczerczy i historycznie [&hellip;]","protected":false},"author":1,"featured_media":0,"comment_status":"closed","ping_status":"closed","sticky":false,"template":"","format":"standard","meta":{"_acf_changed":false,"_monsterinsights_skip_tracking":false,"_monsterinsights_sitenote_active":false,"_monsterinsights_sitenote_note":"","_monsterinsights_sitenote_category":0,"ngg_post_thumbnail":0,"footnotes":"","_wp_rev_ctl_limit":""},"categories":[7],"tags":[65,20,59],"acf":[],"_links":{"self":[{"href":"https:\/\/www.bibula.com\/index.php?rest_route=\/wp\/v2\/posts\/22604"}],"collection":[{"href":"https:\/\/www.bibula.com\/index.php?rest_route=\/wp\/v2\/posts"}],"about":[{"href":"https:\/\/www.bibula.com\/index.php?rest_route=\/wp\/v2\/types\/post"}],"author":[{"embeddable":true,"href":"https:\/\/www.bibula.com\/index.php?rest_route=\/wp\/v2\/users\/1"}],"replies":[{"embeddable":true,"href":"https:\/\/www.bibula.com\/index.php?rest_route=%2Fwp%2Fv2%2Fcomments&post=22604"}],"version-history":[{"count":0,"href":"https:\/\/www.bibula.com\/index.php?rest_route=\/wp\/v2\/posts\/22604\/revisions"}],"wp:attachment":[{"href":"https:\/\/www.bibula.com\/index.php?rest_route=%2Fwp%2Fv2%2Fmedia&parent=22604"}],"wp:term":[{"taxonomy":"category","embeddable":true,"href":"https:\/\/www.bibula.com\/index.php?rest_route=%2Fwp%2Fv2%2Fcategories&post=22604"},{"taxonomy":"post_tag","embeddable":true,"href":"https:\/\/www.bibula.com\/index.php?rest_route=%2Fwp%2Fv2%2Ftags&post=22604"}],"curies":[{"name":"wp","href":"https:\/\/api.w.org\/{rel}","templated":true}]}}