{"id":22602,"date":"2010-06-06T09:42:50","date_gmt":"2010-06-06T14:42:50","guid":{"rendered":"http:\/\/www.bibula.com\/?p=22602"},"modified":"2010-06-06T09:42:50","modified_gmt":"2010-06-06T14:42:50","slug":"sledztwo-jest-w-dobrych-rekach-a-anodina-jest-corka-burdenki","status":"publish","type":"post","link":"https:\/\/www.bibula.com\/?p=22602","title":{"rendered":"\u015aledztwo jest w dobrych r\u0119kach a Anodina jest c\u00f3rk\u0105 Burdenki"},"content":{"rendered":"<p><strong>Ambrose Bierce, zmar\u0142y przed stu  laty ameryka\u0144ski dziennikarz, pisarz i satyryk, przekonywa\u0142, \u017ce w  demokracji g\u0142osowanie to instrument w\u0142adzy wolnego cz\u0142owieka, dzi\u0119ki  kt\u00f3remu robi on z siebie g\u0142upca, a ze swojego kraju ruin\u0119.<\/strong><\/p>\r\n\r\n<p>Polemizowa\u0107 z tym przekonaniem trudno,  skoro powy\u017csze daje si\u0119 zaobserwowa\u0107 nie w odleg\u0142ej Argentynie czy,  dajmy na to, w\u015br\u00f3d Eskimos\u00f3w, a na przyk\u0142adzie los\u00f3w Rzeczypospolitej po  roku 1989.<\/p>\r\n\r\n<p>Wszelako warto te\u017c pami\u0119ta\u0107, \u017ce cz\u0142owiek  rozumny nie uto\u017csamia w\u0142adzy pa\u0144stwowej z autorytetem. I w\u0142a\u015bnie w tym  przekonaniu wolno nam upatrywa\u0107 szansy zmian na lepsze. Tylko gdzie  mieliby\u015bmy autorytet\u00f3w szuka\u0107?<\/p>\r\n\r\n<p>Wiem, gdzie nie powinni\u015bmy. Ot\u00f3\u017c, nie  powinni\u015bmy szuka\u0107 ich w tak zwanym \u201eMi\u0119dzypa\u0144stwowym Komitecie  Lotniczym\u201d, czyli rosyjskiej de facto komisji, badaj\u0105cej przyczyny  katastrofy pod Smole\u0144skiem. Kt\u00f3rej przewodnicz\u0105ca, Tatiana Anodina, mnie  osobi\u015bcie kojarzy si\u0119 jednoznacznie &#8211; cho\u0107 daj Bo\u017ce, by to skojarzenie  okaza\u0142o si\u0119 ca\u0142kowicie bezpodstawne &#8211; z cz\u0142onkiem sowieckiej Akademii  Nauk, przewodnicz\u0105cym Komisji Specjalnej powo\u0142anej <em>\u201edla ustalenia i  zbadania okoliczno\u015bci rozstrzelania w Lesie Katy\u0144skim przez  niemiecko-faszystowskich okupant\u00f3w je\u0144c\u00f3w wojennych &#8211; polskich oficer\u00f3w\u201d<\/em>,  Miko\u0142ajem Burdenk\u0105.<\/p>\r\n\r\n<p>Dla przypomnienia: to w\u0142a\u015bnie komisja  Burdenki, 24. stycznia 1944 roku, opublikowa\u0142a raport, stwierdzaj\u0105cy &#8211;  s\u0142uchajcie, s\u0142uchajcie! &#8211; <em>\u201ew spos\u00f3b nie budz\u0105cy \u017cadnych w\u0105tpliwo\u015bci\u201d<\/em>,  i\u017c <em>\u201ewnioski, wyp\u0142ywaj\u0105ce z zezna\u0144 \u015bwiadk\u00f3w i ekspertyzy  s\u0105dowo-lekarskiej, \u017ce je\u0144cy wojenni &#8211; Polacy rozstrzelani zostali przez  Niemc\u00f3w jesieni\u0105 1941 r. znajduj\u0105 ca\u0142kowite potwierdzenie w dowodach  rzeczowych i dokumentach, wydobytych z grob\u00f3w katy\u0144skich\u201d<\/em>.<\/p>\r\n\r\n<p>\u0179e co, \u017ce \u017cyjemy w innych czasach? Ba.  Wszak dwa miesi\u0105ce po smole\u0144skiej katastrofie wiemy o jej przyczynach  tyle, ile zdecydowa\u0142a si\u0119 Polakom ujawni\u0107 strona rosyjska.<\/p>\r\n\r\n<p>Jakimi s\u0142owami mo\u017cna w tych  okoliczno\u015bciach oceni\u0107 postaw\u0119 polskich w\u0142adz? Co mo\u017cna powiedzie\u0107 o  kraju, kt\u00f3ry najpierw nie potrafi zapewni\u0107 bezpiecze\u0144stwa g\u0142owie  pa\u0144stwa, a po \u015bmierci prezydenta rezygnuje z niezale\u017cnego ustalenia  okoliczno\u015bci i przyczyn tragedii? Jakby Polska naprawd\u0119 by\u0142a i  bezbronna, i bezsilna?<\/p>\r\n\r\n<p>Fakt, \u017ce \u015bledztwo w sprawie katastrofy  pod Smole\u0144skiem kontroluje w stu procentach\u00a0 nast\u0119pczyni KGB, mianowicie  rosyjska Federalna S\u0142u\u017cba Bezpiecze\u0144stwa, to jedna rzecz. Okoliczno\u015b\u0107,  \u017ce u nas tuskokomorowszczyzna, prosz\u0119 wybaczy\u0107 toporn\u0105 bezpo\u015brednio\u015b\u0107,  sika po nogawkach ze strachu, to zupe\u0142nie inna para sanda\u0142\u00f3w.<\/p>\r\n\r\n<p>Co to za sanda\u0142y? Widz\u0119 dwie mo\u017cliwo\u015bci:  umys\u0142owa aberracja, ewentualnie kolaboracja. W pierwsze jako\u015b wierzy\u0107  nie mog\u0119, za\u015b w drugie bardzo nie chcia\u0142bym.<\/p>\r\n\r\n<p><strong><em>Krzysztof Lig\u0119za<\/em><\/strong><\/p>","protected":false},"excerpt":{"rendered":"Ambrose Bierce, zmar\u0142y przed stu laty ameryka\u0144ski dziennikarz, pisarz i satyryk, przekonywa\u0142, \u017ce w demokracji g\u0142osowanie to instrument w\u0142adzy wolnego cz\u0142owieka, dzi\u0119ki kt\u00f3remu robi on z siebie g\u0142upca, a ze swojego kraju ruin\u0119. Polemizowa\u0107 z tym przekonaniem trudno, skoro powy\u017csze daje si\u0119 zaobserwowa\u0107 nie w odleg\u0142ej Argentynie czy, dajmy na to, w\u015br\u00f3d Eskimos\u00f3w, a na [&hellip;]","protected":false},"author":1,"featured_media":0,"comment_status":"closed","ping_status":"closed","sticky":false,"template":"","format":"standard","meta":{"_acf_changed":false,"_monsterinsights_skip_tracking":false,"_monsterinsights_sitenote_active":false,"_monsterinsights_sitenote_note":"","_monsterinsights_sitenote_category":0,"ngg_post_thumbnail":0,"footnotes":"","_wp_rev_ctl_limit":""},"categories":[139],"tags":[137,20],"acf":[],"_links":{"self":[{"href":"https:\/\/www.bibula.com\/index.php?rest_route=\/wp\/v2\/posts\/22602"}],"collection":[{"href":"https:\/\/www.bibula.com\/index.php?rest_route=\/wp\/v2\/posts"}],"about":[{"href":"https:\/\/www.bibula.com\/index.php?rest_route=\/wp\/v2\/types\/post"}],"author":[{"embeddable":true,"href":"https:\/\/www.bibula.com\/index.php?rest_route=\/wp\/v2\/users\/1"}],"replies":[{"embeddable":true,"href":"https:\/\/www.bibula.com\/index.php?rest_route=%2Fwp%2Fv2%2Fcomments&post=22602"}],"version-history":[{"count":0,"href":"https:\/\/www.bibula.com\/index.php?rest_route=\/wp\/v2\/posts\/22602\/revisions"}],"wp:attachment":[{"href":"https:\/\/www.bibula.com\/index.php?rest_route=%2Fwp%2Fv2%2Fmedia&parent=22602"}],"wp:term":[{"taxonomy":"category","embeddable":true,"href":"https:\/\/www.bibula.com\/index.php?rest_route=%2Fwp%2Fv2%2Fcategories&post=22602"},{"taxonomy":"post_tag","embeddable":true,"href":"https:\/\/www.bibula.com\/index.php?rest_route=%2Fwp%2Fv2%2Ftags&post=22602"}],"curies":[{"name":"wp","href":"https:\/\/api.w.org\/{rel}","templated":true}]}}