{"id":22599,"date":"2010-06-06T09:40:26","date_gmt":"2010-06-06T14:40:26","guid":{"rendered":"http:\/\/www.bibula.com\/?p=22599"},"modified":"2010-06-06T09:40:26","modified_gmt":"2010-06-06T14:40:26","slug":"czeresnie-czy-czeresniak","status":"publish","type":"post","link":"https:\/\/www.bibula.com\/?p=22599","title":{"rendered":"Czere\u015bnie czy Czere\u015bniak?"},"content":{"rendered":"<p>W spocie kandydata PO pojawia si\u0119 takie oto urocze i ujmuj\u0105ce zdanie:<em><strong>&#8222;To pewnie z tej czere\u015bni ojciec zerwa\u0142 pierwsz\u0105  gar\u015b\u0107 owoc\u00f3w, zani\u00f3s\u0142 mamie tu\u017c po porodzie&#8221;.<\/strong><\/em><\/p>\r\n\r\n<p>Jako, \u017ce nie nale\u017c\u0119 do sympatyk\u00f3w Bronis\u0142awa  Komorowskiego to trudno o wzruszenia podczas ogl\u0105dania tego spotu.  Jednak, kiedy pojawi\u0142 si\u0119 na ekranach Jaros\u0142aw Kaczy\u0144ski sadz\u0105cy d\u0119by i  zaraz potem ironiczne komentarze w \u201ewiod\u0105cych\u201d mediach, postanowi\u0142em si\u0119  przyjrze\u0107 bli\u017cej tym czere\u015bniom.<\/p>\r\n\r\n<p>Lampka zapali\u0142a mi si\u0119, kiedy zacz\u0105\u0142em wspomina\u0107  dzieci\u0144stwo i wakacje sp\u0119dzane u babci w Lubelskiem. Ot\u00f3\u017c, kiedy  pojawia\u0142em si\u0119 tam zaraz po zako\u0144czeniu roku szkolnego, czyli po 20  czerwca to na s\u0142odkie czere\u015bnie musia\u0142em czeka\u0107 przynajmniej do ko\u0144ca  lipca, je\u015bli nie d\u0142u\u017cej.<\/p>\r\n\r\n<p>W wygl\u0105da na to, \u017ce w pierwszej po\u0142owie czerwca \u00a01952 roku, kiedy przyszed\u0142 na \u015bwiat nasz \u201epomazaniec\u201d,  jego ojciec, o zgrozo, nieodpowiedzialnie poni\u00f3s\u0142 b\u0119d\u0105cej w po\u0142ogu Pani  Komorowskiej ma\u0142e, zielone, gorzko kwa\u015bne, niedojrza\u0142e kulki.<\/p>\r\n\r\n<p>W spocie, kandydat PO na prezydenta troch\u0119 si\u0119  asekuruje m\u00f3wi\u0105c \u00a0<em>\u201eTo zapewne z tej czere\u015bni\u2026\u201d,<\/em> ale  musz\u0119 go zmartwi\u0107 i powiedzie\u0107, \u017ce ani z tej, ani z \u017cadnej innej.<\/p>\r\n\r\n<p>Z wczesnych odmian czere\u015bni nawet, je\u017celi by\u0142by to  \u201eBurlat\u201d, a ojciec Pana Bronka zastosowa\u0142by dobre wczesne zapylacze to  nie uzyska\u0142by za \u201eChiny\u201d owoc\u00f3w w pierwszej po\u0142owie czerwca, a import z  Chin w\u00f3wczas nie istnia\u0142.<\/p>\r\n\r\n<p>Nawet wprowadzone w 2002 roku w Polsce wczesne  odmiany takie jak <em>&#8217;Summit&#8217;, 'Lapins&#8217;, 'Rainier&#8217; i 'Regina&#8217;<\/em> nie owocuj\u0105 w czerwcu.<\/p>\r\n\r\n<p>Roz\u0142o\u017cyste drzewo, pod kt\u00f3rym si\u0119 tak rozklei\u0142 nasz  Pan marsza\u0142ek, wygl\u0105da\u0142o bardziej na <em>\u201ePozna\u0144sk\u0105, czarna  p\u00f3\u017an\u0105\u201d<\/em>b\u0105d\u017a historyczn\u0105 odmian\u0119 zwan\u0105 \u00a0<em>\u201eSierpni\u00f3wk\u0105\u201d<\/em> opisywan\u0105 przez historyk\u00f3w ju\u017c 150 lat temu.<\/p>\r\n\r\n<p>Wychodzi na to, \u017ce Bronis\u0142aw Komorowski po prostu  k\u0142amie.<\/p>\r\n\r\n<p>Wiadomo r\u00f3wnie\u017c, \u017ce kobietom po porodzie mo\u017cna  \u015bmia\u0142o zanie\u015b\u0107 kompot z jab\u0142ek, ale zabrania si\u0119 im spo\u017cywa\u0107 owoc\u00f3w  pestkowych typu wi\u015bnia, czere\u015bnia, \u015bliwka gdy\u017c owoce te przedostaj\u0105c si\u0119  poprzez mleko matki do organizmu niemowlaka powoduj\u0105 bolesn\u0105 kolk\u0119, a  p\u00f3\u017aniej sraczk\u0119.<\/p>\r\n\r\n<p>Gdyby, wi\u0119c Komorowski senior nawet jakim\u015b cudem  dostarczy\u0142 te czere\u015bnie matce kandydata. Gdyby przyj\u0105\u0107, \u017ce nie by\u0142y one  ma\u0142e, twarde i zielone, to ten diament, kt\u00f3ry pono\u0107 ma on do dzi\u015b w  \u015brodku, a widziany by\u0142 na w\u0142asne oczy przez Donalda Tuska, wyl\u0105dowa\u0142by  ju\u017c w pierwszych dniach \u017cycia marsza\u0142ka oseska, w jego pieluszce.<\/p>\r\n\r\n<p><strong><em>Miros\u0142aw Kokoszkiewicz<\/em><\/strong><\/p>","protected":false},"excerpt":{"rendered":"W spocie kandydata PO pojawia si\u0119 takie oto urocze i ujmuj\u0105ce zdanie:&#8222;To pewnie z tej czere\u015bni ojciec zerwa\u0142 pierwsz\u0105 gar\u015b\u0107 owoc\u00f3w, zani\u00f3s\u0142 mamie tu\u017c po porodzie&#8221;. Jako, \u017ce nie nale\u017c\u0119 do sympatyk\u00f3w Bronis\u0142awa Komorowskiego to trudno o wzruszenia podczas ogl\u0105dania tego spotu. Jednak, kiedy pojawi\u0142 si\u0119 na ekranach Jaros\u0142aw Kaczy\u0144ski sadz\u0105cy d\u0119by i zaraz potem [&hellip;]","protected":false},"author":1,"featured_media":0,"comment_status":"closed","ping_status":"closed","sticky":false,"template":"","format":"standard","meta":{"_acf_changed":false,"_monsterinsights_skip_tracking":false,"_monsterinsights_sitenote_active":false,"_monsterinsights_sitenote_note":"","_monsterinsights_sitenote_category":0,"ngg_post_thumbnail":0,"footnotes":"","_wp_rev_ctl_limit":""},"categories":[9],"tags":[98],"acf":[],"_links":{"self":[{"href":"https:\/\/www.bibula.com\/index.php?rest_route=\/wp\/v2\/posts\/22599"}],"collection":[{"href":"https:\/\/www.bibula.com\/index.php?rest_route=\/wp\/v2\/posts"}],"about":[{"href":"https:\/\/www.bibula.com\/index.php?rest_route=\/wp\/v2\/types\/post"}],"author":[{"embeddable":true,"href":"https:\/\/www.bibula.com\/index.php?rest_route=\/wp\/v2\/users\/1"}],"replies":[{"embeddable":true,"href":"https:\/\/www.bibula.com\/index.php?rest_route=%2Fwp%2Fv2%2Fcomments&post=22599"}],"version-history":[{"count":0,"href":"https:\/\/www.bibula.com\/index.php?rest_route=\/wp\/v2\/posts\/22599\/revisions"}],"wp:attachment":[{"href":"https:\/\/www.bibula.com\/index.php?rest_route=%2Fwp%2Fv2%2Fmedia&parent=22599"}],"wp:term":[{"taxonomy":"category","embeddable":true,"href":"https:\/\/www.bibula.com\/index.php?rest_route=%2Fwp%2Fv2%2Fcategories&post=22599"},{"taxonomy":"post_tag","embeddable":true,"href":"https:\/\/www.bibula.com\/index.php?rest_route=%2Fwp%2Fv2%2Ftags&post=22599"}],"curies":[{"name":"wp","href":"https:\/\/api.w.org\/{rel}","templated":true}]}}