{"id":22488,"date":"2010-06-03T14:25:47","date_gmt":"2010-06-03T19:25:47","guid":{"rendered":"http:\/\/www.bibula.com\/?p=22488"},"modified":"2010-06-03T14:25:47","modified_gmt":"2010-06-03T19:25:47","slug":"turcja-katolicki-biskup-brutalnie-zamordowany-na-progu-domu","status":"publish","type":"post","link":"https:\/\/www.bibula.com\/?p=22488","title":{"rendered":"Turcja: Katolicki biskup brutalnie zamordowany na progu domu"},"content":{"rendered":"<p><strong>Cia\u0142o zaatakowanego no\u017cem biskupa Luigiego Padovese odnaleziono przed  domem w Iskenderun, na po\u0142udniu Turcji. Pe\u0142ni\u0105cego funkcj\u0119 wikariusza  apostolskiego w Anatolii duchownego zamordowano na dzie\u0144 przed  spotkaniem z papie\u017cem Benedyktem XVI.<\/strong><\/p>\r\n\r\n<p>T\u0119 tragiczn\u0105 wiadomo\u015b\u0107 poda\u0142a w czwartek agencja AP. Z informacji  jakie otrzyma\u0142a od policji wynika, \u017ce katolicki duchowny zosta\u0142  zamordowany przez kierowc\u0119, kt\u00f3ry przez ostatnie cztery dni by\u0142 jego  szoferem. Policja uj\u0119\u0142a sprawc\u0119 i powiadomi\u0142a, \u017ce jest \u201eniezr\u00f3wnowa\u017cony  psychicznie\u201d.<\/p>\r\n\r\n<p>63-letni bp Padovese mia\u0142 w pi\u0105tek polecie\u0107 na Cypr, gdzie jutro  rozpocznie pielgrzymk\u0119 papie\u017c Benedykt XVI. Mia\u0142 spotka\u0107 si\u0119 z Ojcem  \u015awi\u0119tym i innymi biskupami przed zaplanowanym na pa\u017adziernik synodem  biskup\u00f3w Bliskiego Wschodu.<\/p>\r\n\r\n<p>Watykan jest wstrz\u0105\u015bni\u0119ty wiadomo\u015bci\u0105. Rzecznik prasowy Stolicy  Apostolskiej ks. Federico Lombardi powiedzia\u0142, \u017ce wiadomo\u015b\u0107 wprawi\u0142a  Watykan w \u201eogromny b\u00f3l, konsternacj\u0119, oszo\u0142omienie i os\u0142upienie\u201d. Doda\u0142,  \u017ce ta \u015bmier\u0107 po raz kolejny pokazuje, w jak trudnych  warunkach \u017cyj\u0105 katolicy w tym regionie.<\/p>\r\n\r\n<p>AJ\/BBC.co.uk<\/p>","protected":false},"excerpt":{"rendered":"Cia\u0142o zaatakowanego no\u017cem biskupa Luigiego Padovese odnaleziono przed domem w Iskenderun, na po\u0142udniu Turcji. Pe\u0142ni\u0105cego funkcj\u0119 wikariusza apostolskiego w Anatolii duchownego zamordowano na dzie\u0144 przed spotkaniem z papie\u017cem Benedyktem XVI. T\u0119 tragiczn\u0105 wiadomo\u015b\u0107 poda\u0142a w czwartek agencja AP. Z informacji jakie otrzyma\u0142a od policji wynika, \u017ce katolicki duchowny zosta\u0142 zamordowany przez kierowc\u0119, kt\u00f3ry przez ostatnie [&hellip;]","protected":false},"author":1,"featured_media":0,"comment_status":"closed","ping_status":"closed","sticky":false,"template":"","format":"standard","meta":{"_acf_changed":false,"_monsterinsights_skip_tracking":false,"_monsterinsights_sitenote_active":false,"_monsterinsights_sitenote_note":"","_monsterinsights_sitenote_category":0,"ngg_post_thumbnail":0,"footnotes":"","_wp_rev_ctl_limit":""},"categories":[6],"tags":[132,114],"acf":[],"_links":{"self":[{"href":"https:\/\/www.bibula.com\/index.php?rest_route=\/wp\/v2\/posts\/22488"}],"collection":[{"href":"https:\/\/www.bibula.com\/index.php?rest_route=\/wp\/v2\/posts"}],"about":[{"href":"https:\/\/www.bibula.com\/index.php?rest_route=\/wp\/v2\/types\/post"}],"author":[{"embeddable":true,"href":"https:\/\/www.bibula.com\/index.php?rest_route=\/wp\/v2\/users\/1"}],"replies":[{"embeddable":true,"href":"https:\/\/www.bibula.com\/index.php?rest_route=%2Fwp%2Fv2%2Fcomments&post=22488"}],"version-history":[{"count":0,"href":"https:\/\/www.bibula.com\/index.php?rest_route=\/wp\/v2\/posts\/22488\/revisions"}],"wp:attachment":[{"href":"https:\/\/www.bibula.com\/index.php?rest_route=%2Fwp%2Fv2%2Fmedia&parent=22488"}],"wp:term":[{"taxonomy":"category","embeddable":true,"href":"https:\/\/www.bibula.com\/index.php?rest_route=%2Fwp%2Fv2%2Fcategories&post=22488"},{"taxonomy":"post_tag","embeddable":true,"href":"https:\/\/www.bibula.com\/index.php?rest_route=%2Fwp%2Fv2%2Ftags&post=22488"}],"curies":[{"name":"wp","href":"https:\/\/api.w.org\/{rel}","templated":true}]}}