{"id":22468,"date":"2010-06-03T11:06:39","date_gmt":"2010-06-03T16:06:39","guid":{"rendered":"http:\/\/www.bibula.com\/?p=22468"},"modified":"2010-06-03T11:06:39","modified_gmt":"2010-06-03T16:06:39","slug":"dyrektor-kazana-to-nie-kazana","status":"publish","type":"post","link":"https:\/\/www.bibula.com\/?p=22468","title":{"rendered":"&#8222;Dyrektor Kazana&#8221; to nie Kazana?"},"content":{"rendered":"<h3><p>Okazuje si\u0119, \u017ce nie  ma pewno\u015bci, i\u017c g\u0142os ze stenogram\u00f3w podpisany \u201edyrektor Kazana\u201d,  faktycznie jest g\u0142osem M. Kazany.<\/p><\/h3>\r\n\r\n<p>Jak wynika z o\u015bwiadczenia rzecznik  MSWiA Ma\u0142gorzaty Wo\u017aniak, g\u0142os, kt\u00f3ry na stenogramach rozm\u00f3w  zarejestrowanych przez czarne skrzynki prezydenckiego TU-154M zosta\u0142  podpisany jako \u201edyrektor Kazana\u201d faktycznie nale\u017ca\u0142 do szefa protoko\u0142u  Ministerstwa Spraw Zagranicznych Mariusza Kazany.<br \/>\r\n<br \/>\r\n&#8211; To, \u017ce g\u0142os nienale\u017c\u0105cy do za\u0142ogi, kt\u00f3ry  zarejestrowa\u0142a czarna skrzynka Tu-154 nale\u017ca\u0142 do szefa protoko\u0142u  dyplomatycznego MSZ, Mariusza Kazany, jest tylko sugesti\u0105. Nie  potwierdzili tego polscy eksperci &#8211; o\u015bwiadczy\u0142a Ma\u0142gorzata Wo\u017aniak,  rzecznik MSWiA.<br \/>\r\n<br \/>\r\nSugestie,  \u017ce g\u0142os ze stenogram\u00f3w to g\u0142os Mariusza Kazany pojawi\u0142y si\u0119 ze wzgl\u0119du  na spos\u00f3b, w jaki do rozm\u00f3wcy zwracali si\u0119 cz\u0142onkowie za\u0142ogi.\u00a0  Ma\u0142gorzata Wo\u017aniak wyja\u015bnia, \u017ce nazwisko Mariusza Kazany pad\u0142o w zwi\u0105zku  z ustaleniami do kogo spo\u015br\u00f3d wszystkich os\u00f3b na pok\u0142adzie  prezydenckiego Tupolewa za\u0142oga mog\u0142a zwr\u00f3ci\u0107 si\u0119 \u201epanie dyrektorze\u201d.<br \/>\r\n<br \/>\r\nW celu uzyskania bardziej szczeg\u00f3\u0142owych  informacji w tej kwestii rzecznik MSWiA wskazuje na Mi\u0119dzypa\u0144stwowy  Komitet Lotniczy (MAK), bo to w\u0142a\u015bnie tam przygotowywane by\u0142y odczyty  nagra\u0144 z czarnych skrzynek.<br \/>\r\n<br \/>\r\n\u0179r\u00f3d\u0142o: TVN24\/inf. W\u0142asna | p\u0142<\/p>","protected":false},"excerpt":{"rendered":"Okazuje si\u0119, \u017ce nie ma pewno\u015bci, i\u017c g\u0142os ze stenogram\u00f3w podpisany \u201edyrektor Kazana\u201d, faktycznie jest g\u0142osem M. Kazany. Jak wynika z o\u015bwiadczenia rzecznik MSWiA Ma\u0142gorzaty Wo\u017aniak, g\u0142os, kt\u00f3ry na stenogramach rozm\u00f3w zarejestrowanych przez czarne skrzynki prezydenckiego TU-154M zosta\u0142 podpisany jako \u201edyrektor Kazana\u201d faktycznie nale\u017ca\u0142 do szefa protoko\u0142u Ministerstwa Spraw Zagranicznych Mariusza Kazany. &#8211; To, \u017ce [&hellip;]","protected":false},"author":1,"featured_media":0,"comment_status":"closed","ping_status":"closed","sticky":false,"template":"","format":"standard","meta":{"_acf_changed":false,"_monsterinsights_skip_tracking":false,"_monsterinsights_sitenote_active":false,"_monsterinsights_sitenote_note":"","_monsterinsights_sitenote_category":0,"ngg_post_thumbnail":0,"footnotes":"","_wp_rev_ctl_limit":""},"categories":[139],"tags":[137],"acf":[],"_links":{"self":[{"href":"https:\/\/www.bibula.com\/index.php?rest_route=\/wp\/v2\/posts\/22468"}],"collection":[{"href":"https:\/\/www.bibula.com\/index.php?rest_route=\/wp\/v2\/posts"}],"about":[{"href":"https:\/\/www.bibula.com\/index.php?rest_route=\/wp\/v2\/types\/post"}],"author":[{"embeddable":true,"href":"https:\/\/www.bibula.com\/index.php?rest_route=\/wp\/v2\/users\/1"}],"replies":[{"embeddable":true,"href":"https:\/\/www.bibula.com\/index.php?rest_route=%2Fwp%2Fv2%2Fcomments&post=22468"}],"version-history":[{"count":0,"href":"https:\/\/www.bibula.com\/index.php?rest_route=\/wp\/v2\/posts\/22468\/revisions"}],"wp:attachment":[{"href":"https:\/\/www.bibula.com\/index.php?rest_route=%2Fwp%2Fv2%2Fmedia&parent=22468"}],"wp:term":[{"taxonomy":"category","embeddable":true,"href":"https:\/\/www.bibula.com\/index.php?rest_route=%2Fwp%2Fv2%2Fcategories&post=22468"},{"taxonomy":"post_tag","embeddable":true,"href":"https:\/\/www.bibula.com\/index.php?rest_route=%2Fwp%2Fv2%2Ftags&post=22468"}],"curies":[{"name":"wp","href":"https:\/\/api.w.org\/{rel}","templated":true}]}}