{"id":2239,"date":"2008-07-12T11:55:58","date_gmt":"2008-07-12T11:55:58","guid":{"rendered":""},"modified":"-0001-11-30T00:00:00","modified_gmt":"-0001-11-30T04:00:00","slug":"","status":"publish","type":"post","link":"https:\/\/www.bibula.com\/?p=2239","title":{"rendered":"Gryfice: samospalenie przed eksmisj\u0105"},"content":{"rendered":"<p>Obla\u0142 si\u0119 rozpuszczalnikiem i podpali\u0142 &ndash; w tak desperacki spos\u00f3b  chcia\u0142 zaprotestowa\u0107 55-letni mieszkaniec Nowogardu przeciw eksmisji na  bruk. M\u0119\u017cczyzna z poparzeniami trzeciego stopnia trafi\u0142 w szpitala w  Gryficach. Mimo wysi\u0142k\u00f3w lekarzy nie uda\u0142o si\u0119 go uratowa\u0107.<\/p>\r\n<div>M\u0119\u017cczyzna  niedawno straci\u0142 prac\u0119. Z ma\u0142ej emerytury nie by\u0142 w stanie op\u0142aca\u0107  wysokiego czynszu. Pomocy szuka\u0142 wsz\u0119dzie, ale nikt nie pom\u00f3g\u0142. <br \/>\r\n    <br \/>\r\n  Krytycznego dnia rano spotka\u0142 si\u0119 z przyjacielem. Wr\u0119czy\u0142 mu  kopert\u0119, na kt\u00f3rej by\u0142o napisane &bdquo;otworzy\u0107 o 9.30&rdquo; i poprosi\u0142, by  zani\u00f3s\u0142 j\u0105 do redakcji medi\u00f3w publicznych. W kopercie by\u0142o o\u015bwiadczenie  oraz pro\u015bba do s\u0105du i ministra, w kt\u00f3rych 55-latek \u017cali\u0142 si\u0119, \u017ce &bdquo;innym  mo\u017cna umarza\u0107 miliony, a jemu nie mo\u017cna roz\u0142o\u017cy\u0107 zad\u0142u\u017cenia na raty&rdquo;. <\/div>\r\n<div>\r\n  <div>M\u0119\u017cczyzna w stanie krytycznym trafi\u0142 do szpitala w Gryficach<\/div>\r\n<\/div>\r\n<div>M\u0119\u017cczyzna  podpali\u0142 si\u0119 w swoim mieszkaniu. Tym samym, z kt\u00f3rego lada moment mia\u0142  go wyrzuci\u0107 komornik w asy\u015bcie policji. I to &ndash; jak napisa\u0142 w li\u015bcie &ndash;  by\u0142o przyczyn\u0105 jego desperackiego kroku. <br \/>\r\n    <br \/>\r\n  <em>&ndash; Prawdopodobnie czym\u015b si\u0119 obla\u0142, ma poparzone praktycznie 90 proc. cia\u0142a<\/em> &ndash; powiedzia\u0142 aspirant &#321;ukasz Lisiecki, stra\u017cak z Goleniowa. M\u0119\u017cczyzn\u0119  przewieziono do szpitala w Gryficach. Zmar\u0142, mimo wysi\u0142k\u00f3w lekarzy. <\/div>\r\n<p>Za: TVP Info <\/p>\r\n\r\n","protected":false},"excerpt":{"rendered":"Obla\u0142 si\u0119 rozpuszczalnikiem i podpali\u0142 &ndash; w tak desperacki spos\u00f3b chcia\u0142 zaprotestowa\u0107 55-letni mieszkaniec Nowogardu przeciw eksmisji na bruk. M\u0119\u017cczyzna z poparzeniami trzeciego stopnia trafi\u0142 w szpitala w Gryficach. Mimo wysi\u0142k\u00f3w lekarzy nie uda\u0142o si\u0119 go uratowa\u0107. M\u0119\u017cczyzna niedawno straci\u0142 prac\u0119. Z ma\u0142ej emerytury nie by\u0142 w stanie op\u0142aca\u0107 wysokiego czynszu. Pomocy szuka\u0142 wsz\u0119dzie, ale [&hellip;]","protected":false},"author":1,"featured_media":0,"comment_status":"closed","ping_status":"open","sticky":false,"template":"","format":"standard","meta":{"_acf_changed":false,"_monsterinsights_skip_tracking":false,"_monsterinsights_sitenote_active":false,"_monsterinsights_sitenote_note":"","_monsterinsights_sitenote_category":0,"ngg_post_thumbnail":0,"footnotes":"","_wp_rev_ctl_limit":""},"categories":[8],"tags":[],"acf":[],"_links":{"self":[{"href":"https:\/\/www.bibula.com\/index.php?rest_route=\/wp\/v2\/posts\/2239"}],"collection":[{"href":"https:\/\/www.bibula.com\/index.php?rest_route=\/wp\/v2\/posts"}],"about":[{"href":"https:\/\/www.bibula.com\/index.php?rest_route=\/wp\/v2\/types\/post"}],"author":[{"embeddable":true,"href":"https:\/\/www.bibula.com\/index.php?rest_route=\/wp\/v2\/users\/1"}],"replies":[{"embeddable":true,"href":"https:\/\/www.bibula.com\/index.php?rest_route=%2Fwp%2Fv2%2Fcomments&post=2239"}],"version-history":[{"count":0,"href":"https:\/\/www.bibula.com\/index.php?rest_route=\/wp\/v2\/posts\/2239\/revisions"}],"wp:attachment":[{"href":"https:\/\/www.bibula.com\/index.php?rest_route=%2Fwp%2Fv2%2Fmedia&parent=2239"}],"wp:term":[{"taxonomy":"category","embeddable":true,"href":"https:\/\/www.bibula.com\/index.php?rest_route=%2Fwp%2Fv2%2Fcategories&post=2239"},{"taxonomy":"post_tag","embeddable":true,"href":"https:\/\/www.bibula.com\/index.php?rest_route=%2Fwp%2Fv2%2Ftags&post=2239"}],"curies":[{"name":"wp","href":"https:\/\/api.w.org\/{rel}","templated":true}]}}