{"id":2237,"date":"2008-07-12T11:46:36","date_gmt":"2008-07-12T11:46:36","guid":{"rendered":""},"modified":"-0001-11-30T00:00:00","modified_gmt":"-0001-11-30T04:00:00","slug":"","status":"publish","type":"post","link":"https:\/\/www.bibula.com\/?p=2237","title":{"rendered":"Zawstydzaj\u0105ca postawa Kaczy\u0144skiego i Komorowskiego"},"content":{"rendered":"<p>Uczestnicy  warszawskich obchod\u00f3w 65. rocznicy ludob\u00f3jstwa dokonanego przez  szowinist\u00f3w ukrai\u0144skich na polskich Kresach Wschodnich prze\u017cyli wczoraj  prawdziwy szok. <\/p>\r\n  <p>&#8222;Serdecznie pozdrawiam wszystkich Polak\u00f3w zgromadzonych na  uroczysto\u015bci ku czci ofiar tragedii polskiego Wo\u0142ynia i Kres\u00f3w  Po\u0142udniowo-Wschodnich z lat 1943-1944&#8221; &#8211; to fragment z listu do  weteran\u00f3w 27. Wo\u0142y\u0144skiej Dywizji Piechoty AK, jaki odczyta\u0142 w imieniu  prezydenta Lecha Kaczy\u0144skiego sekretarz stanu w jego kancelarii prof.  Ryszard Legutko. Sam prezydent by\u0142 nieobecny na uroczysto\u015bciach na  warszawskim skwerze Wo\u0142y\u0144skim, gdzie znajduje si\u0119 pomnik upami\u0119tniaj\u0105cy  \u017co\u0142nierzy dywizji. Sentencja ugrzecznionego i poprawnego politycznie  listu, w kt\u00f3rym ani razu nie pada s\u0142owo &#8222;ludob\u00f3jstwo&#8221;, ani  &#8222;nacjonali\u015bci ukrai\u0144scy&#8221;, wyra\u017anie kolidowa\u0142a ze wspomnieniami  s\u0119dziwych Wo\u0142yniak\u00f3w, maj\u0105cych wci\u0105\u017c w pami\u0119ci obrazy z rzezi  dokonywanych programowo przez UPA.<\/p>\r\n  <p>Osoby, kt\u00f3re nie znaj\u0105 polskiej historii, z prezydenckiego listu nie  dowiedz\u0105 si\u0119, \u017ce sprawcami rzezi na Kresach byli ukrai\u0144scy  nacjonali\u015bci. W li\u015bcie Lecha Kaczy\u0144skiego pe\u0142no jest okr\u0105g\u0142ych s\u0142\u00f3w:  &#8222;tragedia&#8221;, &#8222;wydarzenia wo\u0142y\u0144skie&#8221;, &#8222;nieludzkie i bolesne zdarzenia&#8221;  etc. I ani s\u0142owa o ludob\u00f3jstwie czy rzezi. S\u0105 ofiary i ani razu Lech  Kaczy\u0144ski nie wymienia, kto by\u0142 katem. Jest za to du\u017cy passus o  potrzebie przebaczenia i wzajemnej wsp\u00f3\u0142pracy. Ani razu nie padaj\u0105 w  li\u015bcie s\u0142owa &#8222;ukrai\u0144scy nacjonali\u015bci&#8221; czy UPA. <br \/>\r\n    Do po\u0142udnia list prezydenta by\u0142 umieszczony na stronach internetowych  Kancelarii Prezydenta. Po po\u0142udniu znikn\u0105\u0142 na blisko dwie godziny, a  jego miejsce zaj\u0119\u0142y gratulacje z okazji 90-lecia G\u0142\u00f3wnego Urz\u0119du  Statystycznego. W ostatecznej wersji list zosta\u0142 opatrzony wst\u0119pn\u0105  informacj\u0105, \u017ce w apelu wzi\u0119\u0142a udzia\u0142 r\u00f3wnie\u017c prezydencka minister Ewa  Junczyk-Ziomecka.<\/p>\r\n  <p>Na warszawskim skwerze Wo\u0142y\u0144skim zgromadzili si\u0119 wczoraj  Kresowianie, kombatanci, ich rodziny, przedstawiciele w\u0142adz  pa\u0144stwowych, instytucji publicznych, duchowie\u0144stwa, warszawiacy. Obecni  byli m.in.: wicemarsza\u0142kowie Sejmu Krzysztof Putra i Jaros\u0142aw  Kalinowski, Janusz Kurtyka, prezes Instytutu Pami\u0119ci Narodowej, Andrzej  Przewo\u017anik, sekretarz Rady Ochrony Pami\u0119ci Walk i M\u0119cze\u0144stwa, Kapitu\u0142a  Orderu Wojennego Virtuti Militari na czele z jej kanclerzem gen. bryg.  Stanis\u0142awem Na\u0142\u0119czem-Komornickim.<br \/>\r\n    Ryszard Legutko, sekretarz stanu w Kancelarii Prezydenta,  reprezentuj\u0105cy na uroczysto\u015bciach prezydenta Lecha Kaczy\u0144skiego,  przeczyta\u0142 jego okoliczno\u015bciowy list, kt\u00f3ry &#8211; jasno trzeba powiedzie\u0107 &#8211;  rozczarowa\u0142 ogl\u0119dno\u015bci\u0105 sformu\u0142owa\u0144 i duchem poprawno\u015bci politycznej.  Trudno zrozumie\u0107, jak pisz\u0105c do \u017co\u0142nierzy 27. Wo\u0142y\u0144skiej Dywizji  Piechoty Armii Krajowej, kt\u00f3rzy w pra\u017c\u0105cym s\u0142o\u0144cu z widocznym  wzruszeniem dzier\u017cyli sztandary swojej dywizji, g\u0142owa pa\u0144stwa mog\u0142a  sobie pozwoli\u0107 na tak\u0105 dezynwoltur\u0119. W dokumencie, kt\u00f3ry odczyta\u0142 prof.  Legutko, ani razu nie pad\u0142o s\u0142owo &#8222;ludob\u00f3jstwo&#8221; ani &#8222;nacjonali\u015bci  ukrai\u0144scy&#8221;. &#8222;W chwilach, gdy wspominamy zdarzenia tak nieludzkie i  bolesne, nie\u0142atwo wzbudzi\u0107 w sobie gotowo\u015b\u0107 przebaczenia i wol\u0119  pojednania. Jednak trwa\u0142y pok\u00f3j mo\u017ce zosta\u0107 zbudowany wy\u0142\u0105cznie w  oparciu o historyczn\u0105 prawd\u0119 i cze\u015b\u0107 dla ofiar pope\u0142nionych w  przesz\u0142o\u015bci zbrodni oraz gotowo\u015b\u0107 do wybaczenia ich sprawcom&#8221; &#8211; cytowa\u0142  Legutko s\u0142owa prezydenta. S\u0142owa te drastycznie kontrastowa\u0142y z  wypowiedziami \u017co\u0142nierzy.<\/p>\r\n  <p>&#8211; Mija 65 lat od daty ataku zorganizowanego przez liczne kurenie  OUN-UPA na p\u00f3\u0142nocno-zachodnie powiaty Wo\u0142ynia. 11 lipca 1943 roku armia  OUN-UPA zmobilizowa\u0142a ludno\u015b\u0107 ukrai\u0144sk\u0105, kt\u00f3ra id\u0105c za konnymi wozami,  pod\u0105\u017ca\u0142a za wojskiem ukrai\u0144skim. Tak zorganizowana machina bandycka  porusza\u0142a si\u0119 od po\u0142udnia na p\u00f3\u0142noc, pal\u0105c i niszcz\u0105c po drodze  napotkane wsie i ko\u015bcio\u0142y &#8211; m\u00f3wi\u0142 prof. Edmund Bakuniak, prezes okr\u0119gu  wo\u0142y\u0144skiego &#346;wiatowego Zwi\u0105zku \u017bo\u0142nierzy Armii Krajowej. Pu\u0142kownik  Czes\u0142aw Cywi\u0144ski, prezes &#346;wiatowego Zwi\u0105zku \u017bo\u0142nierzy AK, witaj\u0105c na  uroczysto\u015bci zgromadzonych weteran\u00f3w walk z Ukrai\u0144cami na Wo\u0142yniu,  podkre\u015bli\u0142, jak trudne zadanie mia\u0142a utworzona do obrony ludno\u015bci  polskiej na Kresach 27. Wo\u0142y\u0144ska Dywizja Piechoty AK, kt\u00f3ra musia\u0142a si\u0119  zmierzy\u0107 z trzema wrogami: Niemcami, Rosjanami oraz oddzia\u0142ami  ukrai\u0144skich nacjonalist\u00f3w.<\/p>\r\n  <p>Kresowianie z rozczarowaniem przyj\u0119li te\u017c informacj\u0119 o tym, \u017ce Sejm  nie przyj\u0105\u0142 okoliczno\u015bciowej uchwa\u0142y w sprawie ludob\u00f3jstwa na Kresach.  Nie pozwoli\u0142 na to Bronis\u0142aw Komorowski, marsza\u0142ek Sejmu, twierdz\u0105c, \u017ce  mo\u017ce ona negatywnie odbi\u0107 si\u0119 na stosunkach polsko-ukrai\u0144skich. Ale te\u017c  \u017caden z klub\u00f3w parlamentarnych, nawet Prawo i Sprawiedliwo\u015b\u0107 nie  walczy\u0142o szczeg\u00f3lnie w Sejmie o taki dokument, zaj\u0119te &#8222;wojn\u0105&#8221; o  Zbigniewa Ziobr\u0119. &#8211; Stanowisko pana marsza\u0142ka nie jest czym\u015b nowym, bo  w 2003 r. r\u00f3wnie\u017c by\u0142 przeciwny uchwale, kt\u00f3ra zosta\u0142a wprawdzie  przeprowadzona w Sejmie, ale nie by\u0142a satysfakcjonuj\u0105ca dla  Kresowiak\u00f3w, poniewa\u017c nie ujmowa\u0142a prawdy historycznej. A jej unikanie  oznacza, \u017ce nie oddaje si\u0119 czci pomordowanym. Natomiast twierdzenie, \u017ce  uchwa\u0142a Sejmu popsu\u0142aby stosunki polsko-ukrai\u0144skie, jest &#8211; mo\u017cna by  powiedzie\u0107 &#8211; tch\u00f3rzliwe. Nie mo\u017cemy bowiem by\u0107 terroryzowani przez  stron\u0119 ukrai\u0144sk\u0105 &#8211; powiedzia\u0142a nam Ewa Siemaszko, autorka  monumentalnych prac na temat ludob\u00f3jstwa pope\u0142nionego przez Ukrai\u0144c\u00f3w  na Polakach.<\/p>\r\n  <p>&#8211; Nie ma w li\u015bcie prezydenta Lecha Kaczy\u0144skiego s\u0142owa o ludob\u00f3jstwie  &#8211; zamiast tego jest tylko &#8222;tragedia&#8221;. Nie ma r\u00f3wnie\u017c okre\u015blenia  sprawc\u00f3w, s\u0105 tylko ofiary. Nie wiadomo, dlaczego by\u0142y takie ofiary.  Poza tym prezydent odni\u00f3s\u0142 si\u0119 tylko do Wo\u0142ynia, pomijaj\u0105c Ma\u0142opolsk\u0119.  S\u0142owo &#8222;ludob\u00f3jstwo&#8221; nie mo\u017ce przej\u015b\u0107 w\u0142adzy przez gard\u0142o. Je\u015bli by si\u0119  zamieni\u0142o s\u0142owo &#8222;Wo\u0142y\u0144&#8221; na co\u015b innego, to to przem\u00f3wienie r\u00f3wnie\u017c mog\u0142o  by\u0107 wyg\u0142oszone na inn\u0105 okoliczno\u015b\u0107 &#8211; m\u00f3wi Ewa Siemaszko.<\/p>\r\n  <p>Znamienny by\u0142 te\u017c udzia\u0142 przedstawiciela rz\u0105du ukrai\u0144skiego w  obchodach. Wprawdzie ambasador Ukrainy Olexander Motsyk przyby\u0142 na  uroczysto\u015bci, ale nie z\u0142o\u017cy\u0142 wie\u0144ca u st\u00f3p pomnika \u017co\u0142nierzy AK oraz  ofiar rzezi wo\u0142y\u0144skiej.<\/p>\r\n  <p>Uroczysto\u015bci na skwerze Wo\u0142y\u0144skim zako\u0144czy\u0142 apel poleg\u0142ych, po  kt\u00f3rym z\u0142o\u017cono wie\u0144ce pod pomnikiem 27. Wo\u0142y\u0144skiej Dywizji Piechoty AK.<br \/>\r\n    &ndash; Nie da si\u0119 zbudowa\u0107 pojednania z Ukrain\u0105 na k\u0142amstwie, a milczenie w  sprawie rzezi Polak\u00f3w na Wo\u0142yniu jest r\u00f3wnoznaczne z k\u0142amstwem &ndash;  powidzia\u0142 w rozmowie z &bdquo;Rzeczpospolit\u0105&rdquo;&nbsp; Jan Piliszuk, jeden z  wo\u0142yniak\u00f3w przyby\u0142ych na konferencj\u0119 naukow\u0105 po\u015bwi\u0119con\u0105 wydarzeniom  sprzed 65 lat zorganizowan\u0105 w Galerii Porczy\u0144skich. <br \/>\r\n    Konferencja zosta\u0142a sfinansowana przez Kancelari\u0119 Prezydenta, ale jej  oficjalnym organizatorem by\u0142 &#346;wiatowy Zwi\u0105zek \u017bo\u0142nierzy Armii Krajowej  we wsp\u00f3\u0142pracy z Instytutem Pami\u0119ci Narodowej.<\/p>\r\n  <p>Kancelaria Prezydenta by\u0142a wprawdzie reprezentowana przez dw\u00f3ch  przedstawicieli, ale kombatanci byli zawiedzeni nieobecno\u015bci\u0105 Lecha  Kaczy\u0144skiego. &ndash; Prezydent przyj\u0105\u0142 patronat nad Festiwalem Kultury  Ukrai\u0144skiej i my nie mamy nic przeciwko temu. Jednak to, \u017ce nie obj\u0105\u0142  swoim patronatem obchod\u00f3w rzezi Wo\u0142ynia, jest niewybaczalne &ndash; m\u00f3wi  Piliszuk.<\/p>\r\n  <p>Nieobecno\u015b\u0107 g\u0142owy pa\u0144stwa krytykowa\u0142 r\u00f3wnie\u017c ksi\u0105dz Tadeusz  Isakowicz-Zaleski. Duchownemu nie podoba\u0142o si\u0119 te\u017c zaniechanie przez  Sejm przyj\u0119cia uchwa\u0142y w sprawie rocznicy. &ndash; Ten Sejm okaza\u0142 si\u0119 Sejmem  milcz\u0105cym &ndash; m\u00f3wi\u0142 kap\u0142an, krytykuj\u0105c w szczeg\u00f3lno\u015bci postaw\u0119 marsza\u0142ka  Bronis\u0142awa Komorowskiego. Ks. Isakowicz-Zaleski chwali\u0142 postaw\u0119 PSL,  kt\u00f3rego pos\u0142owie chcieli przeforsowa\u0107 uchwa\u0142\u0119, w \u0142agodnej zreszt\u0105  formie, bez s\u0142owa &bdquo;ludob\u00f3jstwo&ldquo;. &ndash; Projekt, delikatnie m\u00f3wi\u0105c, spotka\u0142  si\u0119 z niech\u0119ci\u0105 marsza\u0142ka Komorowskiego &ndash; m\u00f3wi\u0142 na konferencji prasowej  wicemarsza\u0142ek Sejmu Jaros\u0142aw Kalinowski z PSL. Oceni\u0142, \u017ce nieprzyj\u0119cie  uchwa\u0142y oznacza, \u017ce parlament przy\u0142\u0105czy\u0142 si\u0119 do fa\u0142szowania historii. &ndash;  Uchwa\u0142a nie by\u0142a wymierzona przeciw zaprzyja\u017anionemu pa\u0144stwu  ukrai\u0144skiemu &ndash; podkre\u015bla\u0142 pose\u0142 PSL Franciszek Stefaniuk.<br \/>\r\n    W \u015brod\u0119 marsza\u0142ek Komorowski t\u0142umaczy\u0142, \u017ce nie ma potrzeby przyjmowania  uchwa\u0142y, bo Sejm ju\u017c pi\u0119\u0107 lat temu zaj\u0105\u0142 stanowisko w sprawie mord\u00f3w na  Wo\u0142yniu. &ndash; Ostre debatowanie nad uchwa\u0142\u0105 mo\u017ce si\u0119 negatywnie odbi\u0107 na  stosunkach polsko-ukrai\u0144skich &ndash; twierdzi\u0142.&nbsp;<\/p>\r\n  <p>Pr\u00f3cz konferencji naukowej odby\u0142y si\u0119 wczoraj r\u00f3wnie\u017c uroczysto\u015bci  maj\u0105ce upami\u0119tni\u0107 ofiary rzezi. Msze w intencji pomordowanych oraz  pojednania z Ukrai\u0144cami odprawiono w warszawskich katedrach &ndash; Polowej  oraz \u015bw. Jana. W Centralnej Bibliotece Rolniczej odby\u0142a si\u0119 akademia ku  czci ofiar.<\/p>\r\n  <p>Rocznica rzezi Wo\u0142ynia jest obchodzona 11 lipca na pami\u0105tk\u0119  najwi\u0119kszego jednorazowego aktu ludob\u00f3jstwa na Wo\u0142yniu w 1943 r. UPA i  OUN w sumie w latach 1942 &ndash; 1944 wymordowa\u0142y ponad 60 tys. Polak\u00f3w na  terenach dzisiejszej zachodniej Ukrainy. Pierwszego masowego mordu  dokonano 13 listopada 1942 r. w Ob\u00f3rkach w powiecie \u0142uckim. Akcje  odwetowe przeprowadza\u0142a AK.&nbsp;<\/p>\r\n  <p>Na podstawie: &bdquo;Nasz Dziennik&rdquo; i &bdquo;Rzeczpospolita&rdquo;<\/p>\r\n\r\n<p>Za: Infopatria.pl <\/p>\r\n\r\n","protected":false},"excerpt":{"rendered":"Uczestnicy warszawskich obchod\u00f3w 65. rocznicy ludob\u00f3jstwa dokonanego przez szowinist\u00f3w ukrai\u0144skich na polskich Kresach Wschodnich prze\u017cyli wczoraj prawdziwy szok. &#8222;Serdecznie pozdrawiam wszystkich Polak\u00f3w zgromadzonych na uroczysto\u015bci ku czci ofiar tragedii polskiego Wo\u0142ynia i Kres\u00f3w Po\u0142udniowo-Wschodnich z lat 1943-1944&#8221; &#8211; to fragment z listu do weteran\u00f3w 27. Wo\u0142y\u0144skiej Dywizji Piechoty AK, jaki odczyta\u0142 w imieniu prezydenta Lecha [&hellip;]","protected":false},"author":1,"featured_media":0,"comment_status":"closed","ping_status":"open","sticky":false,"template":"","format":"standard","meta":{"_acf_changed":false,"_monsterinsights_skip_tracking":false,"_monsterinsights_sitenote_active":false,"_monsterinsights_sitenote_note":"","_monsterinsights_sitenote_category":0,"ngg_post_thumbnail":0,"footnotes":"","_wp_rev_ctl_limit":""},"categories":[8],"tags":[],"acf":[],"_links":{"self":[{"href":"https:\/\/www.bibula.com\/index.php?rest_route=\/wp\/v2\/posts\/2237"}],"collection":[{"href":"https:\/\/www.bibula.com\/index.php?rest_route=\/wp\/v2\/posts"}],"about":[{"href":"https:\/\/www.bibula.com\/index.php?rest_route=\/wp\/v2\/types\/post"}],"author":[{"embeddable":true,"href":"https:\/\/www.bibula.com\/index.php?rest_route=\/wp\/v2\/users\/1"}],"replies":[{"embeddable":true,"href":"https:\/\/www.bibula.com\/index.php?rest_route=%2Fwp%2Fv2%2Fcomments&post=2237"}],"version-history":[{"count":0,"href":"https:\/\/www.bibula.com\/index.php?rest_route=\/wp\/v2\/posts\/2237\/revisions"}],"wp:attachment":[{"href":"https:\/\/www.bibula.com\/index.php?rest_route=%2Fwp%2Fv2%2Fmedia&parent=2237"}],"wp:term":[{"taxonomy":"category","embeddable":true,"href":"https:\/\/www.bibula.com\/index.php?rest_route=%2Fwp%2Fv2%2Fcategories&post=2237"},{"taxonomy":"post_tag","embeddable":true,"href":"https:\/\/www.bibula.com\/index.php?rest_route=%2Fwp%2Fv2%2Ftags&post=2237"}],"curies":[{"name":"wp","href":"https:\/\/api.w.org\/{rel}","templated":true}]}}