{"id":2234,"date":"2008-07-12T11:10:32","date_gmt":"2008-07-12T11:10:32","guid":{"rendered":""},"modified":"-0001-11-30T00:00:00","modified_gmt":"-0001-11-30T04:00:00","slug":"","status":"publish","type":"post","link":"https:\/\/www.bibula.com\/?p=2234","title":{"rendered":"Szef instytutu Yad Vashem sowieckim bandyt\u0105"},"content":{"rendered":"<p>Icchak Arad, jeden z  najwi\u0119kszych autorytet\u00f3w moralnych Izraela, przez ponad p\u00f3\u0142 wieku  ukrywa\u0142 mroczn\u0105 tajemnic\u0119. Przez 21 lat kierowa\u0142 instytutem Yad Vashem,  wcze\u015bniej przez \u0107wier\u0107 wieku s\u0142u\u017cy\u0142 w izraelskiej armii, kt\u00f3r\u0105 opu\u015bci\u0142  w randze genera\u0142a. Na Bliski Wsch\u00f3d przyby\u0142 w nimbie bohatera. Od 1943  r. walczy\u0142 bowiem w partyzanckim oddziale na Wile\u0144szczy\u017anie.<\/p>\r\n<table valign=\"top\" align=\"left\" border=\"0\" cellpadding=\"5\" cellspacing=\"0\" width=\"161\">\r\n      <tbody>\r\n        <tr>\r\n          <td><img decoding=\"async\" src=\"http:\/\/www.nacjonalista.org\/images\/newsy\/15206435744878a4fdaa35c.jpg\" border=\"1\" hspace=\"0\" vspace=\"0\" \/><br \/><\/td>\r\n        <\/tr>\r\n      <\/tbody>\r\n<\/table>\r\n      <p>Nic  wi\u0119c dziwnego, \u017ce gdy do Ministerstwa Sprawiedliwo\u015bci w Jerozolimie  wp\u0142yn\u0119\u0142o pismo litewskiej prokuratury, kt\u00f3ra podejrzewa go o udzia\u0142 w  ludob\u00f3jstwie, w Izraelu zawrza\u0142o. Pro\u015bb\u0119 o przes\u0142uchanie Arada  odrzucono, a izraelskie w\u0142adze uzna\u0142y \u015bledztwo za &bdquo;skandaliczne&rdquo;.\r\n      <p>&bdquo;Rz&rdquo;  jako pierwsza dotar\u0142a do akt sprawy. Wynika z nich, \u017ce Arad &ndash; u\u017cywaj\u0105cy  w\u00f3wczas nazwiska Rudnicki &ndash; jako cz\u0142onek sowieckiego oddzia\u0142u  &bdquo;Vilinius&rdquo; bra\u0142 udzia\u0142 w rabowaniu cywil\u00f3w. By\u0142 te\u017c zamieszany w kilka  zab\u00f3jstw. Ofiar\u0105 jednego z nich mia\u0142 pa\u015b\u0107 oficer AK. Po zaj\u0119ciu  Wile\u0144szczyzny przez Armi\u0119 Czerwon\u0105 trafi\u0142 za\u015b do NKWD.<\/p>\r\n      <p>Bra\u0142  udzia\u0142 w ob\u0142awach i aresztowaniach cz\u0142onk\u00f3w litewskiego podziemia  niepodleg\u0142o\u015bciowego. Dwaj aresztowani przez niego m\u0119\u017cczy\u017ani zostali  skazani przez sowieckie trybuna\u0142y wojskowe na zes\u0142anie do \u0142agr\u00f3w, gdzie  jeden z nich zmar\u0142. Z szereg\u00f3w sowieckiej policji politycznej Arad mia\u0142  zosta\u0107 usuni\u0119ty w kompromituj\u0105cych okoliczno\u015bciach.<\/p>\r\n      <p>By\u0142y szef Yad Vashem w rozmowie z &bdquo;Rz&rdquo; zaprzecza wszystkim stawianym mu zarzutom. <\/p>\r\n      <p>&ndash;  Nigdy nikogo nie zamordowa\u0142em. Nigdy nie by\u0142em cz\u0142onkiem NKWD. Nasz  oddzia\u0142 by\u0142 tylko wykorzystywany przez t\u0119 organizacj\u0119 do zwalczania  nazistowskich kolaborant\u00f3w. Mia\u0142em w\u00f3wczas 18 lat i by\u0142em zwyk\u0142ym  \u017co\u0142nierzem &ndash; m\u00f3wi.<\/p>\r\n      <p>Inni uczestnicy wydarze\u0144 przypominaj\u0105 o  kontek\u015bcie tragicznych wybor\u00f3w, jakich musia\u0142 dokonywa\u0107 nastoletni  Icchak Rudnicki, kt\u00f3rego ca\u0142a rodzina zgin\u0119\u0142a w pogromach, egzekucjach  i komorach gazowych. &ndash; Dla uciekiniera z getta przystanie do  sowieckiego oddzia\u0142u by\u0142o jedynym sposobem na przetrwanie &ndash; powiedzia\u0142  &bdquo;Rz&rdquo; inny by\u0142y \u017cydowski partyzant Dow Lewin.<\/p>\r\n      <p>Wed\u0142ug Arada  dzia\u0142ania prokuratury w Wilnie s\u0105 zemst\u0105 za jego ksi\u0105\u017cki na temat  litewskiego wsp\u00f3\u0142udzia\u0142u w Holokau\u015bcie. &ndash; Ci ludzie relatywizuj\u0105  histori\u0119. Kaci maj\u0105 si\u0119 sta\u0107 ofiarami, a ofiary katami &ndash; m\u00f3wi Arad. <\/p>\r\n      <p>Prokurator  Rimvydas Valentukeviczius zdecydowanie zaprzecza jednak, \u017ce kieruj\u0105 nim  jakiekolwiek uprzedzenia. &ndash; Zupe\u0142nie mnie nie obchodzi, czy ten pan  nazywa si\u0119 Arad, Kowalski, Iwanow czy Baranauskas. Chodzi o prawd\u0119 &ndash;  m\u00f3wi &bdquo;Rz&rdquo;.<\/p>\r\n<p>&nbsp;<\/p>\r\n      <p>Za: Rzeczpospolita | Piotr Zychowicz 12-07-2008, ostatnia aktualizacja 12-07-2008 15:01<BR>\r\n  &#8222;Icchak Arad: od NKWD do Yad Vashem&#8221;<\/p>\r\n      <p>&nbsp;<\/p>\r\n      <p>&nbsp;<\/p>\r\n      <p>KOMENTARZ zamieszczony na portalu Nacjonalist.pl:<\/p>\r\n      <table cellspacing=\"0\" cellpadding=\"0\">\r\n        <tr>\r\n          <td><a class=\"content_sz\" href =\"http:\/\/www.nacjonalista.org\/wiadomosci.php?id=4871#1\"><img decoding=\"async\" src=\"http:\/\/www.nacjonalista.org\/images\/kom_kom.gif\" absmiddle=\"\" align=\"\" border=\"0\" \/><\/a>&nbsp;&nbsp;<a class=\"content_sz\" href =\"http:\/\/www.nacjonalista.org\/wiadomosci.php?id=4871\" target=\"_blank\">15:34&nbsp;12.07.2008 <em>(0 dni)<\/em> &nbsp;|&nbsp;~meey | <\/a><\/td>\r\n          <td align=\"right\">&nbsp;<\/td>\r\n        <\/tr>\r\n        <tr>\r\n          <td colspan=\"2\"><table align=\"center\" background=\"images\/liniajasna.gif\" border=\"0\" cellpadding=\"0\" cellspacing=\"0\" height=\"2\" width=\"100%\">\r\n            <tbody>\r\n              <tr>\r\n                <td><\/td>\r\n              <\/tr>\r\n            <\/tbody>\r\n          <\/table>\r\n            &#8221; Ci ludzie relatywizuj\u0105 histori\u0119. Kaci maj\u0105 si\u0119 sta\u0107 ofiarami, a ofiary katami &ndash; m\u00f3wi Arad.&#8221;<br \/>\r\n            Dok\u0142adnie, establishment z kraju tego pana relatywizuje histori\u0119!  Przecie\u017c oprawcy Polak\u00f3w (pracownicy UB, wcze\u015bniej cz\u0142onkowie NKWD czy  partii zdrady KPP) kt\u00f3rzy wyjechali w latach 56 i 68 na zachodzie stali  si\u0119 nagle &#8222;ofiarami polskiego antysemityzmu&#8221;, wyk\u0142adowcami na  uniwersytetach w USA etc. Wp\u0142ywali na zachodni\u0105 opini\u0119 publiczn\u0105, co  skutkuje m.in. tym, \u017ce nie mo\u017cna do dzi\u015b sprowadzi\u0107 do os\u0105dzenia takich  zbrodniarzy jak Woli\u0144ska czy Stefan Michnik, bo zagraniczne dzienniki  pomstuj\u0105 na nasz &#8222;antysemityzm&#8221;.<br \/>\r\n            <br \/>\r\n            &#8222;Dla uciekiniera z getta przystanie do sowieckiego oddzia\u0142u by\u0142o jedynym sposobem na przetrwanie&#8221;<br \/>\r\n            R\u00f3wnie\u017c bzdura, w AK byli tak\u017ce \u017bydzi, jako\u015b mogli gdy chcieli.  Widocznie \u015bwiatopogl\u0105d tego pana nie pozwala\u0142 mu na walk\u0119 o woln\u0105  Polsk\u0119, wola\u0142 us\u0142ugiwa\u0107 sowietom (kt\u00f3rych re\u017cim od pocz\u0105tku by\u0142  budowany przez jego wsp\u00f3\u0142ziomk\u00f3w)<br \/>\r\n            <br \/>\r\n            A co do sedna artyku\u0142u &#8211; nie przypomina Wam to t\u0142umaczenia si\u0119 w\u0142a\u015bnie  Woli\u0144skiej, Michnika etc., kt\u00f3rzy na wszelakie oskar\u017cenia odparowuj\u0105:  &#8222;antysemityzm!&#8221;?<\/div><\/td>\r\n        <\/tr>\r\n      <\/table>\r\n      <p>&nbsp; <\/p>\r\n\r\n","protected":false},"excerpt":{"rendered":"Icchak Arad, jeden z najwi\u0119kszych autorytet\u00f3w moralnych Izraela, przez ponad p\u00f3\u0142 wieku ukrywa\u0142 mroczn\u0105 tajemnic\u0119. Przez 21 lat kierowa\u0142 instytutem Yad Vashem, wcze\u015bniej przez \u0107wier\u0107 wieku s\u0142u\u017cy\u0142 w izraelskiej armii, kt\u00f3r\u0105 opu\u015bci\u0142 w randze genera\u0142a. Na Bliski Wsch\u00f3d przyby\u0142 w nimbie bohatera. Od 1943 r. walczy\u0142 bowiem w partyzanckim oddziale na Wile\u0144szczy\u017anie. Nic wi\u0119c dziwnego, [&hellip;]","protected":false},"author":1,"featured_media":0,"comment_status":"closed","ping_status":"open","sticky":false,"template":"","format":"standard","meta":{"_acf_changed":false,"_monsterinsights_skip_tracking":false,"_monsterinsights_sitenote_active":false,"_monsterinsights_sitenote_note":"","_monsterinsights_sitenote_category":0,"ngg_post_thumbnail":0,"footnotes":"","_wp_rev_ctl_limit":""},"categories":[6],"tags":[],"acf":[],"_links":{"self":[{"href":"https:\/\/www.bibula.com\/index.php?rest_route=\/wp\/v2\/posts\/2234"}],"collection":[{"href":"https:\/\/www.bibula.com\/index.php?rest_route=\/wp\/v2\/posts"}],"about":[{"href":"https:\/\/www.bibula.com\/index.php?rest_route=\/wp\/v2\/types\/post"}],"author":[{"embeddable":true,"href":"https:\/\/www.bibula.com\/index.php?rest_route=\/wp\/v2\/users\/1"}],"replies":[{"embeddable":true,"href":"https:\/\/www.bibula.com\/index.php?rest_route=%2Fwp%2Fv2%2Fcomments&post=2234"}],"version-history":[{"count":0,"href":"https:\/\/www.bibula.com\/index.php?rest_route=\/wp\/v2\/posts\/2234\/revisions"}],"wp:attachment":[{"href":"https:\/\/www.bibula.com\/index.php?rest_route=%2Fwp%2Fv2%2Fmedia&parent=2234"}],"wp:term":[{"taxonomy":"category","embeddable":true,"href":"https:\/\/www.bibula.com\/index.php?rest_route=%2Fwp%2Fv2%2Fcategories&post=2234"},{"taxonomy":"post_tag","embeddable":true,"href":"https:\/\/www.bibula.com\/index.php?rest_route=%2Fwp%2Fv2%2Ftags&post=2234"}],"curies":[{"name":"wp","href":"https:\/\/api.w.org\/{rel}","templated":true}]}}