{"id":2233,"date":"2008-07-12T11:07:50","date_gmt":"2008-07-12T11:07:50","guid":{"rendered":""},"modified":"-0001-11-30T00:00:00","modified_gmt":"-0001-11-30T04:00:00","slug":"","status":"publish","type":"post","link":"https:\/\/www.bibula.com\/?p=2233","title":{"rendered":"Niemieccy biskupi kontra papie\u017c"},"content":{"rendered":"<p>Apelujemy do niemieckich biskup\u00f3w, aby  porzucili sw\u00f3j sprzeciw wobec obowi\u0105zuj\u0105cego prawa ko\u015bcielnego i woli  papie\u017ca &ndash; napisa\u0142y dwie tradycjonalistyczne organizacje.<\/p>\r\n<p> &nbsp;&nbsp;&nbsp;&nbsp; Odezwa zosta\u0142a opublikowana na \u0142amach Frankfurter Allgemeine Zeitung.  Jej sygnatariuszami s\u0105: &#8222;Zjednoczenie K\u00f3\u0142 Inicjatywnych Katolickiego  Laikatu i Kap\u0142an\u00f3w w krajach niemieckoj\u0119zycznych&#8221; oraz stowarzyszenie  &#8222;Pro Sancta Ecclesia &ndash; Inicjatywa katolickiego Laikatu i Kap\u0142an\u00f3w.&#8221; <br \/>\r\n  &nbsp;&nbsp;&nbsp;&nbsp; <br \/>\r\n\r\n  &nbsp;&nbsp;&nbsp;&nbsp;Tekst o\u015bwiadczenia przypomina, i\u017c rok temu papie\u017c Benedykt XVI uwolni\u0142 w motu proprio &bdquo;<a class=\"content_sz\" href =\"http:\/\/www.fidelitas.pl\/dokumenty\/SummorumPontificum.pdf\">Summorum Pontificum <\/a>&rdquo;  liturgi\u0119 tradycyjn\u0105, jednak od tego czasu wi\u0119kszo\u015b\u0107 niemieckich  biskup\u00f3w rzymskokatolickich przeciwstawia si\u0119 papie\u017cowi i odmawia  katolikom swobodnego dost\u0119pu do tradycyjnej mszy. <br \/>\r\n  &nbsp;&nbsp;&nbsp;&nbsp;Autorzy apelu przypominaj\u0105 o wytycznych niemieckiego  episkopatu, argumentuj\u0105c, \u017ce stanowi\u0105 one naruszenie przepis\u00f3w  uniwersalnego Ko\u015bcio\u0142a. Powo\u0142uj\u0105c si\u0119 na przepisy prawne papieskiego  motu proprio i s\u0142owa kardyna\u0142a Dario Castrill\u00f3n Hoyosa,  przewodnicz\u0105cego Papieskiej Komisji Ecclesia Dei, tradycjonalistyczni  katolicy skar\u017c\u0105 si\u0119, \u017ce biskupi ordynariusze robi\u0105 wszystko, co mog\u0105,  aby utrudni\u0107, czy wr\u0119cz uniemo\u017cliwi\u0107 katolikom uczestnictwo w mszy  \u015bwi\u0119tej w nadzwyczajnej formie. <br \/>\r\n  &nbsp;&nbsp;&nbsp;&nbsp;I tak sygnatariusze wyliczaj\u0105 ca\u0142\u0105 list\u0119 zarzut\u00f3w: zgody na  msze udziela si\u0119 zazwyczaj w dni robocze, a je\u015bli w niedziele to o  porach niewygodnych dla rodzin, szczeg\u00f3lnie tych wielodzietnych;  niekt\u00f3rym sugeruje si\u0119 nawet ucz\u0119szczanie do parafii oddalonej o  kilkadziesi\u0105t, a nawet kilkaset kilometr\u00f3w od ich zamieszkania, kap\u0142ani  informuj\u0105 o r\u00f3\u017cnych naciskach ze strony kurii biskupich, kt\u00f3re  niejednokrotnie domagaj\u0105 si\u0119 wydania list z nazwiskami i adresami os\u00f3b  prosz\u0105cych o msz\u0119 trydenck\u0105, ignoruj\u0105c tym samym po\u015bwiadczenie kap\u0142ana.  Autorzy odezwy informuj\u0105 r\u00f3wnie\u017c o udokumentowanym przypadku jednej  diecezji, kt\u00f3ra poinformowa\u0142a o ch\u0119ci sprawdzenia &#8222;silnej woli&#8221;  wnioskodawc\u00f3w o umo\u017cliwienie uczestnictwa w mszy trydenckiej w lokalnej  parafii. <br \/>\r\n  &nbsp;&nbsp;&nbsp;&nbsp;Opr\u00f3cz apelu do hierarch\u00f3w, aby zaprzestali oporu wobec woli  papie\u017ca, tradycjonali\u015bci wezwali katolik\u00f3w do dalszego zaanga\u017cowania na  rzecz starej mszy.<br \/>\r\n  <\/p>\r\n<p>Za: fidelitas.pl | Dodano: 2008-07-11 07:46:50, zaktualizowano: 2008-07-11 07:48:34.<\/p>\r\n\r\n","protected":false},"excerpt":{"rendered":"Apelujemy do niemieckich biskup\u00f3w, aby porzucili sw\u00f3j sprzeciw wobec obowi\u0105zuj\u0105cego prawa ko\u015bcielnego i woli papie\u017ca &ndash; napisa\u0142y dwie tradycjonalistyczne organizacje. &nbsp;&nbsp;&nbsp;&nbsp; Odezwa zosta\u0142a opublikowana na \u0142amach Frankfurter Allgemeine Zeitung. Jej sygnatariuszami s\u0105: &#8222;Zjednoczenie K\u00f3\u0142 Inicjatywnych Katolickiego Laikatu i Kap\u0142an\u00f3w w krajach niemieckoj\u0119zycznych&#8221; oraz stowarzyszenie &#8222;Pro Sancta Ecclesia &ndash; Inicjatywa katolickiego Laikatu i Kap\u0142an\u00f3w.&#8221; &nbsp;&nbsp;&nbsp;&nbsp; &nbsp;&nbsp;&nbsp;&nbsp;Tekst [&hellip;]","protected":false},"author":1,"featured_media":0,"comment_status":"closed","ping_status":"open","sticky":false,"template":"","format":"standard","meta":{"_acf_changed":false,"_monsterinsights_skip_tracking":false,"_monsterinsights_sitenote_active":false,"_monsterinsights_sitenote_note":"","_monsterinsights_sitenote_category":0,"ngg_post_thumbnail":0,"footnotes":"","_wp_rev_ctl_limit":""},"categories":[3],"tags":[],"acf":[],"_links":{"self":[{"href":"https:\/\/www.bibula.com\/index.php?rest_route=\/wp\/v2\/posts\/2233"}],"collection":[{"href":"https:\/\/www.bibula.com\/index.php?rest_route=\/wp\/v2\/posts"}],"about":[{"href":"https:\/\/www.bibula.com\/index.php?rest_route=\/wp\/v2\/types\/post"}],"author":[{"embeddable":true,"href":"https:\/\/www.bibula.com\/index.php?rest_route=\/wp\/v2\/users\/1"}],"replies":[{"embeddable":true,"href":"https:\/\/www.bibula.com\/index.php?rest_route=%2Fwp%2Fv2%2Fcomments&post=2233"}],"version-history":[{"count":0,"href":"https:\/\/www.bibula.com\/index.php?rest_route=\/wp\/v2\/posts\/2233\/revisions"}],"wp:attachment":[{"href":"https:\/\/www.bibula.com\/index.php?rest_route=%2Fwp%2Fv2%2Fmedia&parent=2233"}],"wp:term":[{"taxonomy":"category","embeddable":true,"href":"https:\/\/www.bibula.com\/index.php?rest_route=%2Fwp%2Fv2%2Fcategories&post=2233"},{"taxonomy":"post_tag","embeddable":true,"href":"https:\/\/www.bibula.com\/index.php?rest_route=%2Fwp%2Fv2%2Ftags&post=2233"}],"curies":[{"name":"wp","href":"https:\/\/api.w.org\/{rel}","templated":true}]}}