{"id":22154,"date":"2010-05-27T08:59:05","date_gmt":"2010-05-27T13:59:05","guid":{"rendered":"http:\/\/www.bibula.com\/?p=22154"},"modified":"2010-05-28T19:30:12","modified_gmt":"2010-05-29T00:30:12","slug":"kogo-tak-naprawde-reprezentuje-edmund-klich","status":"publish","type":"post","link":"https:\/\/www.bibula.com\/?p=22154","title":{"rendered":"Kogo tak naprawd\u0119 reprezentuje Edmund Klich?"},"content":{"rendered":"<p><strong>Edmund Klich, kiedy us\u0142ysza\u0142 o smole\u0144skiej katastrofie poczu\u0142 nag\u0142y  patriotyczny impuls, wsiad\u0142 w samoch\u00f3d i ruszy\u0142 w try miga do Warszawy,  do ministra Grabarczyka, cho\u0107 nikt go o to nie prosi\u0142.<\/strong><\/p>\r\n\r\n<p>Podczas tej podr\u00f3\u017cy jakim\u015b dziwnym telepatycznym trafem zadzwoni\u0142  w\u0142a\u015bnie do niego z Moskwy Pan Aleksiej Morozow, szef Komisji Technicznej  MAK, jakby przeczuwaj\u0105c, \u017ce on na pewno ju\u017c z samego rana opu\u015bci\u0142 bloki  startowe. Czy ju\u017c wtedy uzgodniono procedowanie w my\u015bl za\u0142\u0105cznika 13,  konwencji chicagowskiej?<\/p>\r\n\r\n<p>Dzieje si\u0119 to w demokratycznym pa\u0144stwie prawa, kiedy nikt z rz\u0105du  jeszcze z Edmundem Klichem nie rozmawia\u0142, nie m\u00f3wi\u0105c ju\u017c o delegowaniu  go, jako przedstawiciela Polski do komisji wyja\u015bniaj\u0105cej przyczyny  katastrofy. Pierwsi kontaktuj\u0105 si\u0119 z Klichem Rosjanie.<\/p>\r\n\r\n<p>Naczelny prokurator wojskowy p\u0142k Krzysztof Parulski, zarzuci\u0142  Edmundowi Klichowi <em>&#8222;utrudnianie \u015bledztwa i dzia\u0142anie na szkod\u0119  kraju\u201d.<\/em><\/p>\r\n\r\n<p>Dlaczego? Bo Edmund Klich stan\u0105\u0142 po stronie Rosjan i uniemo\u017cliwia\u0142  bezczelnie udzia\u0142 polskiego specjalisty w przes\u0142uchiwaniu rosyjskiego  meteorologa. Oto, co m\u00f3wi\u0142 na konferencji prasowej 27 maja:<\/p>\r\n\r\n<p style=\"padding-left: 30px;\"><em>&#8211; Specjalista z komisji zosta\u0142 zaproszony przez prokurator\u00f3w  polskich do wsp\u00f3\u0142pracy w czasie wys\u0142uchiwania meteorologa &#8211; Powiedzia\u0142em  panu Grochowskiemu &#8211; bo ja kierowa\u0142em wojskowymi tylko przez pana  Grochowskiego, nie samodzielnie &#8211; \u017ceby go odwo\u0142a\u0142 albo, je\u015bli chce dalej  tam pracowa\u0107, to zostaje ju\u017c w\u015br\u00f3d prokurator\u00f3w, a ja powo\u0142am z kraju  kogo\u015b innego<\/em><\/p>\r\n\r\n<p>Dalej wszystko wygl\u0105da\u0142o tak, jakby Rosjanie za wszelk\u0105 cen\u0119 chcieli  Klicha postawi\u0107 na czele polskiej komisji.<\/p>\r\n\r\n<p>Obecne tourne Klicha po wszystkich polskich mediach i obarczanie  odpowiedzialno\u015bci\u0105 za tragedi\u0119 za\u0142ogi i genera\u0142a B\u0142asika, to wielki  skandal. Kilka razy dziennie Edmund Klich stopniuje napi\u0119cie i wrzuca  kolejne sensacyjne informacje pochodz\u0105ce pono\u0107 z zapisu \u201eczarnych  skrzynek\u201d. Informacje te dziwnie koresponduj\u0105 z doniesieniami rosyjskiej  prasy i ocenami tamtejszych specjalist\u00f3w.<\/p>\r\n\r\n<p>Prosz\u0119 teraz skonfrontowa\u0107 obecne dzia\u0142ania Klicha z jego wypowiedzi\u0105  na oficjalnej konferencji prasowej z 27 maja.<\/p>\r\n\r\n<p style=\"padding-left: 30px;\"><strong><em>\u201eProblem jest taki, \u017ce tego zapisu rozm\u00f3w w kabinie  generalnie si\u0119 nie udost\u0119pnia. W spo\u0142ecze\u0144stwie jest takie mniemanie;  pilot, pogoda, technika.. prawda.<\/em><\/strong><\/p>\r\n\r\n<p style=\"padding-left: 30px;\"><strong><em>Nie b\u0119dzie si\u0119 wtedy szuka\u0107 tych b\u0142\u0119d\u00f3w systemowych tylko  si\u0119 powie, aha, no, piloci tam co\u015b, mo\u017ce tak. Wybierze si\u0119 tylko cz\u0119\u015b\u0107  tego i b\u0119dzie to s\u0142u\u017cy\u0107 manipulacji, a nie ujawnieniu przyczyn.  Generalnie wiemy, co si\u0119 sta\u0142o. Trzeba odpowiedzie\u0107, dlaczego si\u0119 sta\u0142o,  a to s\u0105 analizy, to s\u0105 obliczenia, tu nie\u2026tu nie mo\u017cna i\u015b\u0107 na skr\u00f3ty.  Prosz\u0119 pa\u0144stwa gdybym ja si\u0119 zgodzi\u0142 na to i komisja rosyjska to  przyj\u0119\u0142a, to przecie\u017c by nas ods\u0105dzono od czci i wiary, bo ten raport to  b\u0119dzie kilkadziesi\u0105t stron\u2026mo\u017ce nawet wi\u0119cej jak sto i ka\u017cde zdanie  b\u0119dzie analizowane przez specjalist\u00f3w my\u015bl\u0119 na \u015bwiecie, bo takiego  wypadku, o ile pami\u0119tam nie by\u0142o na \u015bwiecie w lotnictwie\u2026 ani cywilnym,  ani wojskowym, o takich skutkach.<\/em><\/strong><\/p>\r\n\r\n<p style=\"padding-left: 30px;\"><strong><em>Wi\u0119c tu na pewno nie mo\u017cna i\u015b\u0107 na skr\u00f3ty. I teraz, co si\u0119  wydarzy\u0142o, dlaczego si\u0119 wydarzy\u0142o i trzecie pytanie, co zrobi\u0107, aby si\u0119  nie wydarzy\u0142o w przysz\u0142o\u015bci? Ale to ka\u017cdy obszar, to jest\u2026 Ja my\u015bl\u0119, \u017ce  po roku na pewno b\u0119dzie raport, bo musi by\u0107 raport, tak zwany po\u015bredni,  je\u015bli nie b\u0119dzie zako\u0144czone, ale to jest w tych kategoriach  czasowych\u2026trzeba bra\u0107 pod uwag\u0119 proces badawczy\u2026\u201d<\/em><\/strong><\/p>\r\n\r\n<p>Jak\u0105 gr\u0119 i na czyje polecenie prowadzi Edmund Klich?<\/p>\r\n\r\n<p><strong><em>Miros\u0142aw  Kokoszkiewicz<\/em><\/strong><\/p>","protected":false},"excerpt":{"rendered":"Edmund Klich, kiedy us\u0142ysza\u0142 o smole\u0144skiej katastrofie poczu\u0142 nag\u0142y patriotyczny impuls, wsiad\u0142 w samoch\u00f3d i ruszy\u0142 w try miga do Warszawy, do ministra Grabarczyka, cho\u0107 nikt go o to nie prosi\u0142. Podczas tej podr\u00f3\u017cy jakim\u015b dziwnym telepatycznym trafem zadzwoni\u0142 w\u0142a\u015bnie do niego z Moskwy Pan Aleksiej Morozow, szef Komisji Technicznej MAK, jakby przeczuwaj\u0105c, \u017ce on [&hellip;]","protected":false},"author":1,"featured_media":0,"comment_status":"closed","ping_status":"closed","sticky":false,"template":"","format":"standard","meta":{"_acf_changed":false,"_monsterinsights_skip_tracking":false,"_monsterinsights_sitenote_active":false,"_monsterinsights_sitenote_note":"","_monsterinsights_sitenote_category":0,"ngg_post_thumbnail":0,"footnotes":"","_wp_rev_ctl_limit":""},"categories":[139],"tags":[137],"acf":[],"_links":{"self":[{"href":"https:\/\/www.bibula.com\/index.php?rest_route=\/wp\/v2\/posts\/22154"}],"collection":[{"href":"https:\/\/www.bibula.com\/index.php?rest_route=\/wp\/v2\/posts"}],"about":[{"href":"https:\/\/www.bibula.com\/index.php?rest_route=\/wp\/v2\/types\/post"}],"author":[{"embeddable":true,"href":"https:\/\/www.bibula.com\/index.php?rest_route=\/wp\/v2\/users\/1"}],"replies":[{"embeddable":true,"href":"https:\/\/www.bibula.com\/index.php?rest_route=%2Fwp%2Fv2%2Fcomments&post=22154"}],"version-history":[{"count":0,"href":"https:\/\/www.bibula.com\/index.php?rest_route=\/wp\/v2\/posts\/22154\/revisions"}],"wp:attachment":[{"href":"https:\/\/www.bibula.com\/index.php?rest_route=%2Fwp%2Fv2%2Fmedia&parent=22154"}],"wp:term":[{"taxonomy":"category","embeddable":true,"href":"https:\/\/www.bibula.com\/index.php?rest_route=%2Fwp%2Fv2%2Fcategories&post=22154"},{"taxonomy":"post_tag","embeddable":true,"href":"https:\/\/www.bibula.com\/index.php?rest_route=%2Fwp%2Fv2%2Ftags&post=22154"}],"curies":[{"name":"wp","href":"https:\/\/api.w.org\/{rel}","templated":true}]}}