{"id":2199,"date":"2008-07-02T16:17:56","date_gmt":"2008-07-02T16:17:56","guid":{"rendered":""},"modified":"2023-01-29T16:14:30","modified_gmt":"2023-01-29T21:14:30","slug":"tygodnik-powszechny-alarmuje-ksieza-wypna-sie-do-wiernych-plecami","status":"publish","type":"post","link":"https:\/\/www.bibula.com\/?p=2199","title":{"rendered":"Tygodnik Powszechny alarmuje: Ksi\u0119\u017ca wypn\u0105 si\u0119 do wiernych plecami!"},"content":{"rendered":"<p>Gdy poruszany bywa w publicznej dyskusji temat tradycyjnej liturgii Ko\u015bcio\u0142a, niemal za ka\u017cdym razem mo\u017cna wyczu\u0107 swoist\u0105 blokad\u0119 intelektualn\u0105, kt\u00f3ra dotyka wszystkich popularnych &#8222;watykanist\u00f3w&#8221;, s\u0142u\u017c\u0105cych swoim g\u0142osem rozs\u0105dku we wszelkiego rodzaju mediach. Przyk\u0142ad takiej blokady mieli\u015bmy nie-przyjemno\u015b\u0107 spotka\u0107 np. w artykule J\u00f3zefa Majewskiego, zamieszczonym w Tygodniku Powszechnym, pt. &#8222;<a class=\"content_sz\" href=\"http:\/\/tygodnik.onet.pl\/32,0,8838,3,artykul.html\">Piotrowa \u0142\u00f3d\u017a zmienia kierunek<\/a>&#8222;, kt\u00f3ry pisa\u0142: &#8222;Determinacja Benedykta XVI, by uwolni\u0107 liturgi\u0119 trydenck\u0105, doprowadzi\u0142a go do nieznanej wcze\u015bniej formy papieskiej ingerencji w histori\u0119 liturgii.&#8221; W podobne tony uderza Tygodnik r\u00f3wnie\u017c w swoim ostatnim numerze. &#8222;Papieska rewolucja &#8211; <a class=\"content_sz\" href=\"http:\/\/wiadomosci.onet.pl\/1781210,11,item.html\">ksi\u0119\u017ca ty\u0142em do wiernych<\/a>&#8221; &#8211; tak brzmi nag\u0142\u00f3wek w internetowym wydaniu, <a class=\"content_sz\" href=\"http:\/\/www.naszdziennik.pl\/index.php?typ=po&amp;dat=20080701&amp;id=po54.txt\">pisma w kt\u00f3rym wi\u0119kszo\u015bciowy<\/a> pakiet naby\u0142 niedawno koncern ITI. &#8222;Papie\u017c chce, aby w ka\u017cdym ko\u015bciele by\u0142a msza po \u0142acinie, odprawiana ty\u0142em do wiernych&#8221; &#8211; alarmuje pismo. Sam naczelny szybko jednak uspokaja czytelnik\u00f3w w swoim artykule &#8222;Robienie liturgii&#8221;, kt\u00f3rego pretensjonalno\u015b\u0107 jest adekwatna do roztrz\u0105sanego tematu: &#8222;Czy\u017cby odwr\u00f3t od soborowej odnowy liturgicznej? Bez obaw.&#8221; Po zasygnalizowaniu zagro\u017cenia, kt\u00f3rego nie nale\u017cy lekcewa\u017cy\u0107, ks. Adam Boniecki spokojnym tonem eksperta, udowadnia \u017ce Benedykt XVI nie odwa\u017cy si\u0119 na \u017cadne bardziej zdecydowane kroki. Szybko wertuj\u0105c ksi\u0105\u017ck\u0119 &#8222;Duch liturgii&#8221; natrafia przy ko\u0144cu na cytat, kt\u00f3ry go uspokaja. Postanawia wi\u0119c uczyni\u0107 z niego opok\u0119 swojego or\u0119dzia do zatroskanych modernist\u00f3w: \u201eNic nie jest przecie\u017c bardziej szkodliwe dla liturgii, jak w\u0142a\u015bnie ci\u0105g\u0142e jej \u00bbrobienie\u00ab, nawet je\u015bli si\u0119 wydaje, \u017ce chodzi tu o rzeczywist\u0105 odnow\u0119\u201d.<\/p>\r\n<p>Od dawna kard. Ratzinger da\u0142 si\u0119 pozna\u0107 jako zwolennik reformy reformy liturgicznej, wielokrotnie wypowiada\u0142 si\u0119 te\u017c za konieczno\u015bci\u0105 zagwarantowania r\u00f3wno\u015bci wszelkich prawowiernych ryt\u00f3w Mszy \u015bw., co \u015bwiadczy\u0107 ma o bogactwie liturgicznym Ko\u015bcio\u0142a. Jedyne za\u015b co krytykowa\u0142 zawzi\u0119cie, to w\u0142a\u015bnie instrumentalne traktowanie liturgii w procesie jej permanentnej posoborowej odnowy, ci\u0105g\u0142e jej obdzieranie ze wszelkiego sacrum. Takiej liturgii nie waha\u0142 si\u0119 nazwa\u0107 nawet &#8222;banalnym produktem chwili&#8221;, wytworem komisji ekspert\u00f3w, fabrykatem oderwanym od wszelkiego katolickiego ducha. Redaktorzy Tygodnika Powszechnego, jedynie co robi\u0105 z umi\u0142owania tradycji, to przekr\u0119caj\u0105 kota ogonem. Obawy i zastrze\u017cenia Bendykta XVI obracaj\u0105 paradoksalnie przeciwko niemu. Gdy papie\u017c m\u00f3wi o wyeliminowaniu ingerencji w liturgi\u0119 &#8211; rozwiewaj\u0105 tym obawy dotycz\u0105ce przywr\u00f3cenia jej nale\u017cnego blasku; gdy papie\u017c m\u00f3wi o uznaniu za obowi\u0105zuj\u0105cy Msza\u0142u, kt\u00f3ry nigdy nie zosta\u0142 zakazany &#8211; strasz\u0105 nieznanym dotychczas wkroczeniem w jej sfer\u0119; gdy papie\u017c m\u00f3wi o konieczno\u015bci przyznania tradycyjnej liturgii nale\u017cnego miejsca &#8211; uspokajaj\u0105, \u017ce nie stawia \u017cadnych wymog\u00f3w, a jedynie zach\u0119ca; gdy papie\u017c wielkodusznie m\u00f3wi o odkryciu przed wszystkimi skarb\u00f3w Ko\u015bcio\u0142a &#8211; widz\u0105 w ge\u015bcie papie\u017ca jedynie grymas skierowany w kierunku krn\u0105brnych lefebryst\u00f3w.<\/p>\r\n<p>I tak oto redaktorzy Tygodnika Powszechnego robi\u0105 wariata nie tylko ze swoich naiwnych czytelnik\u00f3w, ale przede wszystkim z Papie\u017ca, instrumentalnie wykorzystuj\u0105c go do ideologii z kt\u00f3rej znane jest ich pismo. Z niestrudzonego krytyka sposobu wprowadzenia posoborowej reformy liturgicznej, Tygodnik Powszechny czyni z Ojca \u015awi\u0119tego zagorza\u0142ego przeciwnika uzdrowienia liturgii katolickiej.<\/p>\r\n<p>&nbsp;<\/p>\r\n<p>Za: Kronika Novus Ordo | napisa\u0142 Wiedhold dnia <a class=\"content_sz\" title=\"permanent link\" href=\"http:\/\/breviarium.blogspot.com\/2008\/07\/tygodnik-powszechny-alarmuje-ksia-wypn.html\" rel=\"bookmark\"><abbr title=\"2008-07-02T14:39:00+02:00\">2.7.08<\/abbr><\/a><\/p>","protected":false},"excerpt":{"rendered":"Gdy poruszany bywa w publicznej dyskusji temat tradycyjnej liturgii Ko\u015bcio\u0142a, niemal za ka\u017cdym razem mo\u017cna wyczu\u0107 swoist\u0105 blokad\u0119 intelektualn\u0105, kt\u00f3ra dotyka wszystkich popularnych &#8222;watykanist\u00f3w&#8221;, s\u0142u\u017c\u0105cych swoim g\u0142osem rozs\u0105dku we wszelkiego rodzaju mediach. Przyk\u0142ad takiej blokady mieli\u015bmy nie-przyjemno\u015b\u0107 spotka\u0107 np. w artykule J\u00f3zefa Majewskiego, zamieszczonym w Tygodniku Powszechnym, pt. &#8222;Piotrowa \u0142\u00f3d\u017a zmienia kierunek&#8222;, kt\u00f3ry pisa\u0142: &#8222;Determinacja [&hellip;]","protected":false},"author":1,"featured_media":0,"comment_status":"closed","ping_status":"open","sticky":false,"template":"","format":"standard","meta":{"_acf_changed":false,"_monsterinsights_skip_tracking":false,"_monsterinsights_sitenote_active":false,"_monsterinsights_sitenote_note":"","_monsterinsights_sitenote_category":0,"ngg_post_thumbnail":0,"footnotes":"","_wp_rev_ctl_limit":""},"categories":[5],"tags":[],"acf":[],"_links":{"self":[{"href":"https:\/\/www.bibula.com\/index.php?rest_route=\/wp\/v2\/posts\/2199"}],"collection":[{"href":"https:\/\/www.bibula.com\/index.php?rest_route=\/wp\/v2\/posts"}],"about":[{"href":"https:\/\/www.bibula.com\/index.php?rest_route=\/wp\/v2\/types\/post"}],"author":[{"embeddable":true,"href":"https:\/\/www.bibula.com\/index.php?rest_route=\/wp\/v2\/users\/1"}],"replies":[{"embeddable":true,"href":"https:\/\/www.bibula.com\/index.php?rest_route=%2Fwp%2Fv2%2Fcomments&post=2199"}],"version-history":[{"count":1,"href":"https:\/\/www.bibula.com\/index.php?rest_route=\/wp\/v2\/posts\/2199\/revisions"}],"predecessor-version":[{"id":138485,"href":"https:\/\/www.bibula.com\/index.php?rest_route=\/wp\/v2\/posts\/2199\/revisions\/138485"}],"wp:attachment":[{"href":"https:\/\/www.bibula.com\/index.php?rest_route=%2Fwp%2Fv2%2Fmedia&parent=2199"}],"wp:term":[{"taxonomy":"category","embeddable":true,"href":"https:\/\/www.bibula.com\/index.php?rest_route=%2Fwp%2Fv2%2Fcategories&post=2199"},{"taxonomy":"post_tag","embeddable":true,"href":"https:\/\/www.bibula.com\/index.php?rest_route=%2Fwp%2Fv2%2Ftags&post=2199"}],"curies":[{"name":"wp","href":"https:\/\/api.w.org\/{rel}","templated":true}]}}