{"id":2193,"date":"2008-07-02T13:14:56","date_gmt":"2008-07-02T13:14:56","guid":{"rendered":""},"modified":"-0001-11-30T00:00:00","modified_gmt":"-0001-11-30T04:00:00","slug":"","status":"publish","type":"post","link":"https:\/\/www.bibula.com\/?p=2193","title":{"rendered":"Prawica ma nowego psa przewodnika &#8211; <em>Jan Engelgard<\/em>"},"content":{"rendered":"<p>Czytaj\u0105c pe\u0142ne zapa\u0142u i egzaltacji teksty na  r\u00f3\u017cnych forach prawicowych na temat lustracji i dekomunizacji  (zw\u0142aszcza na tle sprawy TW &ldquo;Bolek&rdquo;) mo\u017cemy doj\u015b\u0107 do jednego wa\u017cnego  wniosku &#8211; niekwestionowanym guru m\u0142odej prawicy (okre\u015blaj\u0105cej si\u0119  mianem konserwatywnej i narodowej) jest w tej chwili Bronis\u0142aw  Wildstein. To on wyznacza kierunki my\u015blenia, to on wrzuca tematy, kt\u00f3ra  ta &ldquo;prawica&rdquo; z rumie\u0144cem dyskutuje. <\/p>\r\n<p><br \/>\r\n  Bardziej ceni\u0119 Wildsteina-pacyfist\u0119 ni\u017c Lecha  Wa\u0142\u0119s\u0119, bo on &ldquo;heroicznie walczy\u0142 z komun\u0105&rdquo; &#8211; pisze jeden z m\u0142odych.  Trudno o bardziej dobitny przyk\u0142ad upadku. Nie chc\u0119 wchodzi\u0107 w dyskurs  o \u017cyciorysie Wildsteina (nie nasz cyrk, nie nasze ma\u0142py), ale skromnie  zauwa\u017c\u0119, \u017ce dyskutanci w og\u00f3le go nie znaj\u0105, widz\u0105 t\u0119 posta\u0107 wy\u0142\u0105cznie  przez pryzmat jego dzisiejszej publicystyki i postawy, i tak jak chc\u0105  go widzie\u0107. <br \/>\r\n  <br \/>\r\n  Gwoli przypomnienia, pozwol\u0119 sobie na  przedstawienie najwa\u017cniejszych fragment\u00f3w jego \u017cyciorysu (za  Wikipedi\u0105): &ldquo;Trzykrotnie zmienia\u0142 liceum ze wzgl\u0119du na oceny ze  sprawowania. W latach 1971-1980 studiowa\u0142 filologi\u0119 polsk\u0105 na  Uniwersytecie Jagiello\u0144skim, nie uko\u0144czy\u0142 studi\u00f3w. Dzia\u0142alno\u015b\u0107  opozycyjn\u0105 rozpocz\u0105\u0142 na pocz\u0105tku studi\u00f3w, m.in. wsp\u00f3\u0142pracowa\u0142 z KOR i  wsp\u00f3\u0142tworzy\u0142 NZS w Krakowie. Na fali odwil\u017cy w czasie Sierpnia 1980  Wildstein dosta\u0142 paszport i postanowi\u0142 wyjecha\u0107 na Zach\u00f3d. Bronis\u0142aw  Wildstein by\u0142 aktywnym wolnomularzem, zwi\u0105zanym pocz\u0105tkowo z parysk\u0105  lo\u017c\u0105 &ldquo;Kopernik&rdquo;, skupiaj\u0105c\u0105 osoby o polskich korzeniach w ramach  Wielkiej Lo\u017cy Narodowej Francji, a nast\u0119pnie z Warszawsk\u0105 lo\u017c\u0105-matk\u0105  &ldquo;Kopernik&rdquo; Wielkiej Lo\u017cy Narodowej Polski oraz z Krakowsk\u0105 lo\u017c\u0105  &ldquo;Przes\u0105d Wyzwolony&rdquo;, kt\u00f3rej by\u0142 Wielkim Mistrzem. Opr\u00f3cz tego pe\u0142ni\u0142  funkcj\u0119 Wielkiego Dozorcy Wielkiej Lo\u017cy Narodowej Polski. Sam  zainteresowany twierdzi, \u017ce wycofa\u0142 si\u0119 z uczestnictwa w dzia\u0142alno\u015bci w  lo\u017cach maso\u0144skich&rdquo;. Jak na psa przewodnika polskiej &ldquo;prawicy&rdquo; niez\u0142y  \u017cyciorys, prawda? W tamtych latach Wildstein by\u0142 takim mniejszym  Michnikiem, teraz, po zerwaniu z nim, sta\u0142 si\u0119 g\u0142\u00f3wnym Michnikiem, tyle  \u017ce maj\u0105cych rz\u0105d dusz na prawicy. To tak, jakby prawica musia\u0142a w  przesz\u0142o\u015bci wybiera\u0107 np. mi\u0119dzy Trockim a Kamieniewem. Smutne, ale  prawdziwe. No i ta &ldquo;heroiczna&rdquo; walka z &ldquo;komun\u0105&rdquo;, jak pisze jeden z  dyskutant\u00f3w, jest chyba mityczna.<br \/>\r\n  <br \/>\r\n  M\u0142odo\u015b\u0107 ma swoje prawa, ale  nie zwalnia od my\u015blenia. Niech wi\u0119c szanowni m\u0142odzi dyskutanci atakuj\u0105c  tych, kt\u00f3rzy nie chc\u0105 i\u015b\u0107 \u015blepo za nowym psem przewodnikiem, nie pisz\u0105  bzdur o &ldquo;endekokomunie&rdquo;, bo to jest stary wy\u015bwiechtamy slogan \u015brodowisk  w\u0142a\u015bnie komunistycznych i trockistowskich z okresu PRL. Przejmowanie  siatki poj\u0119ciowej skrajnej lewicy przez m\u0142odych niby-prawicowc\u00f3w jest  \u017cenuj\u0105ce i \u015bwiadczy o braku zdolno\u015bci do samodzielnego my\u015blenia. Wpadli  w pu\u0142apk\u0119 \u0142atwizny i radykalizmu. Przed tym, zdawa\u0142oby si\u0119, chroni\u0107  powinna my\u015bl polityczna, narodowa i konserwatywna. Nic z tego, \u0142atwo\u015b\u0107  ulegania podszeptom obozu ideowo przeciwnego jest zdumiewaj\u0105ca. Nie  licz\u0105 si\u0119 Aleksander Boche\u0144ski, Miros\u0142aw Dzielski, Stefan Kisielewski,  nawet Janusz Korwin-Mikke, nie licz\u0105 si\u0119 J\u0119drzej Giertych, ks. Micha\u0142  Poradowski, ks. J\u00f3zef Warszawski czy Prymas Stefan Wyszy\u0144ski &#8211; ale mamy  Wildsteina. I niech mnie ci m\u0142odzi nie namawiaj\u0105 bym porzuci\u0142 tamtych  dla ich guru. Jak chc\u0105 bawi\u0107 si\u0119 w tak\u0105 &ldquo;narodowo-konserwatywn\u0105  prawic\u0119&rdquo;, niech si\u0119 bawi\u0105. I jeszcze jedno &#8211; nie u\u0142atwiajcie sobie  my\u015blenia uproszczonym podzia\u0142em na &ldquo;zwolennik\u00f3w PRL&rdquo; i &ldquo;szczerych  antykomunist\u00f3w&rdquo;. Po pierwsze, jest to g\u0142upi slogan, w dodatku  ahistoryczny i nieprawdziwy; po drugie, istota sporu polega na czym\u015b  zupe\u0142nie innym, ale ku mojemu zdumieniu nie jeste\u015bcie w stanie tego  zrozumie\u0107. A zrozumie\u0107 histori\u0119 najnowsz\u0105 w\u0142asnego kraju trzeba, bo  inaczej jest si\u0119 \u015blepym i nie odr\u00f3\u017cnia si\u0119 rzeczy istotnych od niewiele  znacz\u0105cych. Tak jest te\u017c z Wa\u0142\u0119s\u0105, bo dzi\u0119ki Bogu w latach 1980-1981 to  on sta\u0142 na czele &ldquo;Solidarno\u015bci&rdquo; a nie jaka\u015b nawiedzona trockistowska  kukie\u0142ka Jacka Kuronia i Karola Modzelewskiego (bo nie Wildsteina, bo  on raczy\u0142 wtedy po prostu wyjecha\u0107 z kraju). I dzi\u0119ki temu mog\u0105 dzisiaj  nasi m\u0142odzi &ldquo;prawicowcy&rdquo; pisa\u0107 co chc\u0105, nawet totalne bzdury.<br \/>\r\n  <br \/>\r\n  I  jeszcze jedno &#8211; w latach 1980-1981 by\u0142em studentem na Uniwersytecie  Warszawskim, nie nale\u017ca\u0142em ani do organizacji oficjalnych, ani do NZS  (bo by\u0142 agend\u0105 KOR-u). Przez jaki\u015b czas by\u0142em cz\u0142onkiem odrodzonego  uczelnianego ZMW &ldquo;Wici&rdquo;. Po 1982 by\u0142em cz\u0142onkiem Polskiego Zwi\u0105zku  Katolicko-Spo\u0142ecznego, gdzie kierowali\u015bmy si\u0119 my\u015bl\u0105 Kardyna\u0142a Stefana  Wyszy\u0144skiego i J\u0119drzeja Giertycha. Po kryzysie w PZKS, w 1984 roku,  wst\u0105pi\u0142em PAX-u, zajmuj\u0105c si\u0119 publicystyk\u0105 historyczn\u0105, g\u0142\u00f3wnie na  temat obozu narodowego. Sta\u0142em si\u0119 jego cz\u0142onkiem jako uformowany  ideowo przez my\u015bl narodow\u0105. Prosz\u0119 wi\u0119c, aby polemi\u015bci raczyli nie  u\u017cywa\u0107 takich termin\u00f3w jak &ldquo;postpaxowska&rdquo; &ldquo;My\u015bl Polska&rdquo; czy &ldquo;paxowi  endokomuni\u015bci&rdquo;. Wi\u0119cej taktu, panowie, i wi\u0119cej kultury.<br \/>\r\n  <strong><em><br \/>\r\n  Jan Engelgard<\/em><\/strong><\/p>\r\n<p>Za: konserwatyzm.pl <\/p>\r\n\r\n","protected":false},"excerpt":{"rendered":"Czytaj\u0105c pe\u0142ne zapa\u0142u i egzaltacji teksty na r\u00f3\u017cnych forach prawicowych na temat lustracji i dekomunizacji (zw\u0142aszcza na tle sprawy TW &ldquo;Bolek&rdquo;) mo\u017cemy doj\u015b\u0107 do jednego wa\u017cnego wniosku &#8211; niekwestionowanym guru m\u0142odej prawicy (okre\u015blaj\u0105cej si\u0119 mianem konserwatywnej i narodowej) jest w tej chwili Bronis\u0142aw Wildstein. To on wyznacza kierunki my\u015blenia, to on wrzuca tematy, kt\u00f3ra ta [&hellip;]","protected":false},"author":1,"featured_media":0,"comment_status":"closed","ping_status":"open","sticky":false,"template":"","format":"standard","meta":{"_acf_changed":false,"_monsterinsights_skip_tracking":false,"_monsterinsights_sitenote_active":false,"_monsterinsights_sitenote_note":"","_monsterinsights_sitenote_category":0,"ngg_post_thumbnail":0,"footnotes":"","_wp_rev_ctl_limit":""},"categories":[9],"tags":[],"acf":[],"_links":{"self":[{"href":"https:\/\/www.bibula.com\/index.php?rest_route=\/wp\/v2\/posts\/2193"}],"collection":[{"href":"https:\/\/www.bibula.com\/index.php?rest_route=\/wp\/v2\/posts"}],"about":[{"href":"https:\/\/www.bibula.com\/index.php?rest_route=\/wp\/v2\/types\/post"}],"author":[{"embeddable":true,"href":"https:\/\/www.bibula.com\/index.php?rest_route=\/wp\/v2\/users\/1"}],"replies":[{"embeddable":true,"href":"https:\/\/www.bibula.com\/index.php?rest_route=%2Fwp%2Fv2%2Fcomments&post=2193"}],"version-history":[{"count":0,"href":"https:\/\/www.bibula.com\/index.php?rest_route=\/wp\/v2\/posts\/2193\/revisions"}],"wp:attachment":[{"href":"https:\/\/www.bibula.com\/index.php?rest_route=%2Fwp%2Fv2%2Fmedia&parent=2193"}],"wp:term":[{"taxonomy":"category","embeddable":true,"href":"https:\/\/www.bibula.com\/index.php?rest_route=%2Fwp%2Fv2%2Fcategories&post=2193"},{"taxonomy":"post_tag","embeddable":true,"href":"https:\/\/www.bibula.com\/index.php?rest_route=%2Fwp%2Fv2%2Ftags&post=2193"}],"curies":[{"name":"wp","href":"https:\/\/api.w.org\/{rel}","templated":true}]}}