{"id":2189,"date":"2008-07-02T09:33:20","date_gmt":"2008-07-02T09:33:20","guid":{"rendered":""},"modified":"-0001-11-30T00:00:00","modified_gmt":"-0001-11-30T04:00:00","slug":"","status":"publish","type":"post","link":"https:\/\/www.bibula.com\/?p=2189","title":{"rendered":"Nie b\u0119dzie wizyty papie\u017ca w Moskwie w najbli\u017cszej przysz\u0142o\u015bci"},"content":{"rendered":"<p>Arcybiskup archidiecezji Matki Bo\u017cej w Moskwie Paolo Pezzi  wyrazi\u0142 opini\u0119, \u017ce nie mo\u017cna spodziewa\u0107 si\u0119 w najbli\u017cszej przysz\u0142o\u015bci  wizyty papie\u017ca w Moskwie &ndash; informuje serwis internetowy dziennika  &bdquo;Rzeczpospolita&rdquo;. W wywiadzie dla \u015brodowego wydania dziennika  &#8222;L&#146;Osservatore Romano&#8221; abp Pezzi powiedzia\u0142, \u017ce lepiej by\u0142oby, aby  Benedykt XVI i patriarcha Moskwy i Wszechrusi Aleksy II spotkali si\u0119  najpierw w innym pa\u0144stwie.<br \/>\r\n      <br \/>\r\n    Hierarcha wymieni\u0142 dwie g\u0142\u00f3wne przeszkody, z powodu kt\u00f3rych papieska wizyta w Moskwie nie jest na razie mo\u017cliwa. &ndash; <em>Po  pierwsze podr\u00f3\u017c taka znaczy\u0142aby, albo moim zdaniem powinna znaczy\u0107, \u017ce  w stosunkach mi\u0119dzy Ko\u015bcio\u0142em katolickim a patriarchatem w Moskwie  dokonano znacz\u0105cego kroku naprz\u00f3d lub takiego, kt\u00f3ry umo\u017cliwia wzajemne  wizyty lub wizyt\u0119 papie\u017ca<\/em> &ndash; m\u00f3wi\u0142 abp Pezzi.<br \/>\r\n    <br \/>\r\n    &ndash; <em>Poza tym nie wierz\u0119 w to, \u017ce papie\u017c chcia\u0142by uda\u0107 si\u0119 z  wizyt\u0105 do Moskwy bez wyra\u017anego zaproszenia ze strony Ko\u015bcio\u0142a  prawos\u0142awnego<\/em> &ndash; stwierdzi\u0142 hierarcha.<br \/>\r\n    <br \/>\r\n    &#377;r\u00f3d\u0142o: rp.pl | PiotrSkarga.pl <\/div>\r\n<\/div>\r\n<p>&nbsp;<\/p>\r\n\r\n","protected":false},"excerpt":{"rendered":"Arcybiskup archidiecezji Matki Bo\u017cej w Moskwie Paolo Pezzi wyrazi\u0142 opini\u0119, \u017ce nie mo\u017cna spodziewa\u0107 si\u0119 w najbli\u017cszej przysz\u0142o\u015bci wizyty papie\u017ca w Moskwie &ndash; informuje serwis internetowy dziennika &bdquo;Rzeczpospolita&rdquo;. W wywiadzie dla \u015brodowego wydania dziennika &#8222;L&#146;Osservatore Romano&#8221; abp Pezzi powiedzia\u0142, \u017ce lepiej by\u0142oby, aby Benedykt XVI i patriarcha Moskwy i Wszechrusi Aleksy II spotkali si\u0119 najpierw [&hellip;]","protected":false},"author":1,"featured_media":0,"comment_status":"closed","ping_status":"open","sticky":false,"template":"","format":"standard","meta":{"_acf_changed":false,"_monsterinsights_skip_tracking":false,"_monsterinsights_sitenote_active":false,"_monsterinsights_sitenote_note":"","_monsterinsights_sitenote_category":0,"ngg_post_thumbnail":0,"footnotes":"","_wp_rev_ctl_limit":""},"categories":[3],"tags":[],"acf":[],"_links":{"self":[{"href":"https:\/\/www.bibula.com\/index.php?rest_route=\/wp\/v2\/posts\/2189"}],"collection":[{"href":"https:\/\/www.bibula.com\/index.php?rest_route=\/wp\/v2\/posts"}],"about":[{"href":"https:\/\/www.bibula.com\/index.php?rest_route=\/wp\/v2\/types\/post"}],"author":[{"embeddable":true,"href":"https:\/\/www.bibula.com\/index.php?rest_route=\/wp\/v2\/users\/1"}],"replies":[{"embeddable":true,"href":"https:\/\/www.bibula.com\/index.php?rest_route=%2Fwp%2Fv2%2Fcomments&post=2189"}],"version-history":[{"count":0,"href":"https:\/\/www.bibula.com\/index.php?rest_route=\/wp\/v2\/posts\/2189\/revisions"}],"wp:attachment":[{"href":"https:\/\/www.bibula.com\/index.php?rest_route=%2Fwp%2Fv2%2Fmedia&parent=2189"}],"wp:term":[{"taxonomy":"category","embeddable":true,"href":"https:\/\/www.bibula.com\/index.php?rest_route=%2Fwp%2Fv2%2Fcategories&post=2189"},{"taxonomy":"post_tag","embeddable":true,"href":"https:\/\/www.bibula.com\/index.php?rest_route=%2Fwp%2Fv2%2Ftags&post=2189"}],"curies":[{"name":"wp","href":"https:\/\/api.w.org\/{rel}","templated":true}]}}