{"id":2188,"date":"2008-07-02T09:24:41","date_gmt":"2008-07-02T09:24:41","guid":{"rendered":""},"modified":"-0001-11-30T00:00:00","modified_gmt":"-0001-11-30T04:00:00","slug":"","status":"publish","type":"post","link":"https:\/\/www.bibula.com\/?p=2188","title":{"rendered":"Szwach Weiss: &#8222;Rabin Shlomo Aviner nie wypowiada si\u0119 w imieniu wszystkich rabin\u00f3w Izraela&#8221;"},"content":{"rendered":"<p>&#8222;Rabin Shlomo Aviner nie wypowiada si\u0119 w imieniu wszystkich rabin\u00f3w Izraela&#8221; <\/p>\r\n<p> By\u0142y ambasador Izraela w Polsce, Szewach Weiss zastrzeg\u0142, \u017ce rabin  Shlomo Aviner nie wypowiada si\u0119 w imieniu wszystkich rabin\u00f3w Izraela.  Weiss odni\u00f3s\u0142 si\u0119 w ten spos\u00f3b do wypowiedzi rabina Avinera w gazecie  &#8222;The Jerusalem Post&#8221; . <\/p>\r\n  <p> Szlomo Aviner powiedzia\u0142, \u017ce Polska nie jest miejscem dla \u017byd\u00f3w. Wed\u0142ug  rabina Avinera, Polacy s\u0105 antysemitami i dlatego nazi\u015bci wybrali ich na  kolaborant\u00f3w.<br \/>\r\n    Szewach  Weiss, komentuj\u0105c doniesienia The Jerusalem Post, zaznaczy\u0142, \u017ce rabin  Aviner jest ekstremist\u0105, kt\u00f3ry ma podobnych sobie s\u0142uchaczy i  zwolennik\u00f3w. Zdaniem by\u0142ego ambasadora Izraela nie nale\u017cy przejmowa\u0107  si\u0119 takimi wypowiedziami i najlepiej nie reagowa\u0107 na nie, bo  prowokatorom chodzi w\u0142a\u015bnie o rozg\u0142os.<br \/>\r\n    <br \/>\r\n    Wypowied\u017a rabina Shlomo  Avinera zbieg\u0142a si\u0119 w czasie z wy\u015bwi\u0119ceniem rabin\u00f3w w warszawskiej  Jesziwie Chabad Lubawicz. Znaczenie i wyd\u017awi\u0119k tej uroczysto\u015bci rabin  Aviner oceni\u0142 pozytywnie.<br \/>\r\n    <br \/>\r\n    IAR\/GJ <\/p>\r\n  <p>Za: prawy.pl<\/p>\r\n  <p>&nbsp;<\/p>\r\n  <p>ZOB. R&Oacute;WNIE\u017b:<\/p>\r\n  <ul>\r\n    <li><a class=\"content_sz\" href =\"http:\/\/www.bibula.com\/?p=02172\">Kogo wybra\u0142 Szlomo Avier?<\/a><\/li>\r\n    <li><a class=\"content_sz\" href =\"http:\/\/www.bibula.com\/?p=02173\">Israel Meir Lau: Przyje\u017cd\u017cam do Polski z mieszanymi uczuciami<\/a> <\/li>\r\n  <\/ul>\r\n  <p>&nbsp;<\/p>\r\n  <p>KOMENTARZ <em>BIBU\u0141Y<\/em>: &#8222;Rabin Shlomo Aviner nie wypowiada si\u0119 w imieniu wszystkich rabin\u00f3w Izraela&#8221; &#8211; m\u00f3wi pan Szewach Weiss. Ale\u017c sk\u0105d\u017ce, panie Weiss, jak tak mo\u017cna by\u0142oby s\u0105dzi\u0107, panie Weiss. To\u017c ma si\u0119 rozumie\u0107, \u017ce nie w imieniu wszystkich rabin\u00f3w Izraela rabin Aviner si\u0119 wypowiada. To niemo\u017cliwe, \u017ceby wypowiada\u0142 si\u0119 w imieniu wszystkich rabin\u00f3w Izraela, panie Weiss. To niemo\u017cliwe. Przecie\u017c on tylko powiedzia\u0142 to co my\u015bli 99 procent rabin\u00f3w Izraela, panie Weiss. A 99 procent to nie wszyscy. Pan to masz racj\u0119, panie Weiss.<\/p>\r\n\r\n","protected":false},"excerpt":{"rendered":"&#8222;Rabin Shlomo Aviner nie wypowiada si\u0119 w imieniu wszystkich rabin\u00f3w Izraela&#8221; By\u0142y ambasador Izraela w Polsce, Szewach Weiss zastrzeg\u0142, \u017ce rabin Shlomo Aviner nie wypowiada si\u0119 w imieniu wszystkich rabin\u00f3w Izraela. Weiss odni\u00f3s\u0142 si\u0119 w ten spos\u00f3b do wypowiedzi rabina Avinera w gazecie &#8222;The Jerusalem Post&#8221; . Szlomo Aviner powiedzia\u0142, \u017ce Polska nie jest miejscem [&hellip;]","protected":false},"author":1,"featured_media":0,"comment_status":"closed","ping_status":"open);","sticky":false,"template":"","format":"standard","meta":{"_acf_changed":false,"_monsterinsights_skip_tracking":false,"_monsterinsights_sitenote_active":false,"_monsterinsights_sitenote_note":"","_monsterinsights_sitenote_category":0,"ngg_post_thumbnail":0,"footnotes":"","_wp_rev_ctl_limit":""},"categories":[6],"tags":[],"acf":[],"_links":{"self":[{"href":"https:\/\/www.bibula.com\/index.php?rest_route=\/wp\/v2\/posts\/2188"}],"collection":[{"href":"https:\/\/www.bibula.com\/index.php?rest_route=\/wp\/v2\/posts"}],"about":[{"href":"https:\/\/www.bibula.com\/index.php?rest_route=\/wp\/v2\/types\/post"}],"author":[{"embeddable":true,"href":"https:\/\/www.bibula.com\/index.php?rest_route=\/wp\/v2\/users\/1"}],"replies":[{"embeddable":true,"href":"https:\/\/www.bibula.com\/index.php?rest_route=%2Fwp%2Fv2%2Fcomments&post=2188"}],"version-history":[{"count":0,"href":"https:\/\/www.bibula.com\/index.php?rest_route=\/wp\/v2\/posts\/2188\/revisions"}],"wp:attachment":[{"href":"https:\/\/www.bibula.com\/index.php?rest_route=%2Fwp%2Fv2%2Fmedia&parent=2188"}],"wp:term":[{"taxonomy":"category","embeddable":true,"href":"https:\/\/www.bibula.com\/index.php?rest_route=%2Fwp%2Fv2%2Fcategories&post=2188"},{"taxonomy":"post_tag","embeddable":true,"href":"https:\/\/www.bibula.com\/index.php?rest_route=%2Fwp%2Fv2%2Ftags&post=2188"}],"curies":[{"name":"wp","href":"https:\/\/api.w.org\/{rel}","templated":true}]}}