{"id":2172,"date":"2008-07-01T10:31:13","date_gmt":"2008-07-01T10:31:13","guid":{"rendered":""},"modified":"-0001-11-30T00:00:00","modified_gmt":"-0001-11-30T04:00:00","slug":"","status":"publish","type":"post","link":"https:\/\/www.bibula.com\/?p=2172","title":{"rendered":"Kogo wybra\u0142 Szlomo Avier?"},"content":{"rendered":"<p>&#8211; Polska  to nie jest miejsce dla nas. (&#8230;) Polacy to antysemici. W\u0142a\u015bnie  dlatego nazi\u015bci wybrali ich na kolaborant\u00f3w. Nawet po Holocau\u015bcie,  Polacy dalej zabijali \u017byd\u00f3w &ndash; takie brednie opowiada Szlomo Aviner,  szef szko\u0142y talmudycznej w Jerozolimie, ten sam, kt\u00f3ry jak podaje  ekumenizm.pl, wzywa\u0142 do zbojkotowania Mi\u0119dzynarodowego Konkursu  Biblijnego po tym, jak organizacja Yad L&acute;Achim odkry\u0142a, \u017ce jedna z  czterech finalistek z Izraela, jest \u017byd\u00f3wk\u0105 mesjanistyczn\u0105, czyli  uznaj\u0105c\u0105 Jezusa za prawdziwego Mesjasza.<\/p>\r\n    <p>Aviner wzywa do  opuszczenia Polski przez \u017byd\u00f3w z okazji wy\u015bwi\u0119cenia w Warszawie  ortodoksyjnych rabin\u00f3w, kt\u00f3rzy zdecydowali si\u0119 na \u015bwi\u0119cenia w Polsce,  gdy\u017c np. wed\u0142ug urodzonego w Polsce Yisraela Meir Lau, &bdquo;nie ma lepszego  odwetu na nazistach i ich pomocnikach&rdquo;. &bdquo;Pomocnikami nazist\u00f3w&rdquo; w  rozumieniu pan\u00f3w rabin\u00f3w s\u0105 Polacy, dzi\u0119ki kt\u00f3ry zazwyczaj \u017cyj\u0105 a\u017c do  tej pory.<br \/>\r\n      &nbsp;&nbsp;&nbsp;&nbsp;&nbsp; Osobi\u015bcie nie interesuj\u0119 si\u0119 wy\u015bwiecaniem  ortodoksyjnych rabin\u00f3w &ndash; niech sobie \u015bwiec\u0105 kogo chc\u0105, ale ta  liturgiczna okoliczno\u015b\u0107 sta\u0142a si\u0119 okazj\u0105 do pr\u00f3by budowy &bdquo;polskiego  antysemityzmu&rdquo; pocz\u0105tk\u00f3w XXI wieku.<br \/>\r\n      &nbsp;&nbsp;&nbsp;&nbsp;&nbsp; Dostojnicy \u017cydowscy  potrzebuj\u0105, \u017ceby Polacy zajmowali si\u0119 \u017bydami. Maj\u0105 tutaj pewne plany  maj\u0105tkowe i potrzebuj\u0105 powiedzie\u0107 \u015bwiatu, \u017ce Polacy nie lubi\u0105 \u017byd\u00f3w.  Wtedy \u015bwiat wstawi si\u0119 za &bdquo;prze\u015bladowanymi&rdquo; i pomo\u017ce \u017bydom otrzyma\u0107  finansowe &bdquo;zado\u015b\u0107uczynienie&rdquo;, uzyska\u0107 uleg\u0142o\u015b\u0107 polskiego rz\u0105du w  sprawie np. restytucji mienia i rozmaitych odszkodowa\u0144 z  najprzer\u00f3\u017cniejszych tytu\u0142\u00f3w.<br \/>\r\n      &nbsp;&nbsp;&nbsp;&nbsp;&nbsp; \u017bydzi potrafi\u0105 budowa\u0107  antysemityzm, robili to przez wieki. Ale tym razem im si\u0119 nie uda, bo  wspomniany Szlomo Aviner og\u0142osi\u0142 w &bdquo;The Jerusalem Post&rdquo;, \u017ce &bdquo;prawdziwy  odwet nie polega na tym, \u017ceby odbudowywa\u0107 tam [w Polsce] spo\u0142eczno\u015b\u0107  tylko na tym, aby by\u0107 tutaj, w Izraelu&rdquo;.<br \/>\r\n      &nbsp;&nbsp;&nbsp;&nbsp;&nbsp; Gratulujemy pomys\u0142u rabinowi Avinerowi! Zem\u015bcijcie si\u0119 na nas i wyjed\u017acie do Izraela.<\/p>\r\n\r\n    <p><em><strong>Miros\u0142aw Orzechowski<\/strong><\/em><BR \/> \r\n\r\n    &#8222;Kogo wybral Szlomo Avier?&#8221; <\/p>\r\n    <p>&nbsp;<\/p>\r\n    <p>ZOB. R&Oacute;WNIE\u017b: <\/p>\r\n    <ul>\r\n      <li><a class=\"content_sz\" href  =\"http:\/\/www.dziennik.pl\/wydarzenia\/article201233\/Rabin_Polacy_to_antysemici_dlatego_nazisci_ich_wybrali.html\" target=\"_blank\"> <strong>Rabin: Polacy to antysemici i kolaboranci<\/strong>. Dziennik, wtorek, 1 lipca 2008<\/a><\/li>\r\n      <li><a class=\"content_sz\" href =\"http:\/\/www.rp.pl\/artykul\/157048.html\" target=\"_blank\"><strong>Rabin: Polacy to antysemici.<\/strong> Rzeczpospolita,  02-07-2008<\/a><\/li>\r\n    <\/ul>\r\n    <p>&nbsp;<\/p>\r\n\r\n","protected":false},"excerpt":{"rendered":"&#8211; Polska to nie jest miejsce dla nas. (&#8230;) Polacy to antysemici. W\u0142a\u015bnie dlatego nazi\u015bci wybrali ich na kolaborant\u00f3w. Nawet po Holocau\u015bcie, Polacy dalej zabijali \u017byd\u00f3w &ndash; takie brednie opowiada Szlomo Aviner, szef szko\u0142y talmudycznej w Jerozolimie, ten sam, kt\u00f3ry jak podaje ekumenizm.pl, wzywa\u0142 do zbojkotowania Mi\u0119dzynarodowego Konkursu Biblijnego po tym, jak organizacja Yad L&acute;Achim [&hellip;]","protected":false},"author":1,"featured_media":0,"comment_status":"closed","ping_status":"open","sticky":false,"template":"","format":"standard","meta":{"_acf_changed":false,"_monsterinsights_skip_tracking":false,"_monsterinsights_sitenote_active":false,"_monsterinsights_sitenote_note":"","_monsterinsights_sitenote_category":0,"ngg_post_thumbnail":0,"footnotes":"","_wp_rev_ctl_limit":""},"categories":[8],"tags":[],"acf":[],"_links":{"self":[{"href":"https:\/\/www.bibula.com\/index.php?rest_route=\/wp\/v2\/posts\/2172"}],"collection":[{"href":"https:\/\/www.bibula.com\/index.php?rest_route=\/wp\/v2\/posts"}],"about":[{"href":"https:\/\/www.bibula.com\/index.php?rest_route=\/wp\/v2\/types\/post"}],"author":[{"embeddable":true,"href":"https:\/\/www.bibula.com\/index.php?rest_route=\/wp\/v2\/users\/1"}],"replies":[{"embeddable":true,"href":"https:\/\/www.bibula.com\/index.php?rest_route=%2Fwp%2Fv2%2Fcomments&post=2172"}],"version-history":[{"count":0,"href":"https:\/\/www.bibula.com\/index.php?rest_route=\/wp\/v2\/posts\/2172\/revisions"}],"wp:attachment":[{"href":"https:\/\/www.bibula.com\/index.php?rest_route=%2Fwp%2Fv2%2Fmedia&parent=2172"}],"wp:term":[{"taxonomy":"category","embeddable":true,"href":"https:\/\/www.bibula.com\/index.php?rest_route=%2Fwp%2Fv2%2Fcategories&post=2172"},{"taxonomy":"post_tag","embeddable":true,"href":"https:\/\/www.bibula.com\/index.php?rest_route=%2Fwp%2Fv2%2Ftags&post=2172"}],"curies":[{"name":"wp","href":"https:\/\/api.w.org\/{rel}","templated":true}]}}