{"id":2156,"date":"2008-06-27T10:42:25","date_gmt":"2008-06-27T10:42:25","guid":{"rendered":""},"modified":"2010-08-09T22:10:04","modified_gmt":"2010-08-10T03:10:04","slug":"w-szponach-profesyjonalistow-stanisaw-michalkiewicz","status":"publish","type":"post","link":"https:\/\/www.bibula.com\/?p=2156","title":{"rendered":"W szponach profesyjonalist\u00f3w &#8211; <em>Stanis\u0142aw Michalkiewicz<\/em>"},"content":{"rendered":"<p>W przeddzie\u0144 imienin Lecha Wa\u0142\u0119sy premier Donald Tusk o\u015bwiadczy\u0142, \u017ce  p\u00f3jdzie na te imieniny, \u017ceby powiedzie\u0107 b. prezydentowi, \u017ce \u201e<em>nie jest sam<\/em>\u201d.  Tym razem premier Tusk powie prawd\u0119, chocia\u017c nie s\u0105dz\u0119, \u017ceby Lecha  Wa\u0142\u0119s\u0119 t\u0105 informacj\u0105 zaskoczy\u0142. On przecie\u017c sam dobrze wie, \u017ce ani  teraz, ani nigdy nie by\u0142 sam. Tylko komunizm obali\u0142 \u201e<em>sam jeden z \u017con\u0105 i z dzie\u0107mi, bo nie mia\u0142 ludzi<\/em>\u201d  &#8211; jak przynajmniej zezna\u0142 do kamer telewizji portugalskiej, ale poza  tym zawsze kto\u015b mu towarzyszy\u0142. Opr\u00f3cz Anio\u0142a Str\u00f3\u017ca zawsze  towarzyszyli mu, jak nie w charakterze oficer\u00f3w prowadz\u0105cych, to  politycznych mentor\u00f3w lub \u017cyrant\u00f3w politycznej moralno\u015bci, rozmaici  profesjonali\u015bci &#8211; jak dzisiaj okre\u015bla si\u0119 bezpieczniak\u00f3w. Ten wizerunek  lansuje zw\u0142aszcza stacja telewizyjna TVN, kt\u00f3ra na tym etapie odrzuca  ju\u017c wszelkie pozory i bez \u017cadnej zmiany profilu mog\u0142aby dzisiaj nazywa\u0107  si\u0119 \u201e<em>G\u0142osem Czekisty<\/em>\u201d, ewentualnie &#8211; \u201e<em>G\u0142osem Czekisty-Profesyjonalisty<\/em>\u201d &#8211; z uwagi na odwr\u00f3cenie oraz zacie\u015bnianie sojusz\u00f3w i w og\u00f3le, jakby to uj\u0105\u0142 pruski filozof Hegel &#8211; \u201e<em>ducha czas\u00f3w<\/em>\u201d.<\/p>\r\n\r\n<p>Akurat przed imieninami Lecha Wa\u0142\u0119sy TVN, kt\u00f3ra oczywi\u015bcie nie da\u0142a si\u0119  nikomu wyprzedzi\u0107 ani w pracy operacyjnej, ani w wyszkoleniu bojowym i  politycznym i &#8211; jak zreszt\u0105 na czekist\u00f3w-profesyjonalist\u00f3w przysta\u0142o &#8211;  w obronie bratniego czekisty zwar\u0142a szeregi, wyemitowa\u0142a kulminacyjny  punkt programu o generale Marianie Zacharskim, s\u0142awnym  czeki\u015bcie-profesyjonali\u015bcie. Okaza\u0142o si\u0119, \u017ce genera\u0142 Marian Zacharski  potrafi oszuka\u0107 nawet maszyn\u0119 do wykrywania k\u0142amstw. Maszyn\u0119 mo\u017ce i  potrafi, a zreszt\u0105 jakie tam \u201e<em>mo\u017ce<\/em>\u201d  &#8211; potrafi &#8211; i ju\u017c, ale redaktora Bogdana Rymanowskiego nawet nie  pr\u00f3bowa\u0142 &#8211; i opowiedzia\u0142 mu prawd\u0119, ca\u0142\u0105 prawd\u0119 i tylko prawd\u0119. A  prawda jest prosta: Marian Zacharski nie mia\u0142 poj\u0119cia, \u017ce szpieguj\u0105c \u201e<em>s\u0142u\u017cy Sowietskomu Sojuzu<\/em>\u201d &#8211; jak u Czekisto\u00f3w-Jeszcze-Nie-Profesyjonalist\u00f3w kwitowa\u0142o si\u0119 ka\u017cd\u0105 pochwa\u0142\u0119, czy tak zwane \u201e<em>zadowolnienia<\/em>\u201d &#8211; o kt\u00f3rych wspomina w \u201e<em>Panu Tadeuszu<\/em>\u201d  jeszcze Adam Mickiewicz. Ka\u017cde dziecko w Polsce wiedzia\u0142o takie rzeczy  &#8211; a profesyjonalista nie wiedzia\u0142. A dlaczego nie wiedzia\u0142? A dlatego &#8211;  co wyja\u015bni\u0142 autorytatywnie sam genera\u0142 Gromos\u0142aw Czempi\u0144ski, dzi\u015b  po\u015br\u00f3d czekist\u00f3w niew\u0105tpliwie chyba najwi\u0119kszy profesyjonalista &#8211; \u017ce  agent wywiadu nie decydowa\u0142 o tym, co si\u0119 stanie z materia\u0142ami, kt\u00f3re  mozolnie zbiera. A skoro nie decydowa\u0142, to po co jemu wiedzie\u0107? Jasne,  \u017ce po nic, co dawno ju\u017c spenetrowali Rosjanie i nawet utworzyli na t\u0119  okoliczno\u015b\u0107 specjalne przys\u0142owie, \u017ce \u201e<em>kto nie wie, ten \u015bpi w poduchach, a kto wie &#8211; tego wiod\u0105 w \u0142a\u0144cuchach<\/em>\u201d.  Wi\u0119c genera\u0142 Gromos\u0142aw Czempi\u0144ski nie tylko zeznanie genera\u0142a  Zacharskiego zatwierdzi\u0142, ale jeszcze da\u0142 wyk\u0142adni\u0119 autentyczn\u0105 na  przysz\u0142o\u015b\u0107 &#8211; \u017ce bezpiecze\u0144stwo &#8211; to byli fachowcy, kt\u00f3rzy nic &#8211; tylko  s\u0142u\u017cyli, raz takiemu pa\u0144stwu, a innym razem &#8211; owakiemu. S\u0142uchaj\u0105c tych  s\u0142\u00f3w poczu\u0142em, jakby uby\u0142o mi ze 30 lat &#8211; bo tak w\u0142a\u015bnie w przyp\u0142ywie  \u0142agodno\u015bci s\u0142u\u017cbowej obja\u015bnia\u0142 mi pod\u00f3wczas te zawi\u0142o\u015bci kapitan K\u0142ak  (naprawd\u0119 tak si\u0119 przestawi\u0142) podczas przes\u0142uchania w sprawie \u201e<em>wydawnictw bezdebitowych<\/em>\u201d, czyli tak zwanej \u201e<em>bibu\u0142y<\/em>\u201d.  &#8211; Jak wy wygracie &#8211; przymila\u0142 si\u0119 kapitan &#8211; to te\u017c b\u0119dziecie nas  potrzebowali. Nie bardzo rozumia\u0142em, do czego w\u0142a\u015bciwie, skoro po  naszej wygranej &#8211; tak sobie wtedy to naiwnie wyobra\u017ca\u0142em &#8211; nie b\u0119dzie  ju\u017c \u017cadnych \u201e<em>wydawnictw bezdebitowych<\/em>\u201d, ale sk\u0105d mog\u0142em wtedy  przewidzie\u0107, \u017ce Lech Wa\u0142\u0119sa b\u0119dzie taki zatwardzia\u0142y? Okaza\u0142o si\u0119, \u017ce  to kapitan K\u0142ak mia\u0142 racj\u0119 i nic dziwnego, bo jako profesyjonalista,  co\u015b tam musia\u0142 przecie\u017c wiedzie\u0107, kto wie, czy nie obi\u0142o mu si\u0119 o uszy  to i owo nie tylko o Lechu Wa\u0142\u0119sie, ale nawet o samym \u201e<em>drogim Bronis\u0142awie<\/em>\u201d?<\/p>\r\n\r\n<p>Oczywi\u015bcie to, \u017ce Historia przyzna\u0142a racj\u0119 kapitanowi K\u0142akowi, ma swoje  konsekwencje. We\u017amy takiego Adolfa Eichmanna, czy Rudolfa Hessa, tego z  O\u015bwi\u0119cimia. C\u00f3\u017c oni takiego robili? Ano &#8211; nic innego, jak tylko \u201e<em>s\u0142u\u017cyli<\/em>\u201d. Takiemu pa\u0144stwu, jakie akurat wtedy by\u0142o. \u201e<em>Szmaciaki nie dla przyjemno\u015bci \u0142ami\u0105 ci \u017cebra, dusz\u0105 grdyk\u0119, tylko dlatego, \u017ce ich biznes ma tak\u0105 dziwn\u0105 specyfik\u0119<\/em>\u201d &#8211; zauwa\u017cy\u0142 Janusz Szpota\u0144ski. Biznes &#8211; albo oczywi\u015bcie \u201e<em>pa\u0144stwo<\/em>\u201d, kt\u00f3remu akurat \u201e<em>s\u0142u\u017c\u0105<\/em>\u201d. Je\u015bli zatem \u201e<em>pa\u0144stwo<\/em>\u201d popada, dajmy na to, s\u0142abo\u015b\u0107 do naukowego klasizmu i \u201e<em>ogranicza, wypiera i likwiduje<\/em>\u201d niew\u0142a\u015bciwe \u201e<em>klasy<\/em>\u201d, to na czym polega \u201e<em>s\u0142u\u017cba<\/em>\u201d? Ano na czym\u017ce, je\u015bli nie na ograniczaniu, wypieraniu, no i &#8211; ma si\u0119 rozumie\u0107 &#8211; \u201e<em>likwidowaniu<\/em>\u201d osobnik\u00f3w do tego przeznaczonych? Oczywi\u015bcie prawdziwy profesyjonalista na samym \u201e<em>likwidowaniu<\/em>\u201d nie poprzestanie i zanim \u201e<em>zlikwiduje<\/em>\u201d,  to jeszcze wydusi, albo wydrze z gada, razem z paznokciami, nazwiska,  adresy i kontakty kolejnych gad\u00f3w, bo &#8211; jak zauwa\u017cy\u0142 w \u201e<em>M\u0142odym Komuni\u015bcie<\/em>\u201d,  czy mo\u017ce w jakim\u015b innym organie lewicowej awangardy Micha\u0142 Nowicki &#8211;  wszystkich gad\u00f3w trzeba pozabija\u0107, nawet jak poprzebierali si\u0119 w  mundury oficer\u00f3w polskiej armii, a nawet wtedy zw\u0142aszcza &#8211; bo inaczej  ucierpi sztuka, znaczy &#8211; profesyjonalizm. Nie ulega w\u0105tpliwo\u015bci, \u017ce  genera\u0142 Czempi\u0144ski nie umrze bezpotomnie, a my wszyscy pewnie ju\u017c  nied\u0142ugo do\u015bwiadczymy na w\u0142asnych cia\u0142ach si\u0142y szcz\u0119k m\u0142odych hien.<\/p>\r\n\r\n<p>Ale to jeszcze nie na tym etapie. Na tym etapie, kiedy ju\u017c kolejn\u0105 \u201e<em>bitw\u0119 o Wa\u0142\u0119s\u0119<\/em>\u201d niezawis\u0142e s\u0105dy zako\u0144cz\u0105 pi\u0119knymi wyrokami (\u201e<em>wnet si\u0119 posypi\u0105 pi\u0119kne wyroki!<\/em>\u201d),  najpierw musi nast\u0105pi\u0107 rehabilitacja profesyjonalist\u00f3w nie tylko  nies\u0142usznie zapomnianych, ale nawet sekowanych z powodu swojej \u201e<em>s\u0142u\u017cby<\/em>\u201d.  Sta\u0144cie zatem do apelu Jakubie Berman, generale Stanis\u0142awie  Radkiewiczu, Natanie Grynszpanie Kikielu, znany r\u00f3wnie\u017c jako Roman  Romkowski, Moj\u017ceszu Bobrowicki, znany r\u00f3wnie\u017c jako Mieczys\u0142aw  Mietkowski, Juliuszu Bu, Luno Brystigerowa, Anatolu Fejginie, Adamie  Humerze Tadeuszu Diat\u0142owicki i wszyscy inni, ni\u017csi rang\u0105  profesyjonalisci &#8211; a\u017c do prostego torturanta Edmunda Kwaska, co to  gadom wyrywa\u0142 \u201e<em>dla pa\u0144stwa<\/em>\u201d fortuny razem z paznokciami, a potem  i \u017cyciem &#8211; protoplasty Aleksandra Kwa\u015bniewskiego, w\u0142a\u015bnie szykuj\u0105cego  si\u0119 do roli profesyjonalisty z ramienia samych \u201e<em>m\u0119drc\u00f3w syjonu<\/em>\u201d. Sta\u0144cie do apelu!<\/p>\r\n\r\n<p>I wtedy mo\u017cna ju\u017c spokojnie instalowa\u0107 Eurosojuz, kt\u00f3ry przecie\u017c z  ka\u017cdym rokiem b\u0119dzie potrzebowa\u0142 profesyjonalist\u00f3w coraz wi\u0119cej i  wi\u0119cej &#8211; zw\u0142aszcza gdy dzisiejsze szczepionki, w postaci niby to  fantastycznych plan\u00f3w zainstalowania \u201e<em>drugiego Izraela<\/em>\u201d  w Turyngii, a mo\u017ce &#8211; jeszcze lepiej &#8211; w Polsce, po rozbiorze naszego  pa\u0144stwa przybior\u0105 kszta\u0142t przera\u017caj\u0105cej rzeczywisto\u015bci. Tym razem nie  b\u0119dzie ju\u017c mowy o \u017cadnych niew\u0142a\u015bciwych \u201e<em>klasach<\/em>\u201d &#8211; niech B\u00f3g zabroni takie rzeczy! &#8211; tylko o \u201e<em>ksenofobii<\/em>\u201d, \u201e<em>antysemityzmie<\/em>\u201d i \u201e<em>nienawi\u015bci<\/em>\u201d,  kt\u00f3re, ma si\u0119 rozumie\u0107, kto\u015b b\u0119dzie musia\u0142 wyt\u0119pi\u0107 razem z ich  nosicielami. Kto\u015b &#8211; a kt\u00f3\u017c by, je\u015bli nie profesyjonali\u015bci, gotowi \u201e<em>s\u0142u\u017cy\u0107<\/em>\u201d bez wzgl\u0119du na to, jak\u0105 \u201e<em>pa\u0144stwo<\/em>\u201d ma akurat specyfik\u0119 &#8211; oczywi\u015bcie nie za darmo. \u201e<em>Kiedy zwyci\u0119skie tocz\u0105 boje ze straszn\u0105 reakcyjn\u0105 hydr\u0105, to chc\u0105 mie\u0107 pewno\u015b\u0107, \u017ce na zawsze zdob\u0119d\u0105 to, co hydrze wydr\u0105<\/em>\u201d. Oczywi\u015bcie &#8211; za przyzwoleniem gestapo, to zrozumia\u0142e samo przez si\u0119, nieprawda\u017c?<\/p>\r\n\r\n<p><strong><img decoding=\"async\" src=\"http:\/\/www.michalkiewicz.pl\/img\/kwad.gif\" alt=\"\" width=\"6\" height=\"12\" \/><em> Stanis\u0142aw Michalkiewicz<\/em><\/strong> <br \/>\r\n <em>Felieton \u00a0\u00b7\u00a0 tygodnik \u201eNajwy\u017cszy Czas!\u201d \u00a0\u00b7\u00a0 2008-06-27 \u00a0|\u00a0 www.michalkiewicz.pl<\/em><\/p>\r\n\r\n<p><em>Sta\u0142y komentarz Stanis\u0142awa Michalkiewicza ukazuje si\u0119 w ka\u017cdym numerze tygodnika \u201eNajwy\u017cszy Czas!\u201d.<\/em><\/p>","protected":false},"excerpt":{"rendered":"W przeddzie\u0144 imienin Lecha Wa\u0142\u0119sy premier Donald Tusk o\u015bwiadczy\u0142, \u017ce p\u00f3jdzie na te imieniny, \u017ceby powiedzie\u0107 b. prezydentowi, \u017ce \u201enie jest sam\u201d. Tym razem premier Tusk powie prawd\u0119, chocia\u017c nie s\u0105dz\u0119, \u017ceby Lecha Wa\u0142\u0119s\u0119 t\u0105 informacj\u0105 zaskoczy\u0142. On przecie\u017c sam dobrze wie, \u017ce ani teraz, ani nigdy nie by\u0142 sam. Tylko komunizm obali\u0142 \u201esam jeden [&hellip;]","protected":false},"author":1,"featured_media":0,"comment_status":"closed","ping_status":"open","sticky":false,"template":"","format":"standard","meta":{"_acf_changed":false,"_monsterinsights_skip_tracking":false,"_monsterinsights_sitenote_active":false,"_monsterinsights_sitenote_note":"","_monsterinsights_sitenote_category":0,"ngg_post_thumbnail":0,"footnotes":"","_wp_rev_ctl_limit":""},"categories":[9],"tags":[66,23,53,34],"acf":[],"_links":{"self":[{"href":"https:\/\/www.bibula.com\/index.php?rest_route=\/wp\/v2\/posts\/2156"}],"collection":[{"href":"https:\/\/www.bibula.com\/index.php?rest_route=\/wp\/v2\/posts"}],"about":[{"href":"https:\/\/www.bibula.com\/index.php?rest_route=\/wp\/v2\/types\/post"}],"author":[{"embeddable":true,"href":"https:\/\/www.bibula.com\/index.php?rest_route=\/wp\/v2\/users\/1"}],"replies":[{"embeddable":true,"href":"https:\/\/www.bibula.com\/index.php?rest_route=%2Fwp%2Fv2%2Fcomments&post=2156"}],"version-history":[{"count":0,"href":"https:\/\/www.bibula.com\/index.php?rest_route=\/wp\/v2\/posts\/2156\/revisions"}],"wp:attachment":[{"href":"https:\/\/www.bibula.com\/index.php?rest_route=%2Fwp%2Fv2%2Fmedia&parent=2156"}],"wp:term":[{"taxonomy":"category","embeddable":true,"href":"https:\/\/www.bibula.com\/index.php?rest_route=%2Fwp%2Fv2%2Fcategories&post=2156"},{"taxonomy":"post_tag","embeddable":true,"href":"https:\/\/www.bibula.com\/index.php?rest_route=%2Fwp%2Fv2%2Ftags&post=2156"}],"curies":[{"name":"wp","href":"https:\/\/api.w.org\/{rel}","templated":true}]}}