{"id":21460,"date":"2010-05-09T20:32:25","date_gmt":"2010-05-10T01:32:25","guid":{"rendered":"http:\/\/www.bibula.com\/?p=21460"},"modified":"2010-05-09T20:32:47","modified_gmt":"2010-05-10T01:32:47","slug":"skandal-na-paradzie-wojskowej-w-moskwie-polscy-zolnierze-defilowali-w-moskwie-za-sztandarami-z-leninem","status":"publish","type":"post","link":"https:\/\/www.bibula.com\/?p=21460","title":{"rendered":"Skandal na paradzie wojskowej w Moskwie: Polscy \u017co\u0142nierze defilowali za sztandarami z Leninem"},"content":{"rendered":"<p><em><strong>Komorowski nie wiedzia\u0142 albo wiedzie\u0107 nie chcia\u0142<\/strong><\/em><\/p>\r\n\r\n<p><strong>Skandal na paradzie wojskowej w Moskwie. Przedstawiaj\u0105c Kompani\u0119  Reprezentacyjn\u0105 Wojska Polskiego, rosyjski spiker m\u00f3wi\u0142 o &#8222;polskich  \u017co\u0142nierzach, kt\u00f3rzy walczyli z hitlerowcami na terenie Zwi\u0105zku  Sowieckiego, brali udzia\u0142 w zdobyciu Berlina i defiladzie zwyci\u0119stwa w  Moskwie w 1945 roku&#8221;. Mowa oczywi\u015bcie o utworzonej pod sowieckim  protektoratem Ludowym Wojsku Polskim. O innych frontach, na kt\u00f3rych  walczy\u0142y autentyczne polskie formacje: 2. Korpus Polski gen. W\u0142adys\u0142awa  Andersa, I Samodzielna Brygada Spadochronowa gen. Stanis\u0142awa  Sosabowskiego, I Dywizja Pancerna gen. Stanis\u0142awa Maczka czy polskie  dywizjony lotnicze w Wielkiej Brytanii, nie pad\u0142o ani jedno s\u0142owo. <\/strong><\/p>\r\n\r\n<p>Sobotnie  spotkanie marsza\u0142ka Sejmu Bronis\u0142awa Komorowskiego z prezydentem Rosji  Dmitrijem Miedwiediewem dotyczy\u0142o m.in. materia\u0142\u00f3w ze \u015bledztwa w sprawie  zbrodni katy\u0144skiej oraz \u015bledztwa zwi\u0105zanego z katastrof\u0105 prezydenckiego  samolotu pod Smole\u0144skiem. Komorowski powiedzia\u0142, \u017ce prezydent  Miedwiediew &#8222;wykaza\u0142 si\u0119 daleko id\u0105cym zrozumieniem, deklaruj\u0105c, i\u017c w  stopniu maksymalnie szybkim trzeba da\u0107 stronie polskiej szans\u0119 na  ujawnienie opinii publicznej zapis\u00f3w czarnych skrzynek i innych  materia\u0142\u00f3w ze \u015bledztwa rosyjskiego&#8221;. Poinformowa\u0142 r\u00f3wnie\u017c, \u017ce prezydent  Rosji obieca\u0142 interwencj\u0119 w sprawie szczeg\u00f3lnego zabezpieczenia miejsca  katastrofy samolotu, gdzie &#8211; jak wynika z doniesie\u0144 medi\u00f3w &#8211; ci\u0105gle  jeszcze mo\u017cna znale\u017a\u0107 rzeczy osobiste ofiar katastrofy.<br \/>\r\n Prezydent  Rosji przekaza\u0142 te\u017c marsza\u0142kowi Sejmu 67 tom\u00f3w akt z rosyjskiego  \u015bledztwa w sprawie zbrodni katy\u0144skiej. Komorowski o\u015bwiadczy\u0142 jednak, \u017ce  nie wie, co znajduje si\u0119 w dokumentach przekazanych mu przez  Miedwiediewa. &#8211; Nie wiem, dosta\u0142em jeden tom, dzisiaj zostanie  przekazanych sze\u015b\u0107dziesi\u0105t par\u0119 tom\u00f3w dokument\u00f3w. Zostan\u0105 one obejrzane  przez historyk\u00f3w i b\u0119d\u0105 ocenione. Z tego, co zrozumia\u0142em, s\u0105 to  dokumenty ze \u015bledztwa rosyjskiego, wi\u0119c najprawdopodobniej to dokumenty,  o kt\u00f3re strona polska od d\u0142u\u017cszego czasu zabiega\u0142a. Na pewno nie s\u0105 to  wszystkie dokumenty. Sprawdzamy, czy s\u0105 one znane stronie polskiej &#8211;  m\u00f3wi\u0142 w sobot\u0119 po spotkaniu z prezydentem Miedwiediewem marsza\u0142ek  Komorowski.<\/p>\r\n\r\n<p>Mimo \u017ce &#8222;nie wiedzia\u0142&#8221;, co znajduje si\u0119 w tych tomach, to  ocenia\u0142, i\u017c podarowanie nam cz\u0119\u015bci materia\u0142\u00f3w ze \u015bledztwa w sprawie  zbrodni katy\u0144skiej prowadzonego w latach 1990-2004 przez G\u0142\u00f3wn\u0105  Prokuratur\u0119 Wojskow\u0105 Federacji Rosyjskiej jest &#8222;krokiem w dobr\u0105 stron\u0119&#8221;.  Komorowski liczy na to, \u017ce poczynione zostan\u0105 nast\u0119pne kroki. &#8211;  Prezydent Miedwiediew zapowiedzia\u0142, \u017ce zrealizuje w pe\u0142ni swoje  zapowiedzi ze spotkania na Wawelu, w dniu pogrzebu prezydenta Lecha  Kaczy\u0144skiego, i traktuje przekazanie cz\u0119\u015bci tych dokument\u00f3w jako  wykonanie swojej obietnicy. Mieli\u015bmy z tym zwi\u0105zane daleko id\u0105ce  nadzieje, \u017ce kolejne kroki b\u0119d\u0105 oznacza\u0142y, i\u017c minie w pe\u0142ni okres  k\u0142amstwa katy\u0144skiego, \u017ce zbrodnia katy\u0144ska zostanie ujawniona nie tylko  wobec Polski, bo przecie\u017c my o Katyniu wiemy. Problem polega na tym,  \u017ceby o tym dowiedzieli si\u0119 tak\u017ce Rosjanie, mogli to prze\u017cy\u0107 tak\u017ce jako  cz\u0105stk\u0119 wsp\u00f3lnego, bolesnego do\u015bwiadczenia z \u017cycia naszych narod\u00f3w w  ramach systemu totalitarnego &#8211; doda\u0142 marsza\u0142ek Komorowski.<br \/>\r\n Oceni\u0142, \u017ce  istnieje du\u017ca szansa &#8222;nie tylko przez uruchomienie ponownego \u015bledztwa  katy\u0144skiego przez Rosj\u0119, ale tak\u017ce przez wol\u0119 polityczn\u0105 na jednoznaczn\u0105  rehabilitacj\u0119 ofiar zbrodni katy\u0144skiej&#8221;.<\/p>\r\n\r\n<p><strong>Odznaczeni za prawd\u0119  o Katyniu<\/strong><\/p>\r\n\r\n<p>Po spotkaniu z prezydentem Rosji marsza\u0142ek Sejmu  z\u0142o\u017cy\u0142 kwiaty na cmentarzu Do\u0144skim pod tablicami upami\u0119tniaj\u0105cymi  aresztowanych przez NKWD gen. Leopolda Okulickiego oraz Delegata Rz\u0105du  RP na Kraj Stanis\u0142awa Jasiukowicza &#8222;Opolskiego&#8221;. Obaj zgin\u0119li w  sowieckim wi\u0119zieniu. Marsza\u0142ek z\u0142o\u017cy\u0142 tak\u017ce wi\u0105zank\u0119 kwiat\u00f3w przed  pomnikiem \u0179o\u0142nierzy Armii Czerwonej, a na placu \u0141ubia\u0144skim &#8211; przy  Kamieniu So\u0142owieckim upami\u0119tniaj\u0105cym ofiary stalinowskiego terroru. W  polskiej ambasadzie w Moskwie marsza\u0142ek Komorowski odznaczy\u0142 rosyjskich  obywateli zas\u0142u\u017conych dla ujawniania prawdy o zbrodni katy\u0144skiej.  Odznaczenia te wr\u0119czy\u0107 mia\u0142 ju\u017c prezydent Lech Kaczy\u0144ski podczas  uroczysto\u015bci w Katyniu 10 kwietnia bie\u017c\u0105cego roku. Komorowski odznaczy\u0142  r\u00f3wnie\u017c tych, kt\u00f3rzy zas\u0142u\u017cyli si\u0119 w akcji ratowniczej po katastrofie  prezydenckiego samolotu pod Smole\u0144skiem. W\u015br\u00f3d nich znale\u017ali si\u0119 m.in.  lekarze, stra\u017cacy, \u017co\u0142nierze i eksperci od medycyny s\u0105dowej.<br \/>\r\n W sobot\u0119  na r\u0119ce marsza\u0142ka przekazane zosta\u0142o god\u0142o RP z prezydenckiej salonki  rozbitego TU-154. Odbieraj\u0105c je, Komorowski zapowiedzia\u0142, \u017ce nazajutrz  trafi ono do Smole\u0144ska oraz Katynia. <br \/>\r\n Wczoraj marsza\u0142ek spotka\u0142 si\u0119 z  kanclerz Niemiec Angel\u0105 Merkel. Nie dosz\u0142a natomiast do skutku  anonsowana rozmowa z prezydentem Francji, gdy\u017c Nicolas Sarkozy odwo\u0142a\u0142  sw\u00f3j przyjazd do stolicy Rosji.<\/p>\r\n\r\n<p>Z Moskwy Bronis\u0142aw Komorowski uda\u0142  si\u0119 do Smole\u0144ska na miejsce katastrofy prezydenckiego samolotu TU-154, a  nast\u0119pnie do Katynia. Marsza\u0142ek stwierdzi\u0142, \u017ce b\u0119d\u0105c w Moskwie, nie  mo\u017cna nie przyby\u0107 na miejsce katastrofy, w kt\u00f3rej zgin\u0105\u0142 prezydent  Polski, a tak\u017ce jego przyjaciele. Jeszcze przed wyjazdem do stolicy  Rosji wizyta w Smole\u0144sku i Katyniu nie figurowa\u0142a jednak w programie. W  miejscu tragedii przy smole\u0144skim lotnisku, obok symbolicznego kamienia,  gdzie sk\u0142adane s\u0105 wi\u0105zanki kwiat\u00f3w, marsza\u0142ek zapali\u0142 znicze. W  obecno\u015bci gubernatora okr\u0119gu smole\u0144skiego, kt\u00f3ry uroczy\u015bcie &#8211; chlebem i  sol\u0105 &#8211; przywita\u0142 pe\u0142ni\u0105cego obowi\u0105zki prezydenta  na granicy swojego  okr\u0119gu, Bronis\u0142aw Komorowski zaznaczy\u0142, i\u017c bardzo zale\u017cy nam na  w\u0142a\u015bciwym zabezpieczeniu terenu katastrofy. Gubernator poinformowa\u0142, \u017ce  ustanowiony zosta\u0142 specjalny posterunek milicji przy miejscu tragedii.  Zadeklarowa\u0142, i\u017c po zako\u0144czeniu wyja\u015bniania przyczyn katastrofy, we  wsp\u00f3\u0142pracy ze stron\u0105 polsk\u0105 utworzone zostanie miejsce pami\u0119ci ofiar.<\/p>\r\n\r\n<p>W  Katyniu marsza\u0142ek wzi\u0105\u0142 udzia\u0142 we Mszy \u015bw. odprawionej na polskim  cmentarzu w intencji zamordowanych w Katyniu, a tak\u017ce ofiar smole\u0144skiej  katastrofy. Komorowski podkre\u015bla\u0142, \u017ce liczy, i\u017c wszystkie dokumenty ze  \u015bledztwa katy\u0144skiego zostan\u0105 odtajnione i upublicznione.<br \/>\r\n <strong><\/strong><\/p>\r\n\r\n<p><strong><em>Artur  Kowalski<\/em>, Moskwa<\/strong><\/p>","protected":false},"excerpt":{"rendered":"Komorowski nie wiedzia\u0142 albo wiedzie\u0107 nie chcia\u0142 Skandal na paradzie wojskowej w Moskwie. Przedstawiaj\u0105c Kompani\u0119 Reprezentacyjn\u0105 Wojska Polskiego, rosyjski spiker m\u00f3wi\u0142 o &#8222;polskich \u017co\u0142nierzach, kt\u00f3rzy walczyli z hitlerowcami na terenie Zwi\u0105zku Sowieckiego, brali udzia\u0142 w zdobyciu Berlina i defiladzie zwyci\u0119stwa w Moskwie w 1945 roku&#8221;. Mowa oczywi\u015bcie o utworzonej pod sowieckim protektoratem Ludowym Wojsku Polskim. [&hellip;]","protected":false},"author":1,"featured_media":0,"comment_status":"closed","ping_status":"closed","sticky":false,"template":"","format":"standard","meta":{"_acf_changed":false,"_monsterinsights_skip_tracking":false,"_monsterinsights_sitenote_active":false,"_monsterinsights_sitenote_note":"","_monsterinsights_sitenote_category":0,"ngg_post_thumbnail":0,"footnotes":"","_wp_rev_ctl_limit":""},"categories":[6],"tags":[66,98,59],"acf":[],"_links":{"self":[{"href":"https:\/\/www.bibula.com\/index.php?rest_route=\/wp\/v2\/posts\/21460"}],"collection":[{"href":"https:\/\/www.bibula.com\/index.php?rest_route=\/wp\/v2\/posts"}],"about":[{"href":"https:\/\/www.bibula.com\/index.php?rest_route=\/wp\/v2\/types\/post"}],"author":[{"embeddable":true,"href":"https:\/\/www.bibula.com\/index.php?rest_route=\/wp\/v2\/users\/1"}],"replies":[{"embeddable":true,"href":"https:\/\/www.bibula.com\/index.php?rest_route=%2Fwp%2Fv2%2Fcomments&post=21460"}],"version-history":[{"count":0,"href":"https:\/\/www.bibula.com\/index.php?rest_route=\/wp\/v2\/posts\/21460\/revisions"}],"wp:attachment":[{"href":"https:\/\/www.bibula.com\/index.php?rest_route=%2Fwp%2Fv2%2Fmedia&parent=21460"}],"wp:term":[{"taxonomy":"category","embeddable":true,"href":"https:\/\/www.bibula.com\/index.php?rest_route=%2Fwp%2Fv2%2Fcategories&post=21460"},{"taxonomy":"post_tag","embeddable":true,"href":"https:\/\/www.bibula.com\/index.php?rest_route=%2Fwp%2Fv2%2Ftags&post=21460"}],"curies":[{"name":"wp","href":"https:\/\/api.w.org\/{rel}","templated":true}]}}