{"id":21430,"date":"2010-05-09T09:40:19","date_gmt":"2010-05-09T14:40:19","guid":{"rendered":"http:\/\/www.bibula.com\/?p=21430"},"modified":"2010-05-09T09:40:19","modified_gmt":"2010-05-09T14:40:19","slug":"pamietajmy-o-ofiarach-sowieckich-zolnierzy-wojciech-wencel","status":"publish","type":"post","link":"https:\/\/www.bibula.com\/?p=21430","title":{"rendered":"Pami\u0119tajmy o ofiarach sowieckich \u017co\u0142nierzy &#8211; <em>Wojciech Wencel<\/em>"},"content":{"rendered":"<p><strong>Rosjanie w towarzystwie Bronis\u0142awa  Komorowskiego \u015bwi\u0119tuj\u0105 dzi\u015b na Placu Czerwonym w Moskwie rocznic\u0119  zwyci\u0119stwa nad hitlerowskimi Niemcami. <\/strong><\/p>\r\n\r\n<p>Kremlowscy\u00a0politycy postanowili budowa\u0107 to\u017csamo\u015b\u0107 Rosji na  osi\u0105gni\u0119ciach\u00a0Stalina.\u00a0M\u00f3wi\u0105, \u017ce 65 lat temu przywr\u00f3cili \u015bwiatu pok\u00f3j,  cho\u0107 Polsce przynie\u015bli kolejn\u0105 okupacj\u0119, kt\u00f3rej ofiarami, zw\u0142aszcza w  latach 1944-1963, pad\u0142o wielu \u017co\u0142nierzy AK, NSZ i cywilnych patriot\u00f3w.  Sk\u0142adaj\u0105 ho\u0142d Armii Czerwonej &#8211; tej samej, kt\u00f3ra we wrze\u015bniu 1939 roku  wsp\u00f3lnie z wojskami III Rzeszy rozp\u0119ta\u0142a II wojn\u0119 \u015bwiatow\u0105, wkraczaj\u0105c  na terytorium niepodleg\u0142ej Polski.<br \/>\r\n <br \/>\r\n Tak\u017ce w naszym kraju s\u0105 ludzie, kt\u00f3rzy zapalaj\u0105 dzi\u015b znicze na mogi\u0142ach  \u201em\u0142odych ch\u0142opc\u00f3w\u201d z Armii Czerwonej. Tych samych \u201em\u0142odych ch\u0142opc\u00f3w\u201d,  kt\u00f3rzy w 1945 roku \u201edaleko od domu\u201d w my\u015bl zasady \u201ekrew nie woda\u201d masowo  gwa\u0142cili polskie kobiety. By\u0142a to praktyka szczeg\u00f3lnie okrutna.  Zw\u0142aszcza na \u015al\u0105sku i na Kaszubach Polki by\u0142y gwa\u0142cone przez ca\u0142e grupy  czerwonoarmist\u00f3w, kilku- a nawet kilkunastokrotnie, na oczach dzieci,  m\u0119\u017c\u00f3w, rodzic\u00f3w, dziadk\u00f3w, rodze\u0144stwa. Czyn\u00f3w tych dokonywano nie tylko  na m\u0142odych dziewczynach i dojrza\u0142ych kobietach, tak\u017ce na kilkuletnich  dziewczynkach i staruszkach. Powszechn\u0105 praktyk\u0105 Sowiet\u00f3w by\u0142o ponadto  okradanie polskich gospodarstw. Zdarza\u0142y si\u0119 r\u00f3wnie\u017c przypadki  mordowania niepokornych.<br \/>\r\n <br \/>\r\n Zamiast czci\u0107 pami\u0119\u0107 \u017co\u0142nierzy Armii Czerwonej &#8211; naje\u017ad\u017ac\u00f3w, z\u0142odziei i  gwa\u0142cicieli &#8211; uczcijmy pami\u0119\u0107 tych Polek i Polak\u00f3w, kt\u00f3rzy padli jej  ofiarami.<\/p>\r\n\r\n<p><strong><em>Wojciech Wencel<\/em><\/strong><\/p>","protected":false},"excerpt":{"rendered":"Rosjanie w towarzystwie Bronis\u0142awa Komorowskiego \u015bwi\u0119tuj\u0105 dzi\u015b na Placu Czerwonym w Moskwie rocznic\u0119 zwyci\u0119stwa nad hitlerowskimi Niemcami. Kremlowscy\u00a0politycy postanowili budowa\u0107 to\u017csamo\u015b\u0107 Rosji na osi\u0105gni\u0119ciach\u00a0Stalina.\u00a0M\u00f3wi\u0105, \u017ce 65 lat temu przywr\u00f3cili \u015bwiatu pok\u00f3j, cho\u0107 Polsce przynie\u015bli kolejn\u0105 okupacj\u0119, kt\u00f3rej ofiarami, zw\u0142aszcza w latach 1944-1963, pad\u0142o wielu \u017co\u0142nierzy AK, NSZ i cywilnych patriot\u00f3w. Sk\u0142adaj\u0105 ho\u0142d Armii Czerwonej &#8211; [&hellip;]","protected":false},"author":1,"featured_media":0,"comment_status":"closed","ping_status":"closed","sticky":false,"template":"","format":"standard","meta":{"_acf_changed":false,"_monsterinsights_skip_tracking":false,"_monsterinsights_sitenote_active":false,"_monsterinsights_sitenote_note":"","_monsterinsights_sitenote_category":0,"ngg_post_thumbnail":0,"footnotes":"","_wp_rev_ctl_limit":""},"categories":[9],"tags":[66,59],"acf":[],"_links":{"self":[{"href":"https:\/\/www.bibula.com\/index.php?rest_route=\/wp\/v2\/posts\/21430"}],"collection":[{"href":"https:\/\/www.bibula.com\/index.php?rest_route=\/wp\/v2\/posts"}],"about":[{"href":"https:\/\/www.bibula.com\/index.php?rest_route=\/wp\/v2\/types\/post"}],"author":[{"embeddable":true,"href":"https:\/\/www.bibula.com\/index.php?rest_route=\/wp\/v2\/users\/1"}],"replies":[{"embeddable":true,"href":"https:\/\/www.bibula.com\/index.php?rest_route=%2Fwp%2Fv2%2Fcomments&post=21430"}],"version-history":[{"count":0,"href":"https:\/\/www.bibula.com\/index.php?rest_route=\/wp\/v2\/posts\/21430\/revisions"}],"wp:attachment":[{"href":"https:\/\/www.bibula.com\/index.php?rest_route=%2Fwp%2Fv2%2Fmedia&parent=21430"}],"wp:term":[{"taxonomy":"category","embeddable":true,"href":"https:\/\/www.bibula.com\/index.php?rest_route=%2Fwp%2Fv2%2Fcategories&post=21430"},{"taxonomy":"post_tag","embeddable":true,"href":"https:\/\/www.bibula.com\/index.php?rest_route=%2Fwp%2Fv2%2Ftags&post=21430"}],"curies":[{"name":"wp","href":"https:\/\/api.w.org\/{rel}","templated":true}]}}