{"id":21313,"date":"2010-05-06T22:58:56","date_gmt":"2010-05-07T03:58:56","guid":{"rendered":"http:\/\/www.bibula.com\/?p=21313"},"modified":"2010-05-06T23:00:43","modified_gmt":"2010-05-07T04:00:43","slug":"patrioci-uwazajcie-na-samoloty","status":"publish","type":"post","link":"https:\/\/www.bibula.com\/?p=21313","title":{"rendered":"Patrioci, uwa\u017cajcie na samoloty!"},"content":{"rendered":"<p>Politycy przywi\u0105zani do idei narodowej, do niepodleg\u0142o\u015bci i suwerennosci  swych pa\u0144stw, powinni zrezygnowa\u0107 z korzystania z samolot\u00f3w, bo  najwyra\u017aniej to im nie s\u0142u\u017cy. Dzi\u015b w dniu inauguracji wybor\u00f3w  parlamentarnych w Wielkiej Brytanii, znany eurosceptyk, jeden z lider\u00f3w  Partii Niepodleg\u0142o\u015bci UKIP, Nigel Farage cudem prze\u017cy\u0142 wypadek swej  awionetki. Farage chcia\u0142 zach\u0119ci\u0107 do g\u0142osowania na UKIP i dlatego  zdecydowa\u0142 si\u0119 na lot samolotem, kt\u00f3ry ci\u0105gn\u0105\u0142 za sob\u0105 baner reklamowy.  Maszyna niespodziewanie odm\u00f3wi\u0142a pos\u0142usze\u0144stwa i spad\u0142a na ziemi\u0119.  Nigel Farage zosta\u0142 z samolotu wyci\u0105gni\u0119ty wp\u00f3\u0142 przytomny i zalany krwi\u0105  i przewieziony do szpitala Horton w Banbury. Szcz\u0119\u015bliwie, poza drobnymi  urazami g\u0142owy i twarzy nic si\u0119 mu nie sta\u0142o. Katastrofa nast\u0105pi\u0142a  wed\u0142ug \u015bwiadk\u00f3w zdarzenia, tu\u017c po starcie. Wypadek b\u0119dzie zbadany przez  Brytyjsk\u0105 Izb\u0119 Wypadk\u00f3w Lotniczych AAIB. Wszcz\u0119cie dochodzenia  potwierdzi\u0142, jej rzecznik, ale nie chcia\u0142 spekulowa\u0107 na temat  ewentualnych przyczyn wypadku. Wiadomo tylko, \u017ce warunki pogodowe by\u0142y  bardzo dobre a maszyna sprawna.<\/p>\r\n\r\n<p>Jako ciekawostk\u0119 mo\u017cna tylko doda\u0107 fakt, \u017ce feralnym samolotem by\u0142a  polska Wilga PZL-104 w wersji 35A.<br \/>\r\n <br \/>\r\n Nigel Farage znany jest ze swych p\u0142omiennych wyst\u0105pie\u0144 w parlamencie  Europejskim, podczas kt\u00f3rych bezlito\u015bnie obna\u017ca manipulacje i  zntydemokratyczne zap\u0119dy lewicy. 24 lutego 2010r podczas sesji  Parlamentu Europejskiego Nigel Farage zarzuci\u0142 Hermanowi Van Rompuy,  brak legitymizacji pe\u0142nionego urz\u0119du, a tak\u017ce og\u00f3ln\u0105 niedemokratyczno\u015b\u0107  struktur unijnych, u\u017cywaj\u0105c przy tym s\u0142\u00f3w takich jak &#8222;charyzma ofiary  losu&#8221; (ang. charisma of a damp rag), co w polskich mediach zosta\u0142o  przet\u0142umaczone dos\u0142ownie jako &#8222;charyzma mokrej szmatki&#8221; a tak\u017ce &#8222;wygl\u0105d  szarego urz\u0119dnika bankowego&#8221;<\/p>\r\n\r\n<blockquote><p><strong>Samoloty PZL-104 Wilga<\/strong> w r\u00f3\u017cnych typach i konfiguracjach wyprodukowano w Polsce w ilo\u015bci oko\u0142o 1000 sztuk. Ciesz\u0105 si\u0119 one po dzi\u015b wielkim uznaniem ze wzgl\u0119du m.in. na statystyki bezpiecze\u0144stwa i s\u0105 u\u017cytkowane w kilkudziesi\u0119ciu krajach \u015bwiata. Polski przemys\u0142 lotniczny maj\u0105cy bardzo bogat\u0105 histori\u0119, wielkie mo\u017cliwo\u015bci i doskona\u0142e kadry in\u017cyniersko-techniczne, zosta\u0142 celowo i z premedytacj\u0105 rozmontowany &#8211; tak jak inne ga\u0142\u0119zie przemys\u0142u &#8211; w ramach &#8222;transformacji gospodarczej&#8221; prowadzonej pod kierunkiem towarzysza Komitetu Centralnego partii komunistycznej PZPR, prof. Leszka Balcerowicza oraz postkomunistyczne i liberalne rz\u0105dy sprawuj\u0105ce formaln\u0105 w\u0142adz\u0119 w Polsce. &#8211; <em>Red. BIBU\u0141Y<\/em><\/p><\/blockquote>\r\n\r\n<p><em><br \/>\r\n <\/em><\/p>","protected":false},"excerpt":{"rendered":"Politycy przywi\u0105zani do idei narodowej, do niepodleg\u0142o\u015bci i suwerennosci swych pa\u0144stw, powinni zrezygnowa\u0107 z korzystania z samolot\u00f3w, bo najwyra\u017aniej to im nie s\u0142u\u017cy. Dzi\u015b w dniu inauguracji wybor\u00f3w parlamentarnych w Wielkiej Brytanii, znany eurosceptyk, jeden z lider\u00f3w Partii Niepodleg\u0142o\u015bci UKIP, Nigel Farage cudem prze\u017cy\u0142 wypadek swej awionetki. Farage chcia\u0142 zach\u0119ci\u0107 do g\u0142osowania na UKIP i [&hellip;]","protected":false},"author":1,"featured_media":0,"comment_status":"closed","ping_status":"closed","sticky":false,"template":"","format":"standard","meta":{"_acf_changed":false,"_monsterinsights_skip_tracking":false,"_monsterinsights_sitenote_active":false,"_monsterinsights_sitenote_note":"","_monsterinsights_sitenote_category":0,"ngg_post_thumbnail":0,"footnotes":"","_wp_rev_ctl_limit":""},"categories":[6],"tags":[104],"acf":[],"_links":{"self":[{"href":"https:\/\/www.bibula.com\/index.php?rest_route=\/wp\/v2\/posts\/21313"}],"collection":[{"href":"https:\/\/www.bibula.com\/index.php?rest_route=\/wp\/v2\/posts"}],"about":[{"href":"https:\/\/www.bibula.com\/index.php?rest_route=\/wp\/v2\/types\/post"}],"author":[{"embeddable":true,"href":"https:\/\/www.bibula.com\/index.php?rest_route=\/wp\/v2\/users\/1"}],"replies":[{"embeddable":true,"href":"https:\/\/www.bibula.com\/index.php?rest_route=%2Fwp%2Fv2%2Fcomments&post=21313"}],"version-history":[{"count":0,"href":"https:\/\/www.bibula.com\/index.php?rest_route=\/wp\/v2\/posts\/21313\/revisions"}],"wp:attachment":[{"href":"https:\/\/www.bibula.com\/index.php?rest_route=%2Fwp%2Fv2%2Fmedia&parent=21313"}],"wp:term":[{"taxonomy":"category","embeddable":true,"href":"https:\/\/www.bibula.com\/index.php?rest_route=%2Fwp%2Fv2%2Fcategories&post=21313"},{"taxonomy":"post_tag","embeddable":true,"href":"https:\/\/www.bibula.com\/index.php?rest_route=%2Fwp%2Fv2%2Ftags&post=21313"}],"curies":[{"name":"wp","href":"https:\/\/api.w.org\/{rel}","templated":true}]}}