{"id":2122,"date":"2008-06-18T14:32:58","date_gmt":"2008-06-18T14:32:58","guid":{"rendered":""},"modified":"-0001-11-30T00:00:00","modified_gmt":"-0001-11-30T04:00:00","slug":"","status":"publish","type":"post","link":"https:\/\/www.bibula.com\/?p=2122","title":{"rendered":"Ekskomunika Minister Kopacz &#8211; Wy\u015blij pismo do biskupa"},"content":{"rendered":"<p>Prosz\u0119 o wysy\u0142anie (najlepiej listem poleconym) pism wed\u0142ug wzoru do  biskupa Zimowskiego. Prosz\u0119 o przekazanie informacji do kogo si\u0119 da i  rozsy\u0142anie wzor\u00f3w pisma mailami do znajomych.<\/p>\r\n<table class=\"outset\" width=\"430\" align=\"center\"><tr><td>\r\n\r\n<p>Miejscowo\u015b\u0107, DD.MM.RRRR <br \/>\r\n  Imi\u0119 i nazwisko <br \/>\r\nAdres <br \/>\r\nMiejscowo\u015b\u0107 <br \/>\r\n<br \/>\r\n<br \/>\r\n<br \/>\r\nJego Ekscelencja <br \/>\r\nks. bp Zygmunt Zimowski <br \/>\r\nul. Malczewskiego 1 <br \/>\r\n26-600 Radom <br \/>\r\n<br \/>\r\n<br \/>\r\n<br \/>\r\nZawiadomienie o podejrzeniu pope\u0142nienia przest\u0119pstwa prawno-kanonicznego <br \/>\r\n<br \/>\r\n<br \/>\r\n<br \/>\r\nEkscelencjo, Przewielebny Ksi\u0119\u017ce Biskupie. <br \/>\r\n<br \/>\r\nNa podstawie informacji podanych przez \u015brodki masowego przekazu  mo\u017cna powzi\u0105\u0107 uzasadnione podejrzenie o zaci\u0105gni\u0119ciu przez pani\u0105  Minister Zdrowia Ew\u0119 Kopacz ekskomuniki latae sententiae na podstawie  kanon\u00f3w 1398 oraz 1329 &sect;2 Kodeksu Prawa Kanonicznego. <br \/>\r\n<br \/>\r\nPani minister Kopacz, jak sama powiedzia\u0142a w programie &bdquo;Teraz my&rdquo; w  TVN dnia 16.06.2008, wsp\u00f3lnie i w porozumieniu z Rzecznikiem Praw  Pacjenta, pomog\u0142a w zorganizowaniu aborcji u 14-letniej uczennicy z  Lublina (&bdquo;Agaty&rdquo;) poprzez pomoc prawn\u0105 oraz znalezienie szpitala  gotowego na przeprowadzenie aborcji. W mediach podano informacj\u0119, \u017ce  kilka szpitali odm\u00f3wi\u0142o wykonania aborcji z powod\u00f3w etycznych, wi\u0119c bez  udzia\u0142u pani Kopacz przeprowadzenie przerwania ci\u0105\u017cy najprawdopodobniej  by\u0142oby niemo\u017cliwe. <br \/>\r\n<br \/>\r\nPoniewa\u017c w dniu 18.06.2008 agencja KAI poda\u0142a informacj\u0119 o  przeprowadzeniu dzie\u0144 wcze\u015bniej aborcji u 14-letniej &bdquo;Agaty&rdquo;, wszystkie  osoby pomagaj\u0105ce w jej przeprowadzeniu zaci\u0105gn\u0119\u0142y ekskomunik\u0119 latae  sententiae, na podstawie kanonu 1329 &sect;2 jako wsp\u00f3lnicy. <br \/>\r\n<br \/>\r\nPani minister Ewa Kopacz mieszka w Szyd\u0142owcu, wiec podlega pod  jurysdykcj\u0119 Waszej Ekscelencji. Z uwagi na mo\u017cliwo\u015b\u0107 zgorszenia (pani  Kopacz podaje si\u0119 za katoliczk\u0119 i osob\u0119 g\u0142\u0119boko wierz\u0105c\u0105) pokornie  prosz\u0119 o zbadanie, czy pani minister Kopacz zaci\u0105gn\u0119\u0142a ekskomunik\u0119 oraz  w przypadku pozytywnego orzeczenia &ndash; o publiczne zadeklarowanie jej  zaci\u0105gni\u0119cia stosownym dekretem. <br \/>\r\n<br \/>\r\nIn Christo <br \/>\r\n<br \/>\r\n<br \/>\r\n<br \/>\r\nImi\u0119 i Nazwisko <br \/>\r\n<br \/>\r\n&#8212;&#8212;&#8212;&#8212;&#8212;&#8212;&#8212;&#8212;&#8212;&#8212;&#8212;&#8212;&#8211; <br \/>\r\nPismo do pobrania w formatach Worda i Open Office: <br \/>\r\n<a class=\"content_sz\" href =\"http:\/\/katolicy.net\/tomek\/pismo_Kopacz.doc\" target=\"_blank\"><img decoding=\"async\" src=\"http:\/\/fronda.pl\/gfx\/ik_link.png\" alt=\"http:\/\/katolicy.net\/tomek\/pismo_Kopacz.doc\" align=\"absmiddle\" border=\"0\" height=\"34\" width=\"34\" \/><\/a><br \/>\r\n<a class=\"content_sz\" href =\"http:\/\/katolicy.net\/tomek\/pismo_Kopacz.odt\" target=\"_blank\"><img decoding=\"async\" src=\"http:\/\/fronda.pl\/gfx\/ik_link.png\" alt=\"http:\/\/katolicy.net\/tomek\/pismo_Kopacz.odt\" align=\"absmiddle\" border=\"0\" height=\"34\" width=\"34\" \/><\/a><br \/>\r\n<\/p>\r\n<\/div><\/td><\/tr><\/table>\r\n<p>Za: <a class=\"content_sz\" href =\"http:\/\/forum.fronda.pl\/?akcja=pokaz&amp;id=1734386\" target=\"_blank\">Forum Fronda |  katolicy.net | Tomasz Dajczak<\/a><\/p>\r\n\r\n","protected":false},"excerpt":{"rendered":"Prosz\u0119 o wysy\u0142anie (najlepiej listem poleconym) pism wed\u0142ug wzoru do biskupa Zimowskiego. Prosz\u0119 o przekazanie informacji do kogo si\u0119 da i rozsy\u0142anie wzor\u00f3w pisma mailami do znajomych. Miejscowo\u015b\u0107, DD.MM.RRRR Imi\u0119 i nazwisko Adres Miejscowo\u015b\u0107 Jego Ekscelencja ks. bp Zygmunt Zimowski ul. Malczewskiego 1 26-600 Radom Zawiadomienie o podejrzeniu pope\u0142nienia przest\u0119pstwa prawno-kanonicznego Ekscelencjo, Przewielebny Ksi\u0119\u017ce Biskupie. [&hellip;]","protected":false},"author":1,"featured_media":0,"comment_status":"closed","ping_status":"open","sticky":false,"template":"","format":"standard","meta":{"_acf_changed":false,"_monsterinsights_skip_tracking":false,"_monsterinsights_sitenote_active":false,"_monsterinsights_sitenote_note":"","_monsterinsights_sitenote_category":0,"ngg_post_thumbnail":0,"footnotes":"","_wp_rev_ctl_limit":""},"categories":[8],"tags":[],"acf":[],"_links":{"self":[{"href":"https:\/\/www.bibula.com\/index.php?rest_route=\/wp\/v2\/posts\/2122"}],"collection":[{"href":"https:\/\/www.bibula.com\/index.php?rest_route=\/wp\/v2\/posts"}],"about":[{"href":"https:\/\/www.bibula.com\/index.php?rest_route=\/wp\/v2\/types\/post"}],"author":[{"embeddable":true,"href":"https:\/\/www.bibula.com\/index.php?rest_route=\/wp\/v2\/users\/1"}],"replies":[{"embeddable":true,"href":"https:\/\/www.bibula.com\/index.php?rest_route=%2Fwp%2Fv2%2Fcomments&post=2122"}],"version-history":[{"count":0,"href":"https:\/\/www.bibula.com\/index.php?rest_route=\/wp\/v2\/posts\/2122\/revisions"}],"wp:attachment":[{"href":"https:\/\/www.bibula.com\/index.php?rest_route=%2Fwp%2Fv2%2Fmedia&parent=2122"}],"wp:term":[{"taxonomy":"category","embeddable":true,"href":"https:\/\/www.bibula.com\/index.php?rest_route=%2Fwp%2Fv2%2Fcategories&post=2122"},{"taxonomy":"post_tag","embeddable":true,"href":"https:\/\/www.bibula.com\/index.php?rest_route=%2Fwp%2Fv2%2Ftags&post=2122"}],"curies":[{"name":"wp","href":"https:\/\/api.w.org\/{rel}","templated":true}]}}