{"id":2113,"date":"2008-06-15T18:50:32","date_gmt":"2008-06-15T18:50:32","guid":{"rendered":""},"modified":"-0001-11-30T00:00:00","modified_gmt":"-0001-11-30T04:00:00","slug":"","status":"publish","type":"post","link":"https:\/\/www.bibula.com\/?p=2113","title":{"rendered":"Dario kard. Castrillon Hoyos: Msza trydencka musi powr?ci\u0107 do wszystkich parafii!"},"content":{"rendered":"<p>Jak donosi <a class=\"content_sz\" href =\"http:\/\/www.telegraph.co.uk\/news\/uknews\/2129070\/Latin-mass-to-return-to-England-and-Wales.html?service=print\">The Telegraph<\/a>,  przewodnicz\u0105cy papieskiej komisji Ecclesia Dei, Dario kard. Castrillon  Hoyos podczas konferencji prasowej, kt\u00f3ra zosta\u0142a zorganizowana w  Londynie po pierwszej od 40 lat celebracji przez kardyna\u0142a Mszy  trydenckiej w katedrze w Westminster, powiedzia\u0142 i\u017c <strong>Tradycyjna Msza  \u015bwi\u0119ta, praktycznie zakazana przez ostatnie 40 lat, ma by\u0107 przywr\u00f3cona  we wszystkich parafiach Anglii i Walii. W dodatku Watykan wprowadzi we  wszystkich seminariach wym\u00f3g nauczania kleryk\u00f3w celebracji Mszy  trydenckiej, aby w przysz\u0142o\u015bci ka\u017cdy kap\u0142an potrafi\u0142 j\u0105 odprawi\u0107.  Wsp\u00f3lnoty katolickie na ca\u0142ym \u015bwiecie ju\u017c wkr\u00f3tce otrzymaj\u0105 specjaln\u0105  instrukcj\u0119, kt\u00f3ra pozwoli lepiej zrozumie\u0107 i doceni\u0107 przedsoborowy ryt  sakramentalny.<\/strong> Telegraph pisze dalej, \u017ce <strong>wczorajsze o\u015bwiadczenie  wyg\u0142oszone w imieniu Benedykta XVI przez watyka\u0144skiego hierarch\u0119,  odpowiedzialnego za dawn\u0105 liturgi\u0119, zapewne przerazi\u0142o post\u0119powych  katolik\u00f3w, w tym wielu biskup\u00f3w Anglii i Walii. Papie\u017c zmartwi\u0142 ju\u017c  post\u0119powc\u00f3w wydaj\u0105c w ubieg\u0142ym roku motu proprio &#8222;uwalniaj\u0105ce&#8221; dawn\u0105  liturgi\u0119. Wczorajsze posuni\u0119cie wskazuje jasno, \u017ce intencj\u0105 Ojca  \u015bwi\u0119tego jest szersza promocja wiekowego obrz\u0105dku.<\/strong><br \/>\r\n    <br \/>\r\n    Spytany o to, czy Msza trydencka mog\u0142aby by\u0107 sprawowana w przysz\u0142o\u015bci w wielu parafiach, kardyna\u0142 odpowiedzia\u0142: <strong>Nie  &#8222;w wielu&#8221;. We wszystkich parafiach! Ojciec \u015bwi\u0119ty daje dawn\u0105 liturgi\u0119  nie tylko dla tych kilku grup, kt\u00f3re o ni\u0105 prosz\u0105, ale dla wszystkich,  aby ka\u017cdy z nas zna\u0142 ten spos\u00f3b sprawowania Mszy \u015bwi\u0119tej.<\/strong><br \/>\r\n    <br \/>\r\n    Ksi\u0105dz kardyna\u0142 przypomnia\u0142 r\u00f3wnie\u017c i\u017c <strong>czcigodna  cisza w rycie trydenckim stanowi jeden ze skarb\u00f3w, kt\u00f3ry katolicy,  szczeg\u00f3lnie m\u0142odzi, kt\u00f3rzy przychodz\u0105 po raz pierwszy na Msz\u0119  trydenck\u0105, powinni odkry\u0107 na nowo. Papie\u017c chce przywr\u00f3ci\u0107 dawny ryt,  kt\u00f3ry b\u0119dzie nazwany rytem gregoria\u0144skim, nawet tam, gdzie wsp\u00f3lnota o  to nie prosi. Skoro ludzie nie znaj\u0105 tego rytu, to nie prosz\u0105 o Msze  \u015bwi\u0119te w nim odprawiane<\/strong> &#8211; wyja\u015bni\u0142 kard. Castrillon Hoyos.<br \/>\r\n    <br \/>\r\n    M\u00f3wi\u0105c o Nowej Mszy ksi\u0105dz kardyna\u0142 wyzna\u0142: <strong>Zrewidowana  Msza, przyj\u0119ta w 1970 r. po Drugim Soborze Watyka\u0144skim da\u0142a pocz\u0105tek  wielu, wielu, wielu nadu\u017cyciom. Do\u015bwiadczenie minionych 40 lat nie  zawsze by\u0142o dobre. Wielu ludzi utraci\u0142o poczucie szacunku i adoracji  Pana Boga, a nadu\u017cycia sprawi\u0142y, \u017ce wiele dzieci nie wie, jak si\u0119  zachowywa\u0107 w obecno\u015bci Pana Boga. Nowa Msza jakkolwiek nie zniknie.  \u017byczeniem papie\u017ca jest, aby obydwie formy rytu istnia\u0142y obok siebie.<\/strong><br \/>\r\n    <br \/>\r\n    Na  konferencji prasowej, dziennikarz z lewicuj\u0105cego &#8222;The Tablet&#8221; (taki  angielski &#8222;Go\u015b\u0107 Niedzielny&#8221;) spyta\u0142, czy zapowiadane zmiany liturgiczne  nie oznaczaj\u0105 &#8222;kroku wstecz&#8221;? Poczynaj\u0105c od dnia wydania papieskiego  motu proprio, post\u0119powi biskupi Anglii i Walii usi\u0142owali wielokrotnie  ogranicza\u0107 dost\u0119p wiernych do dawnego rytu Mszy twierdz\u0105c, i\u017c do  odprawiania takiej Mszy jest niezb\u0119dne istnienie &#8222;stabilnej grupy&#8221; (w  oryginale Summorum Pontificum: coetus) wiernych, kt\u00f3ra o ni\u0105 prosi. Kardyna\u0142 odpar\u0142 na to i\u017c <strong>stabilna  grupa mo\u017ce si\u0119 sk\u0142ada\u0107 cho\u0107by z trzech os\u00f3b, kt\u00f3re nie musz\u0105 nawet  pochodzi\u0107 z jednej parafii. Pe\u0142ne wdro\u017cenie zmian zajmie pewnie wiele  lat, tak samo jak wiele lat trwa\u0142o &#8222;absorbowanie soboru&#8221;, ale zwracam  uwag\u0119, \u017ce szeroki powr\u00f3t do celebracji dawnej Mszy nie sprzeciwia si\u0119  nauczaniu Drugiego Soboru Watyka\u0144skiego<\/strong>.<br \/>\r\n    <br \/>\r\n    Dzi\u0119kujemy ksi\u0119dzu  kardyna\u0142owi za te przera\u017caj\u0105ce dla post\u0119powc\u00f3w s\u0142owa i&#8230; zapraszamy do  Polski! U nas te\u017c jest wielu post\u0119powc\u00f3w, kt\u00f3rych mo\u017cna (i trzeba)  naprostowa\u0107 na ortodoksj\u0119.<br \/>\r\n    <br \/>\r\n    Wiemy z wielu \u017ar\u00f3de\u0142, \u017ce nasza  Kronika jest ju\u017c czytana przez kilku biskup\u00f3w, setki kap\u0142an\u00f3w i  kleryk\u00f3w, a poruszane przez nas problemy stanowi\u0105 tematy wielu rozm\u00f3w  przy obiadach i kolacjach na plebaniach. Jest nam mi\u0142o, \u017ce informujemy,  przekonujemy i przede wszystkim prowokujemy do dyskusji i my\u015blenia.  Pokornie prosimy o modlitwy w naszej intencji, o wspomnienie na nas w memento pro vivis, jak r\u00f3wnie\u017c o \u015bwiat\u0142o Ducha \u015bwi\u0119tego. <\/p>\r\n  <p>&nbsp;<\/p>\r\n\r\n<div>\r\n  <div> \r\n    <p>Za: Kronika Novus Ordo | Napisa\u0142  Dextimus      dnia <a class=\"content_sz\" href =\"http:\/\/breviarium.blogspot.com\/2008\/06\/msza-trydencka-musi-powrci-do.html\" rel=\"bookmark\" title=\"permanent link\"><abbr title=\"2008-06-15T12:17:00+02:00\">15.6.08<\/abbr><\/a> <BR>\r\n&#8222;Msza trydencka musi powr\u00f3ci\u0107 do wszystkich parafii!&#8221;<\/p>\r\n    <p>&nbsp;<\/p>\r\n  <\/div>\r\n<\/div>\r\n\r\n","protected":false},"excerpt":{"rendered":"Jak donosi The Telegraph, przewodnicz\u0105cy papieskiej komisji Ecclesia Dei, Dario kard. Castrillon Hoyos podczas konferencji prasowej, kt\u00f3ra zosta\u0142a zorganizowana w Londynie po pierwszej od 40 lat celebracji przez kardyna\u0142a Mszy trydenckiej w katedrze w Westminster, powiedzia\u0142 i\u017c Tradycyjna Msza \u015bwi\u0119ta, praktycznie zakazana przez ostatnie 40 lat, ma by\u0107 przywr\u00f3cona we wszystkich parafiach Anglii i Walii. [&hellip;]","protected":false},"author":1,"featured_media":0,"comment_status":"closed","ping_status":"open","sticky":false,"template":"","format":"standard","meta":{"_acf_changed":false,"_monsterinsights_skip_tracking":false,"_monsterinsights_sitenote_active":false,"_monsterinsights_sitenote_note":"","_monsterinsights_sitenote_category":0,"ngg_post_thumbnail":0,"footnotes":"","_wp_rev_ctl_limit":""},"categories":[3],"tags":[],"acf":[],"_links":{"self":[{"href":"https:\/\/www.bibula.com\/index.php?rest_route=\/wp\/v2\/posts\/2113"}],"collection":[{"href":"https:\/\/www.bibula.com\/index.php?rest_route=\/wp\/v2\/posts"}],"about":[{"href":"https:\/\/www.bibula.com\/index.php?rest_route=\/wp\/v2\/types\/post"}],"author":[{"embeddable":true,"href":"https:\/\/www.bibula.com\/index.php?rest_route=\/wp\/v2\/users\/1"}],"replies":[{"embeddable":true,"href":"https:\/\/www.bibula.com\/index.php?rest_route=%2Fwp%2Fv2%2Fcomments&post=2113"}],"version-history":[{"count":0,"href":"https:\/\/www.bibula.com\/index.php?rest_route=\/wp\/v2\/posts\/2113\/revisions"}],"wp:attachment":[{"href":"https:\/\/www.bibula.com\/index.php?rest_route=%2Fwp%2Fv2%2Fmedia&parent=2113"}],"wp:term":[{"taxonomy":"category","embeddable":true,"href":"https:\/\/www.bibula.com\/index.php?rest_route=%2Fwp%2Fv2%2Fcategories&post=2113"},{"taxonomy":"post_tag","embeddable":true,"href":"https:\/\/www.bibula.com\/index.php?rest_route=%2Fwp%2Fv2%2Ftags&post=2113"}],"curies":[{"name":"wp","href":"https:\/\/api.w.org\/{rel}","templated":true}]}}