{"id":21058,"date":"2010-04-29T13:37:50","date_gmt":"2010-04-29T18:37:50","guid":{"rendered":"http:\/\/www.bibula.com\/?p=21058"},"modified":"2010-04-29T13:37:50","modified_gmt":"2010-04-29T18:37:50","slug":"skutki-nieudolnego-panstwa-niewykluczone-ze-rodziny-ofiar-spod-smolenska-same-wezma-sie-za-sledztwo","status":"publish","type":"post","link":"https:\/\/www.bibula.com\/?p=21058","title":{"rendered":"Skutki nieudolnego pa\u0144stwa: Niewykluczone, \u017ce rodziny ofiar spod Smole\u0144ska same wezm\u0105 si\u0119 za \u015bledztwo"},"content":{"rendered":"<p><strong>Bliscy ofiar katastrofy 10 kwietnia s\u0105 oburzeni opiesza\u0142o\u015bci\u0105 \u015bledztwa i  nie wykluczaj\u0105 wynaj\u0119cia wsp\u00f3lnego pe\u0142nomocnika, kt\u00f3ry pomo\u017ce im  monitorowa\u0107 \u015bledztwo w sprawie tragedii. &#8211; Tutaj chyba trudno m\u00f3wi\u0107 o  jakichkolwiek post\u0119pach \u015bledztwa &#8211; m\u00f3wi Ma\u0142gorzata Wasserman, c\u00f3rka  tragicznie zmar\u0142ego pos\u0142a PiS Zbigniewa Wassermana.<\/strong><\/p>\r\n\r\n<p>Cz\u0142onkowie rodzin ofiar s\u0105 zbulwersowani  brakiem post\u0119p\u00f3w w dochodzeniu &#8211; ustalili reporterzy RMF FM. Rodziny  tragicznie zmar\u0142ych m\u00f3wi\u0105 kr\u00f3tko &#8211; to \u015bledztwo stoi w miejscu.<\/p>\r\n\r\n<p>&#8211; Tutaj chyba trudno m\u00f3wi\u0107 o jakichkolwiek  post\u0119pach \u015bledztwa. Wiedz\u0119 posiadamy tylko i wy\u0142\u0105cznie z medi\u00f3w.  Jeste\u015bmy mocno zaniepokojeni sygna\u0142ami, kt\u00f3re p\u0142yn\u0105. Tak naprawd\u0119 wiemy,  \u017ce nic nie wiemy, \u0142\u0105cznie z tym, \u017ce nie wiemy, kiedy dosz\u0142o do  katastrofy &#8211; podkre\u015bla Ma\u0142gorzata Wassermann.<\/p>\r\n\r\n<p>C\u00f3rka Zbigniewa Wassermanna przyznaje, \u017ce nie wie, czy  przeprowadzono sekcj\u0119 zw\u0142ok jej ojca, nie zna przyczyn jego  \u015bmierci. Dodaje, \u017ce rodziny b\u0119d\u0105 walczy\u0107 o ca\u0142\u0105 prawd\u0119. &#8211; Nie mamy ju\u017c  nic do stracenia &#8211; m\u00f3wi Ma\u0142gorzata Wassermann.<\/p>\r\n\r\n<p>Kilka dni wcze\u015bniej w wypowiedzi dla TVP 1 c\u00f3rka pos\u0142a Zbigniewa  Wassermanna powiedzia\u0142a, \u017ce podczas identyfikacji zw\u0142ok ojca w Moskwie  pytano j\u0105, po co przyje\u017cd\u017ca\u0142 on do Katynia i na ile wycenia ona to, co  si\u0119 sta\u0142o.<\/p>\r\n\r\n<p>MaRo\/Interia.pl<\/p>","protected":false},"excerpt":{"rendered":"Bliscy ofiar katastrofy 10 kwietnia s\u0105 oburzeni opiesza\u0142o\u015bci\u0105 \u015bledztwa i nie wykluczaj\u0105 wynaj\u0119cia wsp\u00f3lnego pe\u0142nomocnika, kt\u00f3ry pomo\u017ce im monitorowa\u0107 \u015bledztwo w sprawie tragedii. &#8211; Tutaj chyba trudno m\u00f3wi\u0107 o jakichkolwiek post\u0119pach \u015bledztwa &#8211; m\u00f3wi Ma\u0142gorzata Wasserman, c\u00f3rka tragicznie zmar\u0142ego pos\u0142a PiS Zbigniewa Wassermana. Cz\u0142onkowie rodzin ofiar s\u0105 zbulwersowani brakiem post\u0119p\u00f3w w dochodzeniu &#8211; ustalili reporterzy [&hellip;]","protected":false},"author":1,"featured_media":0,"comment_status":"closed","ping_status":"closed","sticky":false,"template":"","format":"standard","meta":{"_acf_changed":false,"_monsterinsights_skip_tracking":false,"_monsterinsights_sitenote_active":false,"_monsterinsights_sitenote_note":"","_monsterinsights_sitenote_category":0,"ngg_post_thumbnail":0,"footnotes":"","_wp_rev_ctl_limit":""},"categories":[139],"tags":[98,137],"acf":[],"_links":{"self":[{"href":"https:\/\/www.bibula.com\/index.php?rest_route=\/wp\/v2\/posts\/21058"}],"collection":[{"href":"https:\/\/www.bibula.com\/index.php?rest_route=\/wp\/v2\/posts"}],"about":[{"href":"https:\/\/www.bibula.com\/index.php?rest_route=\/wp\/v2\/types\/post"}],"author":[{"embeddable":true,"href":"https:\/\/www.bibula.com\/index.php?rest_route=\/wp\/v2\/users\/1"}],"replies":[{"embeddable":true,"href":"https:\/\/www.bibula.com\/index.php?rest_route=%2Fwp%2Fv2%2Fcomments&post=21058"}],"version-history":[{"count":0,"href":"https:\/\/www.bibula.com\/index.php?rest_route=\/wp\/v2\/posts\/21058\/revisions"}],"wp:attachment":[{"href":"https:\/\/www.bibula.com\/index.php?rest_route=%2Fwp%2Fv2%2Fmedia&parent=21058"}],"wp:term":[{"taxonomy":"category","embeddable":true,"href":"https:\/\/www.bibula.com\/index.php?rest_route=%2Fwp%2Fv2%2Fcategories&post=21058"},{"taxonomy":"post_tag","embeddable":true,"href":"https:\/\/www.bibula.com\/index.php?rest_route=%2Fwp%2Fv2%2Ftags&post=21058"}],"curies":[{"name":"wp","href":"https:\/\/api.w.org\/{rel}","templated":true}]}}