{"id":2105,"date":"2008-06-13T11:03:12","date_gmt":"2008-06-13T11:03:12","guid":{"rendered":""},"modified":"2018-06-13T10:02:28","modified_gmt":"2018-06-13T14:02:28","slug":"irlandzkie-nie-dla-traktatu","status":"publish","type":"post","link":"https:\/\/www.bibula.com\/?p=2105","title":{"rendered":"Irlandzkie &#8222;nie&#8221; dla traktatu"},"content":{"rendered":"<p>&#8222;Nie&#8221; dla Traktatu Lizbo\u0144skiego zdecydowanie przewa\u017ca nad &#8222;tak&#8221;. S\u0105 ju\u017c znane oficjalne wyniki z siedmiu okr\u0119g\u00f3w wyborczych &#8211; we wszystkich wi\u0119kszo\u015b\u0107 g\u0142osuj\u0105cych opowiedzia\u0142a si\u0119 za odrzuceniem dokumentu.<\/p>\r\n<p>Wcze\u015bniej irlandzka publiczna sie\u0107 radiowo-telewizyjna RTE poda\u0142a, \u017ce zwolennicy traktatu mog\u0105 zwyci\u0119\u017cy\u0107 jedynie w sze\u015bciu z 43 okr\u0119g\u00f3w wyborczych.<\/p>\r\n<p>G\u0142osy na &#8222;nie&#8221; dominuj\u0105 w okr\u0119gach wiejskich, a tak\u017ce w miastach w dzielnicach zamieszkanych przez robotnik\u00f3w. Zwolennicy to przede wszystkim przedstawiciele klasy \u015bredniej i mieszka\u0144cy wielkich miast.<\/p>\r\n<p>Na oficjalne wyniki z ca\u0142ego kraju trzeba b\u0119dzie jeszcze poczeka\u0107, ale ju\u017c pierwsze rezultaty pozwalaj\u0105 stwierdzi\u0107, \u017ce ob\u00f3z przeciwnik\u00f3w zyska\u0142 wi\u0119ksze poparcie. Rz\u0105d w Dublinie oswoi\u0142 si\u0119 z my\u015bl\u0105, \u017ce nie przekona\u0142 Irlandczyk\u00f3w do swoich argument\u00f3w.<\/p>\r\n<p>Minister sprawiedliwo\u015bci Dermot Ahern uzna\u0142 zwyci\u0119stwo przeciwnik\u00f3w. &#8211; To ju\u017c jest oczywiste, nie widz\u0119 mo\u017cliwo\u015bci, jak ten wynik m\u00f3g\u0142by si\u0119 zmieni\u0107 w ca\u0142ym kraju &#8211; m\u00f3wi\u0142 w wywiadzie telewizyjnym.<\/p>\r\n<p>Irlandzki minister ds. europejskich Dick Roche powiedzia\u0142, \u017ce sprawa &#8222;nie przedstawia si\u0119 dobrze&#8221; dla obozu zwolennik\u00f3w Traktatu Lizbo\u0144skiego.<\/p>\r\n<p>Inni przedstawiciele rz\u0105du przyznaj\u0105, \u017ce nie takiego wyniku oczekiwali, ale uszanuj\u0105 wyb\u00f3r spo\u0142ecze\u0144stwa. Je\u015bli ten rezultat si\u0119 utrzyma i Traktat zostanie odrzucony, to unijny szczyt w przysz\u0142ym tygodniu b\u0119dzie nazywany kryzysowym. Wtedy rozpoczn\u0105 si\u0119 dyskusje nad awaryjnymi scenariuszami.<\/p>\r\n<p>Negatywny wynik w Irlandii spowoduje, \u017ce traktat na pewno nie wejdzie w \u017cycie od stycznia przysz\u0142ego roku, bo do tego potrzebna jest zgoda wszystkich kraj\u00f3w.<\/p>\r\n<p>Irlandia jest jedynym z 27 pa\u0144stw Unii, gdzie o losie traktatu musia\u0142o zadecydowa\u0107 referendum. Traktat Lizbo\u0144ski, kt\u00f3ry ma usprawni\u0107 proces decyzyjny w unijnych instytucjach, mo\u017ce wej\u015b\u0107 w \u017cycie jedynie pod warunkiem, \u017ce zaakceptuj\u0105 go wszystkie pa\u0144stwa cz\u0142onkowskie.<\/p>\r\n<p>onet.pl\/gj<\/p>\r\n<p>Za: prawy.pl<\/p>","protected":false},"excerpt":{"rendered":"&#8222;Nie&#8221; dla Traktatu Lizbo\u0144skiego zdecydowanie przewa\u017ca nad &#8222;tak&#8221;. S\u0105 ju\u017c znane oficjalne wyniki z siedmiu okr\u0119g\u00f3w wyborczych &#8211; we wszystkich wi\u0119kszo\u015b\u0107 g\u0142osuj\u0105cych opowiedzia\u0142a si\u0119 za odrzuceniem dokumentu. Wcze\u015bniej irlandzka publiczna sie\u0107 radiowo-telewizyjna RTE poda\u0142a, \u017ce zwolennicy traktatu mog\u0105 zwyci\u0119\u017cy\u0107 jedynie w sze\u015bciu z 43 okr\u0119g\u00f3w wyborczych. G\u0142osy na &#8222;nie&#8221; dominuj\u0105 w okr\u0119gach wiejskich, a tak\u017ce [&hellip;]","protected":false},"author":1,"featured_media":0,"comment_status":"closed","ping_status":"open","sticky":false,"template":"","format":"standard","meta":{"_acf_changed":false,"_monsterinsights_skip_tracking":false,"ngg_post_thumbnail":0,"footnotes":"","_wp_rev_ctl_limit":""},"categories":[6],"tags":[23,237],"acf":[],"_links":{"self":[{"href":"https:\/\/www.bibula.com\/index.php?rest_route=\/wp\/v2\/posts\/2105"}],"collection":[{"href":"https:\/\/www.bibula.com\/index.php?rest_route=\/wp\/v2\/posts"}],"about":[{"href":"https:\/\/www.bibula.com\/index.php?rest_route=\/wp\/v2\/types\/post"}],"author":[{"embeddable":true,"href":"https:\/\/www.bibula.com\/index.php?rest_route=\/wp\/v2\/users\/1"}],"replies":[{"embeddable":true,"href":"https:\/\/www.bibula.com\/index.php?rest_route=%2Fwp%2Fv2%2Fcomments&post=2105"}],"version-history":[{"count":0,"href":"https:\/\/www.bibula.com\/index.php?rest_route=\/wp\/v2\/posts\/2105\/revisions"}],"wp:attachment":[{"href":"https:\/\/www.bibula.com\/index.php?rest_route=%2Fwp%2Fv2%2Fmedia&parent=2105"}],"wp:term":[{"taxonomy":"category","embeddable":true,"href":"https:\/\/www.bibula.com\/index.php?rest_route=%2Fwp%2Fv2%2Fcategories&post=2105"},{"taxonomy":"post_tag","embeddable":true,"href":"https:\/\/www.bibula.com\/index.php?rest_route=%2Fwp%2Fv2%2Ftags&post=2105"}],"curies":[{"name":"wp","href":"https:\/\/api.w.org\/{rel}","templated":true}]}}