{"id":21021,"date":"2010-04-28T12:19:17","date_gmt":"2010-04-28T17:19:17","guid":{"rendered":"http:\/\/www.bibula.com\/?p=21021"},"modified":"2010-04-28T14:05:17","modified_gmt":"2010-04-28T19:05:17","slug":"arogancja-premiera-tuska-i-jego-rzadu-prezydent-zginal-zgodnie-z-procedurami","status":"publish","type":"post","link":"https:\/\/www.bibula.com\/?p=21021","title":{"rendered":"Arogancja premiera Tuska i jego rz\u0105du: Prezydent zgin\u0105\u0142 &#8222;zgodnie z procedurami&#8221;?"},"content":{"rendered":"<p><strong>Podczas konferencji prasowej dotycz\u0105cej  dzia\u0142a\u0144 pa\u0144stwa po katastrofie prezydenckiego samolotu, premier Donald Tusk zapowiedzia\u0142, \u017ce &#8222;nie b\u0119dzie podejmowa\u0142 pochopnych  decyzji kadrowych&#8221;. By\u0142a to jego odpowied\u017a na liczne apele wielu \u015brodowisk o odwo\u0142anie ministra obrony Bogdana Klicha po katastrofie Tupolewa w Smole\u0144sku.<\/strong><\/p>\r\n\r\n<p>Zdaniem szefa rz\u0105du, &#8222;zarzuty wobec ministra s\u0105 przedwczesne&#8221;. Premier zaznaczy\u0142, \u017ce zakres odpowiedzialnych za katastrofy  lotnicze  jest zazwyczaj szerszy ni\u017c na pocz\u0105tku si\u0119 wydaje. Nie mo\u017cna  wi\u0119c  wskaza\u0107 jednego winnego &#8211; przekonywa\u0142 szef rz\u0105du. Donald Tusk zaznaczy\u0142, \u017ce by\u0142oby \u017ale, gdyby premier przed zako\u0144czeniem  \u015bledztwa wydawa\u0142 opini\u0119 w tej sprawie i dymisjonowa\u0142 ministra. Premier  powiedzia\u0142, \u017ce nie mo\u017ce podejmowa\u0107 decyzji tylko dlatego, \u017ce &#8222;komu\u015b co\u015b  si\u0119 wydaje&#8221;.<\/p>\r\n\r\n<p>Premier Tusk w swojej arogancji nie jest w stanie zauwa\u017cy\u0107, i\u017c dzia\u0142ania jego samego oraz kierowanego przez niego rz\u0105du, przyczyniaj\u0105 si\u0119 od wielu lat do destabilizacji pa\u0144stwa &#8211; chyba, \u017ce zdaje on sobie z tego doskonale spraw\u0119 i czyni to celowo. Spos\u00f3b prowadzenia \u015bledztwa w sprawie katastrofy, rezygnacja strony polskiej z przej\u0119cia kontroli nad \u015bledztwem, rezygnacja z zaproszenia mi\u0119dzynarodowych komisji mog\u0105cej przyczyni\u0107 si\u0119 do bezstronno\u015bci \u015bledztwa, wreszcie &#8211; brak nadzoru ministerstwa obrony w zabezpieczeniu bezpiecze\u0144stwa lotu funkcjonariuszy pa\u0144stowych &#8211; to tylko kilka przyk\u0142ad\u00f3w stanowi\u0105cych wystarczaj\u0105c\u0105 podstaw\u0119 do podania si\u0119 do dymisji ca\u0142ego rz\u0105du, z premierem Donaldem Tuskiem na czele.<\/p>\r\n\r\n<p>Zamiast zapowiedzi podania si\u0119 do dymisji ca\u0142ego rz\u0105du, us\u0142yszeli\u015bmy o odwo\u0142aniu Edmunda Klicha (brak powi\u0105za\u0144 z ministrem B.Klichem) z funkcji szefa polskiej komisji  badaj\u0105cej przyczyny katastrofy rz\u0105dowego  samolotu pod Smole\u0144skiem. Nowym szefem komisji zosta\u0142 szef MSWiA Jerzy Miller. Edmund Klich, rzeczowy specjalista do spraw lotnicznych, w ostrych s\u0142owach zaprotestowa\u0142 przed kilkoma dniami przeciwko utrudnieniom czynionym ze strony rz\u0105du w pracach komisji. Rz\u0105d premiera Tuska nie zdo\u0142a\u0142 nawet zapewni\u0107 polskiej komisji t\u0142umacza, a \u015bledczym nawet noclegu. Jak podaje dziennik <em>Fakt<\/em>, wojskowi \u015bledczy, kt\u00f3rzy udali si\u0119 do Smole\u0144ska i do Moskwy, sami musieli &#8222;p\u0142aci\u0107 za noclegi i za jedzenie&#8221;, gdy\u017c podczas ich pobytu w Rosji nie uzyskali wsparcia, ani ze strony polskich s\u0142u\u017cb dyplomatycznych (resort ministra &#8222;Radka&#8221; Sikorskiego), ani ministerstwa obrony, ani ministerstwa sprawiedliwo\u015bci. Polscy \u015bledczy przebywaj\u0105cy w Rosji przez dwa tygodnie dopiero teraz mog\u0105 stara\u0107 si\u0119 o zwrot poniesionych koszt\u00f3w, co &#8222;obiecuje im&#8221; rz\u0105d.<\/p>\r\n\r\n<p>Zamiast pomocy i ch\u0119ci rozwiania wszystkich w\u0105tpliwo\u015bci wok\u00f3\u0142 katastrofy oraz zawieszenie w funkcji, co najmniej i przede wszystkim ministra Bogdana Klicha &#8211; lekarza psychiatry z zawodu &#8211; za kt\u00f3rego kadencji zgin\u0119\u0142o ju\u017c w lotnictwie wojskowym 121 os\u00f3b, s\u0142yszymy, \u017ce rz\u0105d polski &#8222;jest sprawny&#8221;, funkcjonuje bez zarzutu, a w Ministerstwie Obrony Narodowej wszystko odbywa si\u0119 &#8222;zgodnie z procedurami&#8221;.<\/p>","protected":false},"excerpt":{"rendered":"Podczas konferencji prasowej dotycz\u0105cej dzia\u0142a\u0144 pa\u0144stwa po katastrofie prezydenckiego samolotu, premier Donald Tusk zapowiedzia\u0142, \u017ce &#8222;nie b\u0119dzie podejmowa\u0142 pochopnych decyzji kadrowych&#8221;. By\u0142a to jego odpowied\u017a na liczne apele wielu \u015brodowisk o odwo\u0142anie ministra obrony Bogdana Klicha po katastrofie Tupolewa w Smole\u0144sku. Zdaniem szefa rz\u0105du, &#8222;zarzuty wobec ministra s\u0105 przedwczesne&#8221;. Premier zaznaczy\u0142, \u017ce zakres odpowiedzialnych za [&hellip;]","protected":false},"author":1,"featured_media":0,"comment_status":"closed","ping_status":"closed","sticky":false,"template":"","format":"standard","meta":{"_acf_changed":false,"_monsterinsights_skip_tracking":false,"_monsterinsights_sitenote_active":false,"_monsterinsights_sitenote_note":"","_monsterinsights_sitenote_category":0,"ngg_post_thumbnail":0,"footnotes":"","_wp_rev_ctl_limit":""},"categories":[139],"tags":[98,137],"acf":[],"_links":{"self":[{"href":"https:\/\/www.bibula.com\/index.php?rest_route=\/wp\/v2\/posts\/21021"}],"collection":[{"href":"https:\/\/www.bibula.com\/index.php?rest_route=\/wp\/v2\/posts"}],"about":[{"href":"https:\/\/www.bibula.com\/index.php?rest_route=\/wp\/v2\/types\/post"}],"author":[{"embeddable":true,"href":"https:\/\/www.bibula.com\/index.php?rest_route=\/wp\/v2\/users\/1"}],"replies":[{"embeddable":true,"href":"https:\/\/www.bibula.com\/index.php?rest_route=%2Fwp%2Fv2%2Fcomments&post=21021"}],"version-history":[{"count":0,"href":"https:\/\/www.bibula.com\/index.php?rest_route=\/wp\/v2\/posts\/21021\/revisions"}],"wp:attachment":[{"href":"https:\/\/www.bibula.com\/index.php?rest_route=%2Fwp%2Fv2%2Fmedia&parent=21021"}],"wp:term":[{"taxonomy":"category","embeddable":true,"href":"https:\/\/www.bibula.com\/index.php?rest_route=%2Fwp%2Fv2%2Fcategories&post=21021"},{"taxonomy":"post_tag","embeddable":true,"href":"https:\/\/www.bibula.com\/index.php?rest_route=%2Fwp%2Fv2%2Ftags&post=21021"}],"curies":[{"name":"wp","href":"https:\/\/api.w.org\/{rel}","templated":true}]}}