{"id":2100,"date":"2008-06-13T10:33:35","date_gmt":"2008-06-13T10:33:35","guid":{"rendered":""},"modified":"-0001-11-30T00:00:00","modified_gmt":"-0001-11-30T04:00:00","slug":"","status":"publish","type":"post","link":"https:\/\/www.bibula.com\/?p=2100","title":{"rendered":"\u017bydokomuna si\u0119 ujawnia &#8211; <em>Stanis\u0142aw Michalkiewicz<\/em>"},"content":{"rendered":"<p> Kto by pomy\u015bla\u0142, \u017ce z piastowaniem dygnitarstw pa\u0144stwowych zwi\u0105zane s\u0105  takie upokorzenia, jakie spotykaj\u0105 ministra obrony narodowej Bogdana  Klicha? Ale tak widocznie musi by\u0107, kiedy kto\u015b podpisuje diab\u0142u  cyrograf. Diabe\u0142 bowiem wprawdzie spe\u0142nia zachcianki ambicjoner\u00f3w, ale  w taki spos\u00f3b, \u017ce sygnatariusz cyrografu rych\u0142o przekonuje si\u0119, jak  trafna by\u0142a przestroga Platona: &bdquo;<em>nieszcz\u0119sny &ndash; b\u0119dziesz mia\u0142 to, czego\u015b chcia\u0142!<\/em>&rdquo; Dzisiaj tedy coraz cz\u0119\u015bciej s\u0142yszy, \u017ce &bdquo;<em>ta karczma Rzym si\u0119 nazywa<\/em>&rdquo;  &ndash; i za nadymanie trzeba zap\u0142aci\u0107. Oto pan Bogdan Klich znowu przeprosi\u0142  nie tylko pan\u00f3w Waltera i Wejcherta, ale ca\u0142\u0105 firm\u0119 ITI, za  umieszczenie ich w raporcie Komisji Weryfikacyjnej jako agenciak\u00f3w  wojskowej razwiedki. Nikt nie lubi by\u0107 dekonspirowany, a w tej sytuacji  pan minister Klich i tak ma szcz\u0119\u015bcie, \u017ce nie kazali mu zrobi\u0107 &bdquo;<em>laski<\/em>&rdquo; ca\u0142emu zarz\u0105dowi firmy. Zreszt\u0105 &ndash; kto wie? Mo\u017ce i kazali tylko, \u017ce telewizja lito\u015bciwie to pomin\u0119\u0142a? <\/p>\r\n<p> Ciekawe, co te\u017c ka\u017c\u0105 mu robi\u0107 Niemcy, w zamian za finansowanie  Instytutu Studi\u00f3w Strategicznych a\u017c przez trzy niemieckie fundacje:  Naumanna, Eberta i Adenauera. Oczywi\u015bcie na pieni\u0105dzach nie pisze, \u017ce,  dajmy na to, pochodz\u0105 od gestapo, ale gdyby nawet pochodzi\u0142y od  nieznanego wielbiciela krakowskich strateg\u00f3w, to kt\u00f3ry wielbiciel  wielbi bezinteresownie? &bdquo;<em>S\u0142owicze d\u017awi\u0119ki w m\u0119\u017cczyzny g\u0142osie, a w sercu lisie zamiary<\/em>&rdquo; &ndash; przestrzega\u0142 Adam Mickiewicz. Nie jest zatem wykluczone, \u017ce bywa tak, jak przewidzia\u0142 poeta: &bdquo;<em>Niemiec  wchodzi bez pukania: ministrze Klich, jak si\u0119 macie? &#8211; Rad staratsia! &ndash;  r\u017cnie minister &#8211; obie r\u0119ce &#8222;po szwam&#8221; trzyma. &#8211; Co z lotnictwem? &ndash;  Rozwalone! &ndash; Marynarka? &ndash; Ju\u017c jej ni ma! &ndash; Gut, gut &ndash; zuch! &ndash; pochwali  Niemiec &ndash; teraz we\u017acie no papierek, zapiszcie nowe zadania oraz  nominacji szereg.<\/em>&rdquo; Oczywi\u015bcie wszystkie te m\u0119cze\u0144stwa to dla tej Polski, dla Ojczyzny &ndash; jak\u017ce by inaczej? <\/p>\r\n<p> Tymczasem wyja\u015bni\u0142a si\u0119 kwestia w\u0142asno\u015bci pieni\u0119dzy na kontach  Otwartych Funduszy Emerytalnych. Kiedy po wyborach w 1997 roku  uczestniczy\u0142em w programie telewizji \u0142\u00f3dzkiej po\u015bwi\u0119conym reformie  emerytalnej, zapyta\u0142em pani\u0105 Ew\u0119 Tomaszewsk\u0105, czyj\u0105 w\u0142asno\u015bci\u0105 b\u0119d\u0105  pieni\u0105dze, kt\u00f3re rz\u0105d zabiera ludziom z przeznaczeniem na konta OFE.  Pani Ewa odpowiedzia\u0142a, \u017ce &bdquo;<em>oczywi\u015bcie<\/em>&rdquo;  w\u0142asno\u015bci\u0105 obywatela. &ndash; Ach tak &ndash; ucieszy\u0142em si\u0119 &ndash; wi\u0119c skoro na  przyk\u0142ad zechcia\u0142by on odby\u0107 podr\u00f3\u017c dooko\u0142a \u015bwiata, to OFE na jego  \u017c\u0105danie wyp\u0142aci mu te pieni\u0105dze bez mrugni\u0119cia okiem? &ndash; No nie &ndash;  odpar\u0142a pani Ewa. &ndash; Jak\u017ce to &ndash; zapyta\u0142em zdumiony. &ndash; Nie wyp\u0142ac\u0105  w\u0142a\u015bcicielowi na jego \u017c\u0105danie? &ndash; Bo ka\u017cdy by tak chcia\u0142! &ndash; uci\u0119\u0142a  wyra\u017anie zirytowana pani Ewa, a prof. Hausner skarci\u0142 mnie, \u017ce &bdquo;<em>wszystko sprowadzam do absurdu<\/em>&rdquo;. <\/p>\r\n<p> Okaza\u0142o si\u0119 jednak, \u017ce ta ca\u0142a &bdquo;<em>reforma<\/em>&rdquo;, ta ca\u0142a &bdquo;<em>w\u0142asno\u015b\u0107<\/em>&rdquo;,  to jedna hucpa i blaga &ndash; jak zreszt\u0105 wszystko u nas. W\u0142a\u015bnie niezawis\u0142y  S\u0105d Najwy\u017cszy orzek\u0142, \u017ce &ndash; po pierwsze &ndash; obywatel ma obowi\u0105zek poddania  si\u0119 konfiskacie pieni\u0119dzy na OFE. Od razu wida\u0107, \u017ce przymusowe  ubezpieczenia s\u0105 takim samym dobrodziejstwem, jak posada atamana  koszowego w Siczy Zaporoskiej: &bdquo;<em>przyjmuj zaszczyt, psi synu, a jak nie, to w gard\u0142o wsadzimy<\/em>&rdquo;. Po drugie &ndash; orzek\u0142, \u017ce ulokowane na kontach OFE pieni\u0105dze nie s\u0105 ju\u017c w\u0142asno\u015bci\u0105 obywatela &ndash; wi\u0119c u\u017cycie okre\u015blenia &bdquo;<em>konfiskata<\/em>&rdquo;  jest w tej sytuacji jak najbardziej na miejscu. Trudno o bardziej  wymowny dow\u00f3d, \u017ce wbrew optymistycznemu komunikatowi, jaki 4 czerwca  1989 roku przekaza\u0142a pani Joanna Szczepkowska, i\u017c oto &bdquo;<em>upad\u0142 komunizm<\/em>&rdquo; &ndash; komuna wcale nie &bdquo;<em>upad\u0142a<\/em>&rdquo;.  Przeciwnie &ndash; ma si\u0119 coraz lepiej, o czym \u015bwiadcz\u0105 nie tylko przeprosiny  ministra Bogdana Klicha, nie tylko wyrok niezawis\u0142ego S\u0105du Najwy\u017cszego,  kt\u00f3ry najwyra\u017aniej nie \u015bmia\u0142 si\u0119 jej przeciwstawi\u0107, ale przede  wszystkim &#8211; coraz wyra\u017aniejsze oznaki odradzania si\u0119 \u017cydokomuny. <\/p>\r\n<p>Do niedawna sama wzmianka o \u017cydokomunie, samo wym\u00f3wienie tego  zakl\u0119cia, by\u0142o przez Jasnogr\u00f3d przyjmowane za podstaw\u0119 do wysuni\u0119cia  podejrzenia o chorob\u0119 psychiczn\u0105. Ale o ile w fazie dyplomatycznych  przygotowa\u0144 do wojny, mo\u017cna je jeszcze skutecznie ukrywa\u0107, to w  momencie, gdy wojska koncentruj\u0105 si\u0119 nad granic\u0105 na wyj\u015bciowych  pozycjach do uderzenia, niczego ukry\u0107 ju\u017c nie mo\u017cna. 4 czerwca Wojciech  Wybranowski napisa\u0142 w &bdquo;<em>Naszym Dzienniku<\/em>&rdquo; o m\u0142odzie\u017cowej organizacji &bdquo;<em>Lewica Bez Cenzury im. Feliksa Dzie\u017cy\u0144skiego<\/em>&rdquo;, kierowanej przez Micha\u0142a Nowickiego, syna propaguj\u0105cej dzieciob\u00f3jstwo pani Wandy Nowickiej &#8211; i gazetce &bdquo;<em>M\u0142ody komunista<\/em>&rdquo;. Nawiasem m\u00f3wi\u0105c, nazwanie organizacji &bdquo;<em>bez cenzury<\/em>&rdquo;  imieniem Feliksa Dzie\u017cy\u0144skiego, kt\u00f3ry wprowadzi\u0142 w Sowietach  najbardziej bezwzgl\u0119dn\u0105 cenzur\u0119, najlepiej \u015bwiadczy o bezdennej i chyba  nieuleczalnej g\u0142upocie komunizuj\u0105cych hunwejbin\u00f3w. Ale mniejsza ju\u017c o  to, bo &bdquo;<em>M\u0142ody komunista<\/em>&rdquo; nawo\u0142uje na \u0142amach do &bdquo;<em>utrudniania dzia\u0142alno\u015bci wrogom, a tak\u017ce &ndash; do bezczeszczenia ich siedzib i symboli<\/em>&rdquo;. A jakim &bdquo;<em>wrogom<\/em>&rdquo;? Ano &bdquo;<em>prawicowcom, faszystom, katolikom i kapitalistom<\/em>&rdquo;. <\/p>\r\n<p> &bdquo;<em>Kapitalistom<\/em>&rdquo; &ndash; ale chyba nie wszystkim? Czy, dajmy na to,  r\u00f3wnie\u017c panu Wejchertowi i Walterowi, kt\u00f3rym w\u0142a\u015bnie minister Klich&#8230;  no, mniejsza z tym? Czy dajmy na to, m\u0142odzi komuni\u015bci powinni &bdquo;<em>zbezcze\u015bci\u0107<\/em>&rdquo;  r\u00f3wnie\u017c siedzib\u0119 ITI przy ulicy Wiertniczej w Warszawie (r\u00f3g  August\u00f3wki) oraz symbole stacji TVN w osobach Justyny Pochanke i Moniki  Olejnik? Czy w og\u00f3le mo\u017cna sobie wyobrazi\u0107 podobne \u015bwi\u0119tokradztwo?  Naturalnie, \u017ce nie mo\u017cna, ale gdyby co\u015b takiego mimo wszystko si\u0119  zdarzy\u0142o, to ministrowi Schetynie razwiedka powyrywa\u0142aby chyba nogi,  sk\u0105d mu tam wyrastaj\u0105. Tymczasem &bdquo;<em>Gazeta Wyborcza<\/em>&rdquo;, pi\u00f3rem  Dominika Uhliga karci Wybranowskiego, wytykaj\u0105c mu, ze zak\u0142\u00f3ca\u0142  zebrania Zwi\u0105zku Socjalistycznej M\u0142odzie\u017cy Polskiej, za\u015b w\u015bcieklizn\u0119  Nowickiego traktuje z \u017cyczliw\u0105 wyrozumia\u0142o\u015bci\u0105, chocia\u017c gdy idzie o &bdquo;<em>faszyst\u00f3w<\/em>&rdquo; &#8211; nie przeoczy \u017cadnego wyci\u0105gni\u0119cia prawej r\u0119ki do g\u00f3ry. Ale bo te\u017c &bdquo;<em>Gazeta Wyborcza<\/em>&rdquo;  ocenia totalitaryzmy pod k\u0105tem rasowym; je\u015bli totalitaryzm szkodzi\u0142  \u017bydom, to oczywi\u015bcie zas\u0142uguje na pot\u0119pienie, je\u015bli nie za bardzo &ndash; to  niekoniecznie. St\u0105d tyle wyrozumia\u0142o\u015bci dla komunizmu &ndash; co zreszt\u0105  wynika r\u00f3wnie\u017c z osobistych pobudek \u015bcis\u0142ego kierownictwa &bdquo;<em>GW<\/em>&rdquo;,  kt\u00f3remu komunizm i Stalin mog\u0105 kojarzy\u0107 si\u0119 z najmilszymi wspomnieniami  z dzieci\u0144stwa. Ale w takim razie trudno zaprzeczy\u0107, \u017ce \u017cydokomuna nie  istnieje. Istnieje, jak najbardziej, tylko jeszcze bez ostentacji. <\/p>\r\n<p>Ale to utajenie najwyra\u017aniej ma si\u0119 ku ko\u0144cowi. Oto Aleksander  Kwa\u015bniewski, kt\u00f3ry nie dosta\u0142 ani posady Sekretarza Generalnego ONZ,  ani posady Sekretarza Generalnego NATO, ani w og\u00f3le \u017cadnej innej,  wreszcie wychodzi\u0142 sobie posad\u0119 w \u017cydowskim gestapo, gdzie postawiono  go na odcinku walki z &bdquo;<em>antysemityzmem<\/em>&rdquo; i &bdquo;<em>ksenofobi\u0105<\/em>&rdquo;.  Okazuje si\u0119, \u017ce co komu pisane, to go nie minie, a i przed Micha\u0142em  Nowickim oraz jego towarzyszami te\u017c otwieraj\u0105 si\u0119 szerokie perspektywy.  Musz\u0105 tylko uwa\u017ca\u0107, \u017ceby przypadkiem nie &bdquo;<em>utrudnia\u0107 dzia\u0142alno\u015bci<\/em>&rdquo; kapitalistom z w\u0142a\u015bciwymi korzeniami, bo zwalczanie konkurencji w imi\u0119 &bdquo;<em>sprawiedliwo\u015bci spo\u0142ecznej<\/em>&rdquo; zawsze by\u0142o i jest w jak najlepszym porz\u0105dku. <\/p>\r\n<br \/>\r\n<strong><img decoding=\"async\" src=\"http:\/\/www.michalkiewicz.pl\/img\/kwad.gif\" height=\"12\" width=\"6\" \/><em>&nbsp;Stanis\u0142aw Michalkiewicz<\/em><\/strong> <br \/>\r\n<em>Felieton &nbsp;&middot;&nbsp; tygodnik &bdquo;Najwy\u017cszy Czas!&rdquo; &nbsp;&middot;&nbsp; 2008-06-13 &nbsp;|&nbsp; www.michalkiewicz.pl<\/em><br \/>\r\n<br \/>\r\n<br \/>\r\n<em>Sta\u0142y komentarz Stanis\u0142awa Michalkiewicza ukazuje si\u0119 w ka\u017cdym numerze tygodnika &bdquo;Najwy\u017cszy Czas!&rdquo;.<\/em><br \/>\r\n\r\n","protected":false},"excerpt":{"rendered":"Kto by pomy\u015bla\u0142, \u017ce z piastowaniem dygnitarstw pa\u0144stwowych zwi\u0105zane s\u0105 takie upokorzenia, jakie spotykaj\u0105 ministra obrony narodowej Bogdana Klicha? Ale tak widocznie musi by\u0107, kiedy kto\u015b podpisuje diab\u0142u cyrograf. Diabe\u0142 bowiem wprawdzie spe\u0142nia zachcianki ambicjoner\u00f3w, ale w taki spos\u00f3b, \u017ce sygnatariusz cyrografu rych\u0142o przekonuje si\u0119, jak trafna by\u0142a przestroga Platona: &bdquo;nieszcz\u0119sny &ndash; b\u0119dziesz mia\u0142 to, [&hellip;]","protected":false},"author":1,"featured_media":0,"comment_status":"closed","ping_status":"open","sticky":false,"template":"","format":"standard","meta":{"_acf_changed":false,"_monsterinsights_skip_tracking":false,"ngg_post_thumbnail":0,"footnotes":"","_wp_rev_ctl_limit":""},"categories":[9],"tags":[34],"acf":[],"_links":{"self":[{"href":"https:\/\/www.bibula.com\/index.php?rest_route=\/wp\/v2\/posts\/2100"}],"collection":[{"href":"https:\/\/www.bibula.com\/index.php?rest_route=\/wp\/v2\/posts"}],"about":[{"href":"https:\/\/www.bibula.com\/index.php?rest_route=\/wp\/v2\/types\/post"}],"author":[{"embeddable":true,"href":"https:\/\/www.bibula.com\/index.php?rest_route=\/wp\/v2\/users\/1"}],"replies":[{"embeddable":true,"href":"https:\/\/www.bibula.com\/index.php?rest_route=%2Fwp%2Fv2%2Fcomments&post=2100"}],"version-history":[{"count":0,"href":"https:\/\/www.bibula.com\/index.php?rest_route=\/wp\/v2\/posts\/2100\/revisions"}],"wp:attachment":[{"href":"https:\/\/www.bibula.com\/index.php?rest_route=%2Fwp%2Fv2%2Fmedia&parent=2100"}],"wp:term":[{"taxonomy":"category","embeddable":true,"href":"https:\/\/www.bibula.com\/index.php?rest_route=%2Fwp%2Fv2%2Fcategories&post=2100"},{"taxonomy":"post_tag","embeddable":true,"href":"https:\/\/www.bibula.com\/index.php?rest_route=%2Fwp%2Fv2%2Ftags&post=2100"}],"curies":[{"name":"wp","href":"https:\/\/api.w.org\/{rel}","templated":true}]}}