{"id":20881,"date":"2010-04-24T21:27:15","date_gmt":"2010-04-25T02:27:15","guid":{"rendered":"http:\/\/www.bibula.com\/?p=20881"},"modified":"2010-04-24T21:27:15","modified_gmt":"2010-04-25T02:27:15","slug":"stacje-komercyjne-nie-respektowaly-zaloby-narodowej-wracajac-do-emisji-reklam","status":"publish","type":"post","link":"https:\/\/www.bibula.com\/?p=20881","title":{"rendered":"Stacje komercyjne nie respektowa\u0142y \u017ca\u0142oby narodowej wracaj\u0105c do emisji reklam"},"content":{"rendered":"<p>Stacje komercyjne wr\u00f3ci\u0142y do swoich ram\u00f3wek i  emisji reklam na kilka dni przed zako\u0144czeniem \u017ca\u0142oby narodowej\r\n<p>Z powodu \u017ca\u0142oby narodowej stacje telewizyjne  zmieni\u0142y swoje ram\u00f3wki, a nawet wyda\u0142y decyzje o wstrzymaniu emisji  spot\u00f3w reklamych. Telewizja publiczna nie wy\u015bwietla\u0142a ich do ko\u0144ca  trwania \u017ca\u0142oby, czyli do niedzieli 18 kwietnia w\u0142\u0105cznie. Natomiast  stacje komercyjne wr\u00f3ci\u0142y do emisji reklam ju\u017c kilka dni wcze\u015bniej,  czyli we wtorek wieczorem.<br \/>\r\n <br \/>\r\n Podobnie nie wszyscy reklamodawcy  potrafili zachowa\u0107 si\u0119 odpowiednio. <br \/>\r\n <br \/>\r\n W czasie trwania \u017ca\u0142oby  koncern chemiczny Reckitt Benckiser, producent m.in. Calgonu, Vanisha,  Nurofenu, Strepsils i od\u015bwie\u017cacza powietrza AirWick, wykupi\u0142 prawie 7,5  tys. reklam w Polsacie i kana\u0142ach tematycznych, czyli a\u017c czterokrotnie  wi\u0119cej ni\u017c w tygodniu poprzedzaj\u0105cym \u017ca\u0142ob\u0119. Przyni\u00f3s\u0142 Polsatowi ponad  po\u0142ow\u0119 przychod\u00f3w<br \/>\r\n w tym okresie &#8211; podaje serwis hotmoney.pl.<\/p>\r\n\r\n<p class=\"zrodlo\">tom\/hotmoney.pl","protected":false},"excerpt":{"rendered":"Stacje komercyjne wr\u00f3ci\u0142y do swoich ram\u00f3wek i emisji reklam na kilka dni przed zako\u0144czeniem \u017ca\u0142oby narodowej Z powodu \u017ca\u0142oby narodowej stacje telewizyjne zmieni\u0142y swoje ram\u00f3wki, a nawet wyda\u0142y decyzje o wstrzymaniu emisji spot\u00f3w reklamych. Telewizja publiczna nie wy\u015bwietla\u0142a ich do ko\u0144ca trwania \u017ca\u0142oby, czyli do niedzieli 18 kwietnia w\u0142\u0105cznie. Natomiast stacje komercyjne wr\u00f3ci\u0142y do emisji [&hellip;]","protected":false},"author":1,"featured_media":0,"comment_status":"closed","ping_status":"closed","sticky":false,"template":"","format":"standard","meta":{"_acf_changed":false,"_monsterinsights_skip_tracking":false,"_monsterinsights_sitenote_active":false,"_monsterinsights_sitenote_note":"","_monsterinsights_sitenote_category":0,"ngg_post_thumbnail":0,"footnotes":"","_wp_rev_ctl_limit":""},"categories":[139,129],"tags":[98,137,52],"acf":[],"_links":{"self":[{"href":"https:\/\/www.bibula.com\/index.php?rest_route=\/wp\/v2\/posts\/20881"}],"collection":[{"href":"https:\/\/www.bibula.com\/index.php?rest_route=\/wp\/v2\/posts"}],"about":[{"href":"https:\/\/www.bibula.com\/index.php?rest_route=\/wp\/v2\/types\/post"}],"author":[{"embeddable":true,"href":"https:\/\/www.bibula.com\/index.php?rest_route=\/wp\/v2\/users\/1"}],"replies":[{"embeddable":true,"href":"https:\/\/www.bibula.com\/index.php?rest_route=%2Fwp%2Fv2%2Fcomments&post=20881"}],"version-history":[{"count":0,"href":"https:\/\/www.bibula.com\/index.php?rest_route=\/wp\/v2\/posts\/20881\/revisions"}],"wp:attachment":[{"href":"https:\/\/www.bibula.com\/index.php?rest_route=%2Fwp%2Fv2%2Fmedia&parent=20881"}],"wp:term":[{"taxonomy":"category","embeddable":true,"href":"https:\/\/www.bibula.com\/index.php?rest_route=%2Fwp%2Fv2%2Fcategories&post=20881"},{"taxonomy":"post_tag","embeddable":true,"href":"https:\/\/www.bibula.com\/index.php?rest_route=%2Fwp%2Fv2%2Ftags&post=20881"}],"curies":[{"name":"wp","href":"https:\/\/api.w.org\/{rel}","templated":true}]}}