{"id":20862,"date":"2010-04-23T23:07:01","date_gmt":"2010-04-24T04:07:01","guid":{"rendered":"http:\/\/www.bibula.com\/?p=20862"},"modified":"2010-04-23T23:07:01","modified_gmt":"2010-04-24T04:07:01","slug":"niechlubny-rekord-w-nowym-saczu-osiemnascie-lat-usuwaja-pomnik-sowietow","status":"publish","type":"post","link":"https:\/\/www.bibula.com\/?p=20862","title":{"rendered":"Niechlubny rekord w Nowym S\u0105czu: Osiemna\u015bcie lat usuwaj\u0105 pomnik Sowiet\u00f3w"},"content":{"rendered":"<p><strong>Decyzja radnych Nowego S\u0105cza o usuni\u0119ciu pomnika Armii Czerwonej  stoj\u0105cego przy Alejach Wolno\u015bci ma ju\u017c 18 lat. Jednak w\u0142adze miasta do  tej pory nie kiwn\u0119\u0142y nawet palcem w tej sprawie.<\/strong><br \/>\r\n<br \/>\r\nPo latach  dodatkowo pojawiaj\u0105 si\u0119 sugestie, \u017ce likwidacja pomnika mog\u0142aby zosta\u0107  okrzykni\u0119ta profanacj\u0105 grob\u00f3w sowieckich \u017co\u0142nierzy. Porozumienie  Organizacji Kombatanckich i Niepodleg\u0142o\u015bciowych w Krakowie wie, jak  rozwi\u0105za\u0107 problem. Wed\u0142ug tej organizacji, fakt, \u017ce pomnik zawiera  szcz\u0105tki kilku \u017co\u0142nierzy, przemawia za ich przeniesieniem z jednej z  g\u0142\u00f3wnych arterii komunikacyjnych Nowego S\u0105cza na cmentarz. Relikt  komunizmu powinien za\u015b znikn\u0105\u0107.<br \/>\r\nPierwsze podej\u015bcie do pozbycia si\u0119  monstrualnego reliktu komunizmu &#8211; pomnika Armii Czerwonej w Nowym S\u0105czu &#8211;  mia\u0142o miejsce ju\u017c w 1992 roku. Rada miasta podj\u0119\u0142a wtedy uchwa\u0142\u0119 o  usuni\u0119ciu tego obiektu z jednej z najwi\u0119kszych ulic miasta. Uchwa\u0142a  przez 18 lat nie zosta\u0142a wykonana. Problem jednak powr\u00f3ci\u0142. O sprawie  dowiedzia\u0142 si\u0119  wojewoda ma\u0142opolski, kt\u00f3ry interweniowa\u0142 u w\u0142adz Nowego  S\u0105cza na wniosek Wojew\u00f3dzkiego Komitetu Ochrony Pami\u0119ci Walk i  M\u0119cze\u0144stwa. Za realizacj\u0105 uchwa\u0142y o usuni\u0119ciu pomnika opowiada\u0142y si\u0119  m.in. organizacje patriotyczne: Stowarzyszenie S\u0105decka Rodzina Katy\u0144ska i  Polskie Towarzystwo Historyczne. Uchwa\u0142y nie chcia\u0142 jednak realizowa\u0107  prezydent miasta Ryszard Nowak. Jak t\u0142umaczy\u0142, chodzi nie tylko o  pomnik, ale o gr\u00f3b kryj\u0105cy szcz\u0105tki \u017co\u0142nierzy, kt\u00f3rych nie mo\u017cna  profanowa\u0107.<br \/>\r\nW ocenie POKiN, taka argumentacja tym bardziej przemawia  za przeniesieniem szcz\u0105tk\u00f3w \u017co\u0142nierzy na cmentarz. Pozbawion\u0105 za\u015b  warto\u015bci merytorycznej dyskusj\u0119 tocz\u0105c\u0105 si\u0119 wok\u00f3\u0142 pomnika organizacja  uzna\u0142a za zupe\u0142nie nie na miejscu. &#8211; M\u00f3wienie o kapitale politycznym, o  oszo\u0142omach, o tym, \u017ce odwaga dzi\u015b nic nie kosztuje &#8211; w kontek\u015bcie  \u015brodowisk niepodleg\u0142o\u015bciowych i solidarno\u015bciowych, w kontek\u015bcie  spo\u0142ecze\u0144stwa domagaj\u0105cego si\u0119 likwidacji pomnika s\u0142awy Armii Czerwonej,  kt\u00f3ra dla Polski by\u0142a armi\u0105 okupacyjn\u0105 &#8211; jest naprawd\u0119 niczym  nieuzasadnione i skandaliczne &#8211; oceni\u0142 postaw\u0119 w\u0142adz miasta Edward  Jankowski, przewodnicz\u0105cy POKiN. Wprawdzie prezydent Nowak szybko  przeprosi\u0142 organizacje patriotyczne za swoje zachowanie, ale sprawa  likwidacji pomnika nie posun\u0119\u0142a si\u0119 ani o krok.<br \/>\r\nPorozumienie  Organizacji Kombatanckich i Niepodleg\u0142o\u015bciowych chce, by uchwa\u0142a sprzed  18 lat zosta\u0142a wykonana. &#8211; Przecie\u017c ten pomnik zosta\u0142 postawiony na  rozkaz dow\u00f3dztwa politycznego 4. Frontu Ukrai\u0144skiego w grudniu 1945 r. i  nied\u0142ugo potem wysadzony przez \u017co\u0142nierzy podziemia niepodleg\u0142o\u015bciowego.  Komuni\u015bci wymusili terrorem jego odbudow\u0119 &#8211; przypomnia\u0142o Porozumienie.  Organizacja zaznacza, \u017ce na polskiej ziemi nie ma miejsca dla pomnik\u00f3w  chwa\u0142y okupanta.<br \/>\r\nSprawa pomnika ma powr\u00f3ci\u0107 na sesji rady miasta w  maju. W\u00f3wczas odb\u0119dzie si\u0119 debata, po kt\u00f3rej maj\u0105 si\u0119 rozstrzygn\u0105\u0107  dalsze jego losy. W\u0142adze miasta wys\u0142a\u0142y tak\u017ce do r\u00f3\u017cnych organizacji  spo\u0142ecznych pro\u015bby o zaopiniowanie tego problemu. &#8211; To takie  konsultowanie ex post. W 1992 r. zosta\u0142a podj\u0119ta uchwa\u0142a Rady Miasta  Nowego S\u0105cza w tej materii, wi\u0119c konsultowanie tego w roku 2010, kiedy  jest uchwa\u0142a do wykonania, to taka sztuka dla sztuki, przeci\u0105ganie  sprawy i rozbudzanie emocji spo\u0142ecznych. Jest uchwa\u0142a i w\u0142adza  wykonawcza powinna j\u0105 zrealizowa\u0107 &#8211; powiedzia\u0142 nam Jerzy Giza, historyk,  autor m.in. opracowania &#8222;Nowos\u0105decka lista katy\u0144ska&#8221;.<br \/>\r\nSprawa mo\u017ce  by\u0107 o tyle delikatna, \u017ce w s\u0105siedztwie pomnika w XVII wieku chowano  zmar\u0142ych podczas epidemii cholery. Niewykluczone wi\u0119c, \u017ce mogi\u0142a mo\u017ce  zawiera\u0107 wi\u0119cej szcz\u0105tk\u00f3w, a w\u00f3wczas badania b\u0119d\u0105 musia\u0142y by\u0107 szersze i  obejmowa\u0107 wi\u0119kszy teren. Jednak w ocenie Jerzego Gizy, bez wzgl\u0119du na  okoliczno\u015bci problem trzeba rozwi\u0105za\u0107 spokojnie, bez emocji i w spos\u00f3b  nieur\u0105gaj\u0105cy poleg\u0142ym. Jest oczywi\u015bcie te\u017c drugie wyj\u015bcie&#8230; &#8211; Je\u017celi w  roku 2010 pomnik nikomu nie przeszkadza, prosz\u0119, niech stoi. Je\u015bli  wra\u017cliwo\u015b\u0107 patriotyczna w\u0142odarzy miasta jest na takim poziomie, to mo\u017ce  warto tam jeszcze do\u0142o\u017cy\u0107 inny symbol: czerwon\u0105 gwiazd\u0119, wyremontowa\u0107 i  zakonserwowa\u0107 pomnik i prowadzi\u0107 tam wycieczki z dzie\u0107mi? &#8211; doda\u0142 Giza.<br \/>\r\n<strong><\/strong><\/p>\r\n\r\n<p><em><strong>Marcin  Austyn<\/strong><\/em><\/p>","protected":false},"excerpt":{"rendered":"Decyzja radnych Nowego S\u0105cza o usuni\u0119ciu pomnika Armii Czerwonej stoj\u0105cego przy Alejach Wolno\u015bci ma ju\u017c 18 lat. Jednak w\u0142adze miasta do tej pory nie kiwn\u0119\u0142y nawet palcem w tej sprawie. Po latach dodatkowo pojawiaj\u0105 si\u0119 sugestie, \u017ce likwidacja pomnika mog\u0142aby zosta\u0107 okrzykni\u0119ta profanacj\u0105 grob\u00f3w sowieckich \u017co\u0142nierzy. Porozumienie Organizacji Kombatanckich i Niepodleg\u0142o\u015bciowych w Krakowie wie, jak [&hellip;]","protected":false},"author":1,"featured_media":0,"comment_status":"closed","ping_status":"closed","sticky":false,"template":"","format":"standard","meta":{"_acf_changed":false,"_monsterinsights_skip_tracking":false,"_monsterinsights_sitenote_active":false,"_monsterinsights_sitenote_note":"","_monsterinsights_sitenote_category":0,"ngg_post_thumbnail":0,"footnotes":"","_wp_rev_ctl_limit":""},"categories":[8],"tags":[66,98],"acf":[],"_links":{"self":[{"href":"https:\/\/www.bibula.com\/index.php?rest_route=\/wp\/v2\/posts\/20862"}],"collection":[{"href":"https:\/\/www.bibula.com\/index.php?rest_route=\/wp\/v2\/posts"}],"about":[{"href":"https:\/\/www.bibula.com\/index.php?rest_route=\/wp\/v2\/types\/post"}],"author":[{"embeddable":true,"href":"https:\/\/www.bibula.com\/index.php?rest_route=\/wp\/v2\/users\/1"}],"replies":[{"embeddable":true,"href":"https:\/\/www.bibula.com\/index.php?rest_route=%2Fwp%2Fv2%2Fcomments&post=20862"}],"version-history":[{"count":0,"href":"https:\/\/www.bibula.com\/index.php?rest_route=\/wp\/v2\/posts\/20862\/revisions"}],"wp:attachment":[{"href":"https:\/\/www.bibula.com\/index.php?rest_route=%2Fwp%2Fv2%2Fmedia&parent=20862"}],"wp:term":[{"taxonomy":"category","embeddable":true,"href":"https:\/\/www.bibula.com\/index.php?rest_route=%2Fwp%2Fv2%2Fcategories&post=20862"},{"taxonomy":"post_tag","embeddable":true,"href":"https:\/\/www.bibula.com\/index.php?rest_route=%2Fwp%2Fv2%2Ftags&post=20862"}],"curies":[{"name":"wp","href":"https:\/\/api.w.org\/{rel}","templated":true}]}}