{"id":2083,"date":"2008-06-09T12:59:14","date_gmt":"2008-06-09T12:59:14","guid":{"rendered":""},"modified":"2008-11-05T19:29:11","modified_gmt":"2008-11-06T00:29:11","slug":"ks-amorth-szatan-szczegolnie-lubi-zniewala-politykow","status":"publish","type":"post","link":"https:\/\/www.bibula.com\/?p=2083","title":{"rendered":"Ks. Amorth: Szatan szczeg\u00f3lnie lubi zniewala\u0107 polityk\u00f3w"},"content":{"rendered":"<p>\u201eKa\u017cdy jest nara\u017cony na dzia\u0142anie szatana\u201d, jednak \u201eszatan w  szczeg\u00f3lno\u015bci lubi op\u0119ta\u0107 tych, kt\u00f3rzy zajmuj\u0105 si\u0119 polityk\u0105\u201d &#8211;  powiedzia\u0142 ks. Gabriele Amorth, znany w\u0142oski egzorcysta w wywiadzie  udzielonym pismu \u201eMaria Mensajera\u201d. Wywiad z egzorcyst\u0105 opublikowa\u0142  tak\u017ce hiszpa\u0144ski dziennik \u201eLa Razon\u201d- donosi Catholic News Agency.<strong><\/strong><\/p>\r\n\r\n<p><strong>&#8211;<\/strong><em> W rzeczywisto\u015bci Z\u0142y dosy\u0107 cz\u0119sto<\/em> <em>dzia\u0142a w politykach <\/em>&#8211; stwierdzi\u0142 ks. Amorth. &#8211;<em> Szatan uwielbia przejmowa\u0107 kontrol\u0119 nad liderami biznesu, jak r\u00f3wnie\u017c  nad tymi, kt\u00f3rzy zajmuj\u0105 si\u0119 polityk\u0105. Hitler i Stalin byli op\u0119tani.  Sk\u0105d to wiem? Poniewa\u017c zamordowali oni miliony ludzi. Ewangelia m\u00f3wi:  \u201ePo owocach ich poznacie\u201d. Niestety sprawowanie egzorcyzmu nad nimi nie  by\u0142oby wystarczaj\u0105ce, poniewa\u017c byli przekonani do tego, co robili. Nie  mo\u017cemy powiedzie\u0107, \u017ce to by\u0142o op\u0119tanie w dos\u0142ownym sensie, lecz raczej  zupe\u0142na i dobrowolna akceptacja sugestii diab\u0142a<\/em> &#8211; stwierdzi\u0142 duchowny.<\/p>\r\n\r\n<p>Znany egzorcysta powt\u00f3rzy\u0142 to, co ju\u017c wielokrotnie m\u00f3wi\u0142 odno\u015bnie tego, kiedy nale\u017cy uda\u0107 si\u0119 do egzorcysty: &#8211; <em>M\u00f3wi\u0119 tym, kt\u00f3rzy przychodz\u0105 do mnie, by najpierw udali si\u0119 do lekarza lub psychologa.<\/em> Do egzorcysty dana osoba powinna przyj\u015b\u0107 dopiero wtedy, kiedy \u201e<em>przez  d\u0142u\u017cszy czas nie ma fizycznej ani psychologicznej podstawy do  wyja\u015bnienia tego cierpienia\u201d. &#8211; Psychiatrzy przysy\u0142aj\u0105 mi przypadki  nieuleczalne. Nie ma mi\u0119dzy nami rywalizacji. Psychiatra okre\u015bla, czy  jest to choroba, a egzorcysta, czy jest to przekle\u0144stwo <\/em>&#8211; doda\u0142 ks. Amorth<em>.<\/em><\/p>\r\n\r\n<p>&#8211; <em>Nikt nie jest zabezpieczony przed dzia\u0142aniem diab\u0142a. Ka\u017cdy  jest podatny. Diabe\u0142 jest bardzo inteligentny. Zachowuje inteligencj\u0119  anio\u0142a, kt\u00f3rym kiedy\u015b by\u0142 <\/em>&#8211; podkre\u015bli\u0142 duchowny<em>.<\/em><\/p>\r\n\r\n<p><em>&#8211; Przypu\u015b\u0107my, na przyk\u0142ad, \u017ce kto\u015b z kim pracujesz jest zawistny wobec  ciebie i przeklina ci\u0119. Zachorujesz. 90 proc. przypadk\u00f3w, kt\u00f3rymi si\u0119  zajmowa\u0142em s\u0105 skutkiem takich w\u0142a\u015bnie przekle\u0144stw. Reszta to rezultat  uczestnictwa w satanistycznych sektach lub w seansach\u00a0czy magii. Je\u015bli  \u017cyjesz w zgodzie z<\/em> <em>Bogiem, w\u00f3wczas znacznie trudniej jest szatanowi op\u0119ta\u0107 ci\u0119<\/em> &#8211; stwierdzi\u0142 kap\u0142an.<\/p>\r\n\r\n<p>Ks. Amorth powiedzia\u0142 r\u00f3wnie\u017c, \u017ce <em>Papie\u017c popiera egzorcyst\u00f3w, jednak satanistyczne sekty s\u0105 coraz powszechniejsze.<\/em> Z tego powodu ma on kompletnie wype\u0142niony czas przez najbli\u017csze dwa miesi\u0105ce: &#8211; <em>Pracuj\u0119 siedem dni w tygodniu od rana do wieczora, w tym w Wigili\u0119 Bo\u017cego Narodzenia, jak i w Wielki Tydzie\u0144 &#8211;<\/em> podkre\u015bli\u0142 egzorcysta<em>. <\/em><\/p>\r\n\r\n<p><em><\/em>\u0179r\u00f3d\u0142o: CatholicNewsAgency, AS<\/p>\r\n\r\n<p>Za: PiotrSkarga.pl<\/p>","protected":false},"excerpt":{"rendered":"\u201eKa\u017cdy jest nara\u017cony na dzia\u0142anie szatana\u201d, jednak \u201eszatan w szczeg\u00f3lno\u015bci lubi op\u0119ta\u0107 tych, kt\u00f3rzy zajmuj\u0105 si\u0119 polityk\u0105\u201d &#8211; powiedzia\u0142 ks. Gabriele Amorth, znany w\u0142oski egzorcysta w wywiadzie udzielonym pismu \u201eMaria Mensajera\u201d. Wywiad z egzorcyst\u0105 opublikowa\u0142 tak\u017ce hiszpa\u0144ski dziennik \u201eLa Razon\u201d- donosi Catholic News Agency. &#8211; W rzeczywisto\u015bci Z\u0142y dosy\u0107 cz\u0119sto dzia\u0142a w politykach &#8211; stwierdzi\u0142 [&hellip;]","protected":false},"author":1,"featured_media":0,"comment_status":"closed","ping_status":"open","sticky":false,"template":"","format":"standard","meta":{"_acf_changed":false,"_monsterinsights_skip_tracking":false,"_monsterinsights_sitenote_active":false,"_monsterinsights_sitenote_note":"","_monsterinsights_sitenote_category":0,"ngg_post_thumbnail":0,"footnotes":"","_wp_rev_ctl_limit":""},"categories":[3],"tags":[],"acf":[],"_links":{"self":[{"href":"https:\/\/www.bibula.com\/index.php?rest_route=\/wp\/v2\/posts\/2083"}],"collection":[{"href":"https:\/\/www.bibula.com\/index.php?rest_route=\/wp\/v2\/posts"}],"about":[{"href":"https:\/\/www.bibula.com\/index.php?rest_route=\/wp\/v2\/types\/post"}],"author":[{"embeddable":true,"href":"https:\/\/www.bibula.com\/index.php?rest_route=\/wp\/v2\/users\/1"}],"replies":[{"embeddable":true,"href":"https:\/\/www.bibula.com\/index.php?rest_route=%2Fwp%2Fv2%2Fcomments&post=2083"}],"version-history":[{"count":0,"href":"https:\/\/www.bibula.com\/index.php?rest_route=\/wp\/v2\/posts\/2083\/revisions"}],"wp:attachment":[{"href":"https:\/\/www.bibula.com\/index.php?rest_route=%2Fwp%2Fv2%2Fmedia&parent=2083"}],"wp:term":[{"taxonomy":"category","embeddable":true,"href":"https:\/\/www.bibula.com\/index.php?rest_route=%2Fwp%2Fv2%2Fcategories&post=2083"},{"taxonomy":"post_tag","embeddable":true,"href":"https:\/\/www.bibula.com\/index.php?rest_route=%2Fwp%2Fv2%2Ftags&post=2083"}],"curies":[{"name":"wp","href":"https:\/\/api.w.org\/{rel}","templated":true}]}}