{"id":20752,"date":"2010-04-22T08:26:43","date_gmt":"2010-04-22T13:26:43","guid":{"rendered":"http:\/\/www.bibula.com\/?p=20752"},"modified":"2012-06-24T09:49:16","modified_gmt":"2012-06-24T14:49:16","slug":"start-skandaliczne-zachowanie-delegacji-marszalka-komorowskiego-nad-grobem-anny-walentynowicz","status":"publish","type":"post","link":"https:\/\/www.bibula.com\/?p=20752","title":{"rendered":"Skandaliczne zachowanie delegacji marsza\u0142ka Komorowskiego nad grobem Anny Walentynowicz"},"content":{"rendered":"<p><strong>Jak podaje portalpomorza.pl, po zako\u0144czeniu wczo- rajszej ceremonii pogrzebowej Anny Walentynowicz, podczas zakopywania trumny na cmentarzu w Gda\u0144sku-Wrzeszczu, pod sam gr\u00f3b podjecha\u0142 samoch\u00f3d z delegacj\u0105 Marsza\u0142ka Sejmu, kt\u00f3rej cz\u0142o<em>n<\/em>kowie &#8222;chwiejnym krokiem zanie\u015bli wieniec od Bronis\u0142awa Komorowskiego&#8221;. <\/strong><\/p>\r\n<div>\r\n<div>\r\n<p>&#8222;Panowie wnie\u015bli wieniec pod gr\u00f3b &#8211; relacjonuje reporter portalupomorza.pl &#8211; Przywieziony fotograf zrobi\u0142 im pami\u0105tkowe zdj\u0119cie &#8211; do archiwum sejmowego. Delegacja po\u0142o\u017cy\u0142a wieniec tu\u017c przed zakopywanym w\u0142a\u015bnie grobem. Panowie musieli uwa\u017ca\u0107, aby nie straci\u0107 r\u00f3wnowagi i nie wpa\u015b\u0107. Jeden z nich by\u0142 wyra\u017anie &#8222;zm\u0119czony&#8221;. Natychmiast zameldowali kom\u00f3rk\u0105 Marsza\u0142kowi, \u017ce zadanie wykonane &#8211; wieniec jest na miejscu&#8221;.<\/p>\r\n<p>Reporter, kt\u00f3ry rozmawia\u0142 z cz\u0142onkami delegacji &#8211; konkretnie z doradc\u0105 marsza\u0142ka Komorowskiego &#8211; Waldemarem Strza\u0142kowskim relacjonuje, \u017ce &#8222;cuchn\u0119\u0142o alkoholem&#8221;, a jego rozm\u00f3wca m\u00f3wi\u0142 &#8222;be\u0142kotliwym g\u0142osem&#8221;. Doradca marsza\u0142ka Komorowskiego nie odpowiedzia\u0142 na pytanie, dlaczego delegacja zjawia si\u0119 2,5 godziny po ceremonii pogrzebowej, ani dlaczego na pogrzebie nie pojawi\u0142 si\u0119 marsza\u0142ek Komorowski, mimo \u017ce tego dnia by\u0142 w Gda\u0144sku na pogrzebie Macieja P\u0142a\u017cy\u0144skiego.<\/p>\r\n<p>Ca\u0142e zdarzenie zosta\u0142o udokumentowane, zar\u00f3wno w postaci filmu, jak i <a href=\"http:\/\/www.portalpomorza.pl\/aktualnosci\/15\/12389#galeria\"> zdj\u0119\u0107,<\/a> kt\u00f3re publikuje portalpomorza.pl<\/p>\r\n<\/div>\r\n<\/div>","protected":false},"excerpt":{"rendered":"Jak podaje portalpomorza.pl, po zako\u0144czeniu wczo- rajszej ceremonii pogrzebowej Anny Walentynowicz, podczas zakopywania trumny na cmentarzu w Gda\u0144sku-Wrzeszczu, pod sam gr\u00f3b podjecha\u0142 samoch\u00f3d z delegacj\u0105 Marsza\u0142ka Sejmu, kt\u00f3rej cz\u0142onkowie &#8222;chwiejnym krokiem zanie\u015bli wieniec od Bronis\u0142awa Komorowskiego&#8221;. &#8222;Panowie wnie\u015bli wieniec pod gr\u00f3b &#8211; relacjonuje reporter portalupomorza.pl &#8211; Przywieziony fotograf zrobi\u0142 im pami\u0105tkowe zdj\u0119cie &#8211; do archiwum [&hellip;]","protected":false},"author":1,"featured_media":0,"comment_status":"closed","ping_status":"closed","sticky":false,"template":"","format":"standard","meta":{"_acf_changed":false,"_monsterinsights_skip_tracking":false,"_monsterinsights_sitenote_active":false,"_monsterinsights_sitenote_note":"","_monsterinsights_sitenote_category":0,"ngg_post_thumbnail":0,"footnotes":"","_wp_rev_ctl_limit":""},"categories":[139],"tags":[98,137],"acf":[],"_links":{"self":[{"href":"https:\/\/www.bibula.com\/index.php?rest_route=\/wp\/v2\/posts\/20752"}],"collection":[{"href":"https:\/\/www.bibula.com\/index.php?rest_route=\/wp\/v2\/posts"}],"about":[{"href":"https:\/\/www.bibula.com\/index.php?rest_route=\/wp\/v2\/types\/post"}],"author":[{"embeddable":true,"href":"https:\/\/www.bibula.com\/index.php?rest_route=\/wp\/v2\/users\/1"}],"replies":[{"embeddable":true,"href":"https:\/\/www.bibula.com\/index.php?rest_route=%2Fwp%2Fv2%2Fcomments&post=20752"}],"version-history":[{"count":0,"href":"https:\/\/www.bibula.com\/index.php?rest_route=\/wp\/v2\/posts\/20752\/revisions"}],"wp:attachment":[{"href":"https:\/\/www.bibula.com\/index.php?rest_route=%2Fwp%2Fv2%2Fmedia&parent=20752"}],"wp:term":[{"taxonomy":"category","embeddable":true,"href":"https:\/\/www.bibula.com\/index.php?rest_route=%2Fwp%2Fv2%2Fcategories&post=20752"},{"taxonomy":"post_tag","embeddable":true,"href":"https:\/\/www.bibula.com\/index.php?rest_route=%2Fwp%2Fv2%2Ftags&post=20752"}],"curies":[{"name":"wp","href":"https:\/\/api.w.org\/{rel}","templated":true}]}}