{"id":2060,"date":"2008-06-01T21:26:50","date_gmt":"2008-06-01T21:26:50","guid":{"rendered":""},"modified":"-0001-11-30T00:00:00","modified_gmt":"-0001-11-30T04:00:00","slug":"","status":"publish","type":"post","link":"https:\/\/www.bibula.com\/?p=2060","title":{"rendered":"Aleksander Kwa\u015bniewski szefem nowej \u017cydowskiej organizacji &#8222;dzia\u0142aj\u0105cej na rzecz tolerancji i walki z antysemityzmem&#8221;"},"content":{"rendered":"<p>Europejski Kongres \u017byd\u00f3w oznajmi\u0142 o utworzeniu &#8222;nowej europejskiej instytucji dzia\u0142aj\u0105cej na rzecz tolerancji i walki z antysemityzmem&#8221;, kt\u00f3rej szefem zosta\u0142 b. prezydent RP, Aleksander Kwa\u015bniewski.<\/p>\r\n<p>O utworzeniu nowej organizacji o nazwie &#8222;Europejskie Forum na rzecz Tolerancji: Rada Europejskich Przedstawicieli Spo\u0142ecze\u0144stw Obywatelskich&#8221; (<em>European Forum of Tolerance: The Council of Europe&#146;s Civil Society  Representatives<\/em> &#8211; CECSR), oraz o nominacji A. Kwa\u015bniewskiego na jej szefa, oznajmi\u0142 prezydent Europejskiego Kongresu \u017byd\u00f3w, Moshe Kantor po spotkaniu dyrektor\u00f3w Kongresu w brukselskim biurze. Jak podaja strona internetowa &#346;wiatowego Kongresu \u017byd\u00f3w (<em>World Jewish Congres &#8211; WJC<\/em>), organizacji-parasola, w kt\u00f3rej zrzeszony jest Europejski Kongres \u017bydowski (<em>European Jewish Congress<\/em> &#8211; EJC): &#8222;wielu politycznych przyw\u00f3dc\u00f3w, naukowc\u00f3w, artyst\u00f3w i aktywist\u00f3w walcz\u0105cych w ci\u0105gu ostatnich kilkudziesi\u0119ciu lat przeciwko dyskryminacji i nietolerancji, we\u017amie udzia\u0142 w pracach nowej organizacji&#8221;. <\/p>\r\n<p>Podczas inauguracyjnego przem\u00f3wienia, Aleksander Kwa\u015bniewski powiedzia\u0142, \u017ce &#8222;\u017byjemy w historycznych czasach gdy Europa staje si\u0119 coraz bardziej wielo-narodowa, wielo-kulturowa i wielo-religijna. W tych czasach tolerancja staje si\u0119 podstaw\u0105 organizacyjn\u0105 dzisiejszych spo\u0142ecze\u0144stw&#8221;. Nowy szef CECSR doda\u0142, \u017ce &#8222;W tych czasach r\u00f3\u017cnorodno\u015b\u0107 staje si\u0119 cech\u0105 charakterystyczn\u0105 identyfikuj\u0105c\u0105 nasz kontynent. Tolerancja i respekt dla innych staje si\u0119 nakazem i jest nadrz\u0119dnym elementem funkcjonowania spo\u0142ecze\u0144stwa obywatelskiego&#8221;.<\/p>\r\n<p>Moshe Kantor, prezydent Europejskiego Kongresu \u017byd\u00f3w o\u015bwiadczy\u0142, \u017ce: &#8222;D\u0105\u017cymy do podkre\u015blenia globalnego znaczenia walki z ksenofobi\u0105 w swej najostrzejszej postaci &#8211; antysemityzmem. Organizacja CECSR wezwie globaln\u0105 spo\u0142eczno\u015b\u0107 i politycznych przyw\u00f3dc\u00f3w do konfrontacji niedawnej obserwowanej fali eskalacji antysemityzmu i ksenofobii w Europie i na ca\u0142ym \u015bwiecie.&#8221;<\/p>\r\n<p>Pierwszym publicznym wydarzeniem, w kt\u00f3rym nowa organizacja CECSR we\u017amie udzia\u0142, jest mi\u0119dzynarodowe forum zwo\u0142ane w Brukselii w listopadzie 2008 roku, zbiegaj\u0105ce si\u0119 z  70-rocznic\u0105 &#8222;Nocy Kryszta\u0142owej&#8221;, kiedy to &#8211; jak stwierdza poprawnie polityczna historia  &#8211; &#8222;Nazi\u015bci rozpocz\u0119li fal\u0119 pogrom\u00f3w przeciwko niemieckim \u017bydom&#8221;.<\/p>\r\n<p>&nbsp;<\/p>\r\n<p>&nbsp;<\/p>\r\n<p>ZOB. R&Oacute;WNIE\u017b:<\/p>\r\n<ul>\r\n  <li><a class=\"content_sz\" href =\"http:\/\/www.bibula.com\/?p=00142\">Kwa\u015bniewski wyk\u0142adowc\u0105 na Georgetown University!<\/a><\/li>\r\n  <li><a class=\"content_sz\" href =\"http:\/\/www.bibula.com\/?p=01277\"><strong>\u017bydzi stanowi\u0105 wi\u0119cej ni\u017c po\u0142ow\u0119 najbardziej wp\u0142ywowych ludzi na \u015bwiecie &#8211; stwierdza ranking pisma <em>Vanity Fair<\/em><\/strong><\/a><\/li>\r\n  <li><a class=\"content_sz\" href =\"http:\/\/www.bibula.com\/?p=00997\"><strong>Dalsza konsolidacja medi\u00f3w w r\u0119kach \u017cydowskich<\/strong><\/a><\/li>\r\n  <li><a class=\"content_sz\" href =\"http:\/\/www.bibula.com\/?p=00712\"><strong>Wybory w USA: Czterokrotna nadreprezentacja \u017byd\u00f3w w Kongresie<\/strong><\/a><\/li>\r\n  <li><a class=\"content_sz\" href =\"http:\/\/www.bibula.com\/?p=00730\" target=\"_blank\"><strong>Wzros\u0142a liczba \u017byd\u00f3w w parlamentach r\u00f3\u017cnych kraj\u00f3w \u015bwiata<\/strong><\/a><\/li>\r\n  <li><a class=\"content_sz\" href =\"http:\/\/www.bibula.com\/?p=01399\">Londyn:  Przedstawiciel Ameryka\u0144skiego Kongresu \u017byd\u00f3w szkoli\u0142 policjant\u00f3w z 15  kraj\u00f3w na temat &#8222;zagadnie\u0144 nienawi\u015bci i antysemityzmu&#8221;<\/a><\/li>\r\n  <li><a class=\"content_sz\" href =\"http:\/\/www.bibula.com\/?p=01379\"><strong>David Miliband, Minister Spraw Zagranicznych Wielkiej Brytanii &#8222;ma du\u017c\u0105 rodzin\u0119 w Izraelu&#8221;<\/strong><\/a><\/li>\r\n  <li><a class=\"content_sz\" href =\"http:\/\/www.bibula.com\/?p=01087\" set=\"yes\" linkindex=\"45\"><strong>Nominacje premiera Gordon Brown<\/strong><\/a><\/li>\r\n  <li><a class=\"content_sz\" href =\"http:\/\/www.bibula.com\/?p=01380\">\u017bydowska organizacja testuje ameryka\u0144sk\u0105 opini\u0119 publiczn\u0105 w sprawie wojny z Iranem<\/a><\/li>\r\n  <li><a class=\"content_sz\" href =\"http:\/\/www.bibula.com\/?p=01236\">USA: Pod naciskiem grup \u017cydowskich katolicka uczelnia wycofa\u0142a zaproszenie dla Desmonda Tutu<\/a><\/li>\r\n  <li><a class=\"content_sz\" href =\"http:\/\/www.bibula.com\/?p=01224\">Nowojorskie grupy \u017cydowskie otrzyma\u0142y wi\u0119kszo\u015b\u0107 federalnych grant\u00f3w na &#8222;zabezpieczenie przed terroryzmem&#8221;<\/a><\/li>\r\n  <li><a class=\"content_sz\" href =\"http:\/\/www.bibula.com\/?p=01195\">Bush nominowa\u0142 ortodoksyjnego \u017byda na Prokuratora Generalnego USA<\/a><\/li>\r\n  <li><a class=\"content_sz\" href =\"http:\/\/www.bibula.com\/?p=01340\">Gdy brakuje antysemityzmu, nale\u017cy go samemu wykreowa\u0107: \u017byd\u00f3wka sama namalowa\u0142a sobie swastyki na drzwiach<\/a><\/li>\r\n  <li><a class=\"content_sz\" href =\"http:\/\/www.bibula.com\/?p=01629\">Brooklyn: \u017byd-prowokator rozprowadzaj\u0105cy ulotki wzywaj\u0105ce do &#8222;Zabicia wszystkich \u017byd\u00f3w&#8221;, oficjalnie oskar\u017cony przez prokuratur\u0119<\/a><\/li>\r\n  <li><a class=\"content_sz\" href =\"http:\/\/www.bibula.com\/?p=01265\">\u017bydowska organizacja chce uciszy\u0107 komentatork\u0119 Ann Coulter za jej uwag\u0119 o tym, \u017ce \u017bydzi powinni nawr\u00f3ci\u0107 si\u0119 na chrze\u015bcija\u0144stwo<\/a><\/li>\r\n  <li><a class=\"content_sz\" href =\"http:\/\/www.bibula.com\/?p=00890\">&#8222;Tropiciel antysemityzmu&#8221; mianowany nowym dyrektorem Radia Wolna Europa<\/a><\/li>\r\n  <li><a class=\"content_sz\" href =\"http:\/\/www.bibula.com\/?p=00569\">Rudolph Giuliani najlepszym kandydatem na Prezydenta USA &#8222;z punktu widzenia interes\u00f3w Izraela&#8221;<\/a><\/li>\r\n  <li><a class=\"content_sz\" href =\"http:\/\/www.bibula.com\/?p=01263\">Rudolf Giuliani mianowa\u0142 kolejnych trzech \u017byd\u00f3w na swoich doradc\u00f3w<\/a><\/li>\r\n  <li><a class=\"content_sz\" href =\"http:\/\/www.bibula.com\/?p=01295\">Gubernator Florydy wprowadza do swojego biura praktyki \u017cydowskie<\/a><\/li>\r\n  <li><a class=\"content_sz\" href =\"http:\/\/www.bibula.com\/?p=00831\" target=\"_blank\"><strong>&#8222;\u017bydzi Stalina&#8221; &#8211; Czy wreszcie uczciwe odczytywanie historii? &#8211; <em>Lech Maziakowski<\/em><\/strong><\/a><\/li>\r\n  <li><a class=\"content_sz\" href =\"http:\/\/www.bibula.com\/?p=00521\">W Kalifornii rozbito gang prostytucyjny, kierowany przez \u017byd\u00f3w<\/a><\/li>\r\n  <li><a class=\"content_sz\" href  =\"http:\/\/www.bibula.com\/?p=01793\" target=\"_blank\"><strong>Rewolucyjny \u017byd czyli kto kontroluje przemys\u0142 pornograficzny &#8211; <em>Lech Maziakowski<\/em><\/strong><\/a><\/li>\r\n  <li><a class=\"content_sz\" href =\"http:\/\/www.bibula.com\/?p=00521\">W Kalifornii rozbito gang prostytucyjny, kierowany przez \u017byd\u00f3w<\/a><\/li>\r\n  <li><a class=\"content_sz\" href =\"http:\/\/www.bibula.com\/15\/main.php?page=handel_narkotykami\" target=\"_top\"><strong>&#346;wiatowy handel silnych narkotyk\u00f3w  zdominowany przez&#8230; kogo?<\/strong><\/a><\/li>\r\n  <li><a class=\"content_sz\" href =\"http:\/\/www.bibula.com\/?p=01887\">Nowy Jork: Kolejne oskar\u017cenia przeciwko \u017cydowskiej szkole i rabinowi molestuj\u0105cemu seksualnie uczni\u00f3w<\/a><\/li>\r\n  <li><a class=\"content_sz\" href =\"http:\/\/www.bibula.com\/?p=00890\">&#8222;Tropiciel antysemityzmu&#8221; mianowany nowym dyrektorem Radia Wolna Europa<\/a><\/li>\r\n  <li><a class=\"content_sz\" href =\"http:\/\/www.bibula.com\/?p=01910\" target=\"_blank\">22-letni \u017byd otrzymuje kontrakt <em>US Army<\/em> na dostaw\u0119 broni za 300 milion\u00f3w dolar\u00f3w<\/a><\/li>\r\n  <li><a class=\"content_sz\" href =\"http:\/\/www.bibula.com\/?p=01738\">Chasydzki rabin wraz z synem  nara\u017cali zdrowie mieszka\u0144c\u00f3w, oszukiwali w\u0142adze &#8211; zap\u0142ac\u0105 p\u00f3\u0142 miliona dolar\u00f3w kary<\/a><\/li>\r\n  <li><a class=\"content_sz\" href =\"http:\/\/www.bibula.com\/?p=01245\">USA: Aresztowanie dw\u00f3ch cz\u0142onk\u00f3w znanej ortodoksyjnej rodziny \u017cydowskiej Chabad-Lubavitch-Rubashkin<\/a><\/li>\r\n  <li><a class=\"content_sz\" href =\"http:\/\/www.bibula.com\/?p=01529\">Walki wewn\u0119trzne w chasydzkiej sekcie Chabad-Lubavitch o swojego &#8222;Mesjasza&#8221;<\/a><\/li>\r\n  <li><a class=\"content_sz\" href =\"http:\/\/www.bibula.com\/?p=01581\">Berlin: Plany rozwojowe o\u015brodka edukacyjno-sportowego chasydzkiej sekty Chabad<\/a><\/li>\r\n  <li><a class=\"content_sz\" href =\"http:\/\/www.bibula.com\/?p=01451\" set=\"yes\" linkindex=\"27\"><strong>Menora p\u0142onie przed Bia\u0142ym Domem, w Berlinie, Moskwie i w polskim Sejmie, u Prezydenta R.P. oraz na ulicach Warszawy&#8230;<\/strong><\/a><\/li>\r\n  <li><a class=\"content_sz\" href =\"http:\/\/www.bibula.com\/?p=01449\">Skandal: \u017cydowska menora zap\u0142on\u0119\u0142a w Sejmie R.P.!&nbsp;<\/a><\/li>\r\n  <li><a class=\"content_sz\" href =\"http:\/\/www.bibula.com\/?p=01444\">USA: Zapalono kolejn\u0105 menor\u0119, tym razem przed ratuszem miejskim w Pittsburghu<\/a>&nbsp;<\/li>\r\n  <li><a class=\"content_sz\" href =\"http:\/\/www.bibula.com\/?p=01107\">Chasydzki rabin b\u0119dzie wsp\u00f3\u0142decydowa\u0142 o wydawaniu pozwole\u0144 na funkcjonowanie prywatnych szk\u00f3\u0142 w USA<\/a><\/li>\r\n  <li><a class=\"content_sz\" href =\"http:\/\/www.bibula.com\/?p=01432\">Nowy Jork: Japo\u0144ski koncern Nissan \u0142o\u017cy na judaizacj\u0119 dzieci<\/a><\/li>\r\n  <li><a class=\"content_sz\" href =\"http:\/\/www.bibula.com\/?p=01451\" target=\"_self\">Menora p\u0142onie przed Bia\u0142ym Domem, w Berlinie, Moskwie i w polskim Sejmie, u Prezydenta R.P. oraz na ulicach Warszawy&#8230;<\/a><\/li>\r\n  <li><a class=\"content_sz\" href =\"http:\/\/www.bibula.com\/?p=00951\" target=\"_blank\">\u017bydowska indoktrynacja student\u00f3w na ameryka\u0144skich pa\u0144stwowych uczelniach<\/a><\/li>\r\n<\/ul>\r\n<p>oraz<\/p>\r\n<ul>\r\n  <li><a class=\"content_sz\" href =\"http:\/\/www.bibula.com\/?p=00945\" target=\"_blank\">Dewastacji miast ameryka\u0144skich ci\u0105g dalszy: W Detroit kupisz dom taniej niz u\u017cywany samoch\u00f3d<\/a><\/li>\r\n  <li><a class=\"content_sz\" href =\"http:\/\/www.bibula.com\/?p=00944\">Owoce multi-kulti: Jedna-trzecia mieszkanc\u00f3w Waszyngtonu to analfabeci<\/a><\/li>\r\n  <li><a class=\"content_sz\" href =\"http:\/\/www.bibula.com\/?p=00938\">Raport ONZ: nadchodzi masowa imigracja z kraj\u00f3w biednych do kraj\u00f3w bogatych<\/a><\/li>\r\n  <li><a class=\"content_sz\" href =\"http:\/\/www.bibula.com\/?p=00621\">Tzw. r\u00f3\u017cnorodno\u015b\u0107 etniczna destabilizuje  spo\u0142ecze\u0144stwa &#8211; wykazuj\u0105 badania Uniwersytetu Harvardu<\/a><\/li>\r\n  <li><a class=\"content_sz\" href =\"http:\/\/www.bibula.com\/?p=00057\">Nielegalni imigranci p\u0142ac\u0105 mniej za kszta\u0142cenie ni\u017c legalni obywatele USA<\/a><\/li>\r\n  <li><a class=\"content_sz\" href =\"http:\/\/www.bibula.com\/?p=00058\">Promowanie lewicowych przedmiot\u00f3w na renomowanych uczelniach ameryka\u0144skich zbiera \u017cniwo<\/a><\/li>\r\n  <li><a class=\"content_sz\" href =\"http:\/\/www.bibula.com\/?p=00520\">Nieudolny wymiar sprawiedliwo\u015bci w Nebrasce: przest\u0119pca zatrzymany po raz&#8230; 226<\/a><\/li>\r\n  <li><a class=\"content_sz\" href =\"http:\/\/www.bibula.com\/?p=01781\">USA: Media stosuj\u0105 podw\u00f3jne standardy przemilczaj\u0105c skal\u0119 gwa\u0142t\u00f3w Murzyn\u00f3w na bia\u0142ych kobietach<\/a><\/li>\r\n  <li><a class=\"content_sz\" href =\"http:\/\/www.bibula.com\/?p=01747\">San Francisco zap\u0142aci 1,6 miliona dolar\u00f3w za dyskryminacje bia\u0142ych policjant\u00f3w<\/a><\/li>\r\n  <li><a class=\"content_sz\" href =\"http:\/\/www.bibula.com\/?p=01691\">Wed\u0142ug zaindoktrynowanych nastolatk\u00f3w, list\u0119 &#8222;10 najs\u0142ynnieszych Amerykan\u00f3w w historii&#8221; otwieraj\u0105 Murzyni i kobiety<\/a><\/li>\r\n  <li><a class=\"content_sz\" href =\"http:\/\/www.bibula.com\/?p=00972\">Podw\u00f3jne standardy w mediach ameryka\u0144skich<\/a><\/li>\r\n<\/ul>\r\n<p>oraz<\/p>\r\n<ul>\r\n  <li><a class=\"content_sz\" href =\"http:\/\/www.bibula.com\/?p=01066\"><strong>Judaizm przeciwko Moj\u017ceszowi. Gnostycki mesjanizm Sabbataja Cwi &#8211; <em>Hugon Hajducki<\/em><\/strong><\/a><\/li>\r\n  <li><a class=\"content_sz\" href =\"http:\/\/www.bibula.com\/?p=01077\"><strong>Komunizm a \u017cydowska to\u017csamo\u015b\u0107 etniczna w Polsce &#8211; <em>Kevin MacDonald<\/em><\/strong><\/a><\/li>\r\n<\/ul>\r\n<p>&nbsp;<\/p>\r\n<table class=\"outset\" width=\"350\" align=\"center\"><tr><td><span class=\"content\">\r\n<p class=\"content\">KOLEJNO&#346;&#262; UKAZYWANIA SI&#280; INFORMACJI: <\/p>\r\n\r\n<ul>\r\n  <li><a href=\"http:\/\/www.bibula.com\/?p=02060\" target=\"_blank\">Serwis Informacyjny BIBU&#321;A &#8211; 1 czerwca 2008<\/a><\/li>\r\n  <li><a href=\"http:\/\/www.rp.pl\/artykul\/143969.html\" target=\"_blank\">Rzeczpospolita &#8211; 5 czerwca 2008<\/a><\/li>\r\n  <li><a href=\"http:\/\/www.dziennik.pl\/polityka\/article186558\/Kwasniewski_bedzie_bronil_praw_czlowieka.html\" target=\"_blank\">Dziennik &#8211; 5 czerwca 2008   <\/a><\/li>\r\n<\/ul>\r\n<\/span>\r\n<\/td><\/tr><\/table>\r\n<p><\/p>\r\n\r\n","protected":false},"excerpt":{"rendered":"Europejski Kongres \u017byd\u00f3w oznajmi\u0142 o utworzeniu &#8222;nowej europejskiej instytucji dzia\u0142aj\u0105cej na rzecz tolerancji i walki z antysemityzmem&#8221;, kt\u00f3rej szefem zosta\u0142 b. prezydent RP, Aleksander Kwa\u015bniewski. O utworzeniu nowej organizacji o nazwie &#8222;Europejskie Forum na rzecz Tolerancji: Rada Europejskich Przedstawicieli Spo\u0142ecze\u0144stw Obywatelskich&#8221; (European Forum of Tolerance: The Council of Europe&#146;s Civil Society Representatives &#8211; CECSR), oraz [&hellip;]","protected":false},"author":1,"featured_media":0,"comment_status":"closed","ping_status":"open","sticky":false,"template":"","format":"standard","meta":{"_acf_changed":false,"_monsterinsights_skip_tracking":false,"_monsterinsights_sitenote_active":false,"_monsterinsights_sitenote_note":"","_monsterinsights_sitenote_category":0,"ngg_post_thumbnail":0,"footnotes":"","_wp_rev_ctl_limit":""},"categories":[6],"tags":[],"acf":[],"_links":{"self":[{"href":"https:\/\/www.bibula.com\/index.php?rest_route=\/wp\/v2\/posts\/2060"}],"collection":[{"href":"https:\/\/www.bibula.com\/index.php?rest_route=\/wp\/v2\/posts"}],"about":[{"href":"https:\/\/www.bibula.com\/index.php?rest_route=\/wp\/v2\/types\/post"}],"author":[{"embeddable":true,"href":"https:\/\/www.bibula.com\/index.php?rest_route=\/wp\/v2\/users\/1"}],"replies":[{"embeddable":true,"href":"https:\/\/www.bibula.com\/index.php?rest_route=%2Fwp%2Fv2%2Fcomments&post=2060"}],"version-history":[{"count":0,"href":"https:\/\/www.bibula.com\/index.php?rest_route=\/wp\/v2\/posts\/2060\/revisions"}],"wp:attachment":[{"href":"https:\/\/www.bibula.com\/index.php?rest_route=%2Fwp%2Fv2%2Fmedia&parent=2060"}],"wp:term":[{"taxonomy":"category","embeddable":true,"href":"https:\/\/www.bibula.com\/index.php?rest_route=%2Fwp%2Fv2%2Fcategories&post=2060"},{"taxonomy":"post_tag","embeddable":true,"href":"https:\/\/www.bibula.com\/index.php?rest_route=%2Fwp%2Fv2%2Ftags&post=2060"}],"curies":[{"name":"wp","href":"https:\/\/api.w.org\/{rel}","templated":true}]}}