{"id":20547,"date":"2010-04-17T20:05:28","date_gmt":"2010-04-18T01:05:28","guid":{"rendered":"http:\/\/www.bibula.com\/?p=20547"},"modified":"2010-04-17T20:05:28","modified_gmt":"2010-04-18T01:05:28","slug":"zaklinanie-rzeczywistosci","status":"publish","type":"post","link":"https:\/\/www.bibula.com\/?p=20547","title":{"rendered":"Zaklinanie rzeczywisto\u015bci"},"content":{"rendered":"<p><em>&#8222;Pilnujcie tego miejsca, pilnujcie godnej pami\u0119ci Waszych przodk\u00f3w&#8221;<\/em> &#8211; te s\u0142owa z niewyg\u0142oszonego przem\u00f3wienia, kt\u00f3re mia\u0142y pa\u015b\u0107 w Katyniu, a  zabrzmia\u0142y dzi\u015b w Warszawie, powinny by\u0107 drogowskazem przysz\u0142ego  pojednania polsko-rosyjskiego. Pojednania opartego nie na emocjonalnych  reakcjach, nie na powtarzanych jak mantra, s\u0142owach ale w\u0142a\u015bnie na  prawdzie, kt\u00f3ra jest trudna i dla obu pa\u0144stw bolesna, ale dopiero pe\u0142ne  jej wypowiedzenie, wypowiedzenie s\u0142\u00f3w &#8222;Przepraszamy, wybaczcie&#8221;, mo\u017ce  pojednanie zainicjowa\u0107.  P\u00f3ki co du\u017co jest s\u0142\u00f3w, kt\u00f3re niewiele zmieniaj\u0105. Zauwa\u017ca to tak\u017ce  niemiecki dziennik &#8222;Frankfurter Allgemeine Zeitung&#8221;. Wed\u0142ug &#8222;FAZ&#8221;  uroczysto\u015bci 7 kwietnia dla uczczenia ofiar masakry w Katyniu  sygnalizuj\u0105, \u017ce premier W\u0142adimir Putin &#8222;publicznie zrozumia\u0142 to, co  \u015bwiat ju\u017c wie&#8221;. &#8222;Pot\u0119pi\u0142 on masowy mord na Polakach z 1940 r. jako  zbrodni\u0119 totalitarnego sowieckiego re\u017cimu i w drugim kroku wskaza\u0142  Stalina jako winnego&#8221; &#8211; pisze dziennik. <br \/>\r\nJednak &#8211; dodaje &#8211; rosyjskie w\u0142adze nadal nie wykazuj\u0105 gotowo\u015bci do  cofni\u0119cia decyzji o zamkni\u0119ciu \u015bledztwa w sprawie zbrodni katy\u0144skiej,  ujawnienia dokument\u00f3w oraz uznania pomordowanych za ofiary represji  politycznych.<\/p>\r\n\r\n<p><em>&#8222;Tak wi\u0119c s\u0142owa Putina w Katyniu by\u0142y wprawdzie wa\u017cne, ale nie  stanowi\u0105 jeszcze prze\u0142omu do nowej jako\u015bci w stosunkach  polsko-rosyjskich&#8221;<\/em> &#8211; ocenia &#8222;FAZ&#8221;.  FAZ patrzy na polityk\u0119 w spos\u00f3b realny, my, a raczej przewa\u017caj\u0105ca cz\u0119\u015b\u0107  medi\u00f3w i polityk\u00f3w pr\u00f3buje zaklina\u0107 rzeczywisto\u015b\u0107, tymczasem interesy  Polski i Rosji s\u0105 skrajnie r\u00f3\u017cne i r\u00f3\u017cny jest spos\u00f3b postrzegania  s\u0105siada. Z jednej strony jest to strach, podejrzliwo\u015b\u0107, z drugiej  lekcewa\u017cenie i traktowanie s\u0105siedniego pa\u0144stwa jak &#8222;strefy wp\u0142ywu&#8221;. Te  stereotypowe podej\u015bcia rzeczywi\u015bcie maj\u0105 szans\u0119 ulec zmianie, tu  ocieplenie mo\u017ce by\u0107 najszybciej dostrze\u017cone.<\/p>\r\n\r\n<p>Rozbie\u017cno\u015b\u0107 interes\u00f3w jednak pozostanie i \u017cadne patetyczne s\u0142owa  premiera, polityk\u00f3w czy dziennikarzy tego nie zmieni\u0105. Ta rozbie\u017cno\u015b\u0107 to  nie tylko kwestia &#8222;ba\u0142tyckiej rury&#8221; i polityki energetycznej Rosji, z  kt\u00f3rej Kreml uczyni\u0142 narz\u0119dzie nacisku i szanta\u017cu, to przede wszystkim  geopolityka Europy \u015brodkowej, w kt\u00f3rej Polska i Rosja rywalizuj\u0105 od  przesz\u0142o 400 lat. Rosja sta\u0142a si\u0119 pot\u0119g\u0105 europejsk\u0105 w chwili, gdy Polska  przesta\u0142a ni\u0105 by\u0107, czyli po przej\u0119cie kontroli nad Ukrain\u0105 w wyniku  buntu Chmielnickiego. Od tego czasu, z kr\u00f3tkimi przerwami utrzymuje si\u0119  rosyjska dominacja nad t\u0105 stref\u0105, kt\u00f3rej zagra\u017ca\u0107 mo\u017ce tylko Polska i  \u015bwiadomo\u015b\u0107 tego determinuje polityk\u0119 Moskwy.<\/p>\r\n\r\n<p>Po upadku komunizmu w 1990 roku, rosyjska dominacja uleg\u0142a powa\u017cnemu  zachwianiu, granice imperium cofn\u0119\u0142y si\u0119 a\u017c pod Smole\u0144sk, czyli do  stanu z po\u0142owy XVII wieku. Polska stan\u0119\u0142a przed mo\u017cliwo\u015bci\u0105 realizacji  wielkiego marzenia marsza\u0142ka Pi\u0142sudskiego, jakim by\u0142a idea federacyjna,  ale aktywnie dzia\u0142a\u0107 w tym kierunku zacz\u0105\u0142 dopiero w\u0142a\u015bnie prezydent  Kaczy\u0144ski.  Z tej geopolitycznej perspektywy, \u015bmier\u0107 polskiego prezydenta jest dla  Rosji rzeczywi\u015bcie dobrym momentem dla nowego kszta\u0142towania wzajemnych  stosunk\u00f3w. Je\u015bliby jednak mia\u0142o to oznacza\u0107 odwr\u00f3cenie si\u0119 od aktywnej  polityki wschodniej w zamian za oznaki sympatii p\u0142yn\u0105ce od zasiadaj\u0105cych  na Kremlu w\u0142adc\u00f3w, by\u0142oby to skrajn\u0105 g\u0142upot\u0105 i nieodpowiedzialno\u015bci\u0105.  Dlatego w\u0142a\u015bnie d\u0105\u017c\u0105c do pojednania, opierajmy go na prawdzie i  pragmaty\u017amie a nie sentymentach i emocjach. Emocje s\u0105 by\u0107 mo\u017ce dobre w  kontaktach mi\u0119dzy lud\u017cmi, mi\u0119dzy narodami musz\u0105 obowi\u0105zywa\u0107 twarde  zasady realpolitik.<\/p>\r\n\r\n<p><em><br \/>\r\n<\/em><\/p>","protected":false},"excerpt":{"rendered":"&#8222;Pilnujcie tego miejsca, pilnujcie godnej pami\u0119ci Waszych przodk\u00f3w&#8221; &#8211; te s\u0142owa z niewyg\u0142oszonego przem\u00f3wienia, kt\u00f3re mia\u0142y pa\u015b\u0107 w Katyniu, a zabrzmia\u0142y dzi\u015b w Warszawie, powinny by\u0107 drogowskazem przysz\u0142ego pojednania polsko-rosyjskiego. Pojednania opartego nie na emocjonalnych reakcjach, nie na powtarzanych jak mantra, s\u0142owach ale w\u0142a\u015bnie na prawdzie, kt\u00f3ra jest trudna i dla obu pa\u0144stw bolesna, ale [&hellip;]","protected":false},"author":1,"featured_media":0,"comment_status":"closed","ping_status":"closed","sticky":false,"template":"","format":"standard","meta":{"_acf_changed":false,"_monsterinsights_skip_tracking":false,"_monsterinsights_sitenote_active":false,"_monsterinsights_sitenote_note":"","_monsterinsights_sitenote_category":0,"ngg_post_thumbnail":0,"footnotes":"","_wp_rev_ctl_limit":""},"categories":[139],"tags":[137,138],"acf":[],"_links":{"self":[{"href":"https:\/\/www.bibula.com\/index.php?rest_route=\/wp\/v2\/posts\/20547"}],"collection":[{"href":"https:\/\/www.bibula.com\/index.php?rest_route=\/wp\/v2\/posts"}],"about":[{"href":"https:\/\/www.bibula.com\/index.php?rest_route=\/wp\/v2\/types\/post"}],"author":[{"embeddable":true,"href":"https:\/\/www.bibula.com\/index.php?rest_route=\/wp\/v2\/users\/1"}],"replies":[{"embeddable":true,"href":"https:\/\/www.bibula.com\/index.php?rest_route=%2Fwp%2Fv2%2Fcomments&post=20547"}],"version-history":[{"count":0,"href":"https:\/\/www.bibula.com\/index.php?rest_route=\/wp\/v2\/posts\/20547\/revisions"}],"wp:attachment":[{"href":"https:\/\/www.bibula.com\/index.php?rest_route=%2Fwp%2Fv2%2Fmedia&parent=20547"}],"wp:term":[{"taxonomy":"category","embeddable":true,"href":"https:\/\/www.bibula.com\/index.php?rest_route=%2Fwp%2Fv2%2Fcategories&post=20547"},{"taxonomy":"post_tag","embeddable":true,"href":"https:\/\/www.bibula.com\/index.php?rest_route=%2Fwp%2Fv2%2Ftags&post=20547"}],"curies":[{"name":"wp","href":"https:\/\/api.w.org\/{rel}","templated":true}]}}