{"id":2054,"date":"2008-05-28T13:27:38","date_gmt":"2008-05-28T13:27:38","guid":{"rendered":""},"modified":"-0001-11-30T00:00:00","modified_gmt":"-0001-11-30T04:00:00","slug":"","status":"publish","type":"post","link":"https:\/\/www.bibula.com\/?p=2054","title":{"rendered":"Rocznica pewnego mordu &#8211; <em>Maciej Eckardt<\/em>"},"content":{"rendered":"<p>Mija w\u0142a\u015bnie 60. rocznica zamordowania przez komunist\u00f3w rotmistrza  Witolda Pileckiego. By\u0142 bohaterem i wzorem patrioty, kt\u00f3ry w \u017caden  spos\u00f3b nie pasowa\u0142 do rodz\u0105cego si\u0119 po 1945 roku systemu bezprawia i  gwa\u0142tu na niepodleg\u0142o\u015bci Polski. Pochwycony przez czerwonych bandzior\u00f3w  i poddany niezwykle brutalnym przes\u0142uchaniom&nbsp;w katowniach&nbsp;UB, &bdquo;przyzna\u0142  si\u0119&rdquo; do rzeczy niepope\u0142nionych i sfingowanych. Podzieli\u0142 los tysi\u0119cy  polskich bohater\u00f3w podziemia, dla kt\u00f3rych w\u0142adza ludowa przyszykowa\u0142a  krwaw\u0105 \u0142a\u017ani\u0119.<\/p>\r\n<p>Zamiast odbiera\u0107 po wyniszczaj\u0105cej wojnie uznanie za \u017cyciow\u0105 drog\u0119 i  by\u0107 wzorem dla m\u0142odego pokolenia, zosta\u0142 zamordowany. Z ca\u0142\u0105  premedytacj\u0105 i ob\u0142ud\u0105, na jak\u0105 sta\u0107 komun\u0119. Nie znalaz\u0142 uznania w  oczach sowieckiego agenta Boles\u0142awa Bieruta, kt\u00f3ry pe\u0142ni\u0105c groteskowy  urz\u0105d \u00f3wczesnego prezydenta RP, nie skorzysta\u0142 z prawa \u0142aski po  sfingowanym procesie. Pilecki, pomimo tego wszystkiego, do ko\u0144ca  zachowa\u0142 godno\u015b\u0107 i spok\u00f3j, czym wzbudza\u0142 szacunek innych wi\u0119\u017ani\u00f3w.<\/p>\r\n<p>Syn rotmistrza Pileckiego, Andrzej, tak wspomina w wywiadzie dla &bdquo;Naszego Dziennika&rdquo; postaw\u0119 ojca w mokotowskim wi\u0119zieniu: <em>Kiedy\u015b  podszed\u0142 do mnie nieznajomy m\u0119\u017cczyzna i powiedzia\u0142: &ldquo;Siedzia\u0142em jako  kryminalny w wi\u0119zieniu na Mokotowie, nosi\u0142em jedzenie do celi twojemu  ojcu. Czasami nic nawet nie tkn\u0105\u0142, by\u0142 skupiony, jakby si\u0119 modli\u0142. To  by\u0142 cz\u0142owiek blisko Boga. Pod jego wp\u0142ywem postanowi\u0142em nie szkodzi\u0107  innym&rdquo;. Ojciec go nawr\u00f3ci\u0142, a on uwa\u017ca\u0142 go za \u015bwi\u0119tego. Je\u015bli to  prawda, a chyba tak, to by\u0142o bardzo wzruszaj\u0105ce.<\/em><\/p>\r\n<p>To&nbsp;jedno z najciekawszych&nbsp;\u015bwiadectw o tej postaci, bardzo osobiste i inne. Poni\u017cej za <a href=\"http:\/\/www.pilecki.ipn.gov.pl\/\">stron\u0105 IPN<\/a>, kr\u00f3tkie wspomnienie o ostatnim rozdziale \u017cycia rotmistrza Witolda Pileckiego. Cze\u015b\u0107 Jego pami\u0119ci!<\/p>\r\n<blockquote>\r\n  <p>Witolda Pileckiego zatrzymano 8 maja 1947 r., a od 6 do  22 maja 1947 r. uwi\u0119ziono 23 osoby, z kt\u00f3rych tylko 7 zosta\u0142o uznanych  za niewinne i zwolniono. Od 9 maja Pilecki znajdowa\u0142 si\u0119 w X Pawilonie  wi\u0119zienia mokotowskiego w ca\u0142kowitej izolacji. &#346;ledztwo przeciwko niemu  nadzorowa\u0142 p\u0142k R. Romkowski i na protoko\u0142ach przes\u0142ucha\u0144 znajduj\u0105 si\u0119  dopiski i polecenia pisane jego r\u0119k\u0105 (dokumenty ze \u015bledztwa s\u0105  zgromadzone w Archiwum G\u0142\u00f3wnej Komisji Badania Zbrodni przeciw Narodowi  Pilskiemu, Instytucie Pami\u0119ci Narodowej).<\/p>\r\n  <p>Przes\u0142uchiwany by\u0142 przez: por. S. &#321;yszkowskiego, por.  Krawczy\u0144skiego, ppor. J. Kroszela, por. T. S\u0142owianka, ppor. E.  Chimczaka i por. S. Alaborskiego, kt\u00f3rzy s\u0142yn\u0119li z okrucie\u0144stwa.  Koszmar przes\u0142uchiwania trwa\u0142 p\u00f3\u0142 roku. 4 listopada 1947 r. w obecno\u015bci  oficera \u015bledczego MBP por. M. Krawczy\u0144skiego i prokuratora Naczelnej  Prokuratury Wojska Polskiego mjr Rychlika, Witold Pilecki potwierdzi\u0142  z\u0142o\u017cone w \u015bledztwie zeznania, sk\u0142adaj\u0105c podpis pod formu\u0142\u0105 o ich  dobrowolno\u015bci i bez represyjno\u015bci.<\/p>\r\n  <p>Tymczasem rtm. Pilecki by\u0142 torturowany! Potwierdzaj\u0105 ten fakt  zeznania wi\u0119\u017ani\u00f3w &ndash; wsp\u00f3\u0142towarzyszy i informacje ksi\u0119\u017cy Jana St\u0119pnia i  Antoniego Czajkowskiego, kt\u00f3rzy w tym czasie te\u017c znajdowali si\u0119 w  wi\u0119zieniu Rakowieckim. Jednak podpisanie spreparowanych materia\u0142\u00f3w  \u015bledczych zamyka\u0142o \u015bledztwo i mo\u017cna by\u0142o odpocz\u0105\u0107 od tortur i udr\u0119ki  przes\u0142ucha\u0144. Ponadto oczekiwanie na proces dawa\u0142o nadziej\u0119 na mo\u017cliwo\u015b\u0107  odparcia wymuszonych zezna\u0144 i spreparowanych, absurdalnych zarzut\u00f3w.<\/p>\r\n  <p>Zaraz po uwi\u0119zieniu Pileckiego, jego o\u015bwi\u0119cimscy przyjaciele  zwr\u00f3cili si\u0119 do innego wsp\u00f3\u0142wi\u0119\u017ania &ndash; premiera J\u00f3zefa Cyrankiewicza z  pro\u015bb\u0105 o interwencj\u0119. Zamiast odpowiedzi, Cyrankiewicz wystosowa\u0142 pismo  do przewodnicz\u0105cego sk\u0142adu s\u0119dziowskiego, w kt\u00f3rym sugerowa\u0142, by nie  brano pod uwag\u0119 dzia\u0142alno\u015bci &bdquo;Tomasza Serafi\u0144skiego&rdquo; w Auschwitz, lecz  by rozprawiono si\u0119 z nim jako &bdquo;wrogiem ludu i Polski Ludowej&rdquo;.<\/p>\r\n  <p>Proces Witolda Pileckiego i jego towarzyszy: Marii Szel\u0105gowskiej,  Tadeusza P\u0142u\u017ca\u0144skiego, Szymona Jamontta-Krzywickiego, Maksymiliana  Kauckiego, Jerzego Nowakowskiego, Witolda R\u00f3\u017cyckiego i Makarego  Sieradzkiego rozpocz\u0105\u0142 si\u0119 3 marca 1948 r. w siedzibie warszawskiego  Rejonowego S\u0105du Wojew\u00f3dzkiego przy ul. Nowowiejskiej. Na ten &bdquo;jawny&rdquo;  proces wpuszczono za specjalnymi biletami cz\u0119\u015b\u0107 najbli\u017cszej rodziny  oraz ludzi z resortu. S\u0105dowemu sk\u0142adowi przewodniczy\u0142 mgr pp\u0142k Jan  Hryckowian, a cz\u0142onkami sk\u0142adu byli: s\u0119dzia wojskowy mgr kpt. J\u00f3zef  Badecki, \u0142awnik kpt. Stefan Nowacki i protokolant por. Ryszard  Czarkowski. Oskar\u017cycielem &bdquo;Witolda&rdquo; by\u0142 wiceprokurator Naczelnej  Prokuratury Wojska Polskiego mjr Czes\u0142aw &#321;api\u0144ski. Oskar\u017ca\u0142 go o  posiadanie broni, kt\u00f3r\u0105 Pilecki po upadku powstania &ndash; podobnie jak  wi\u0119kszo\u015b\u0107 powsta\u0144c\u00f3w &ndash; ukry\u0142 w skrytce i nie u\u017cywa\u0142. Kolejne oskar\u017cenie  dotyczy\u0142o przygotowywania zamach\u00f3w zbrojnych na prominent\u00f3w re\u017cimu, ale  cz\u0119\u015bciowo je utajniono, gdy\u017c opiera\u0142o si\u0119 na materiale pozosta\u0142ym po  nieudanej prowokacji. Ostatnim zarzutem by\u0142o oskar\u017cenie o pos\u0142ugiwanie  si\u0119 fa\u0142szywymi dokumentami wystawionymi na nazwisko Romana  Jezierskiego. Podczas rozprawy prokurator nie dopu\u015bci\u0142 do przes\u0142uchania  \u015bwiadk\u00f3w oskar\u017cenia przebywaj\u0105cych w wi\u0119kszo\u015bci w wi\u0119zieniach oraz  zrezygnowa\u0142 ze \u015bwiatk\u00f3w obrony.<\/p>\r\n  <p>Rozstrzygni\u0119cia zapada\u0142y poza sal\u0105 s\u0105dow\u0105. Proces w swym za\u0142o\u017ceniu  mia\u0142 dostarczy\u0107 materia\u0142u propagandowego na potwierdzenie tezy o  szpiegowskiej dzia\u0142alno\u015bci grupy &bdquo;Witolda&rdquo; i wsp\u00f3\u0142pracy z Niemcami w  czasie okupacji. Ponadto mia\u0142 sta\u0107 si\u0119 \u015brodkiem sterroryzowania  spo\u0142ecze\u0144stwa w jego odruchach niepodleg\u0142o\u015bciowych. Dlatego oskar\u017cyciel  \u017c\u0105da\u0142 dla oskar\u017conych kary \u015bmierci. W ostatnim s\u0142owie oskar\u017ceni  odrzucili zarzut szpiegostwa i \u015bwiadomego uczestnictwa w dzia\u0142alno\u015bci  tego typu, podkre\u015blali natomiast postaw\u0119 \u017co\u0142nierskiej s\u0142u\u017cby w dobrej  sprawie.<\/p>\r\n  <p>15 marca 1948 r. w po\u0142udnie og\u0142oszono wyrok: W. Pilecki, M.  Szel\u0105gowska i T. P\u0142u\u017ca\u0144ski zostali skazani na kar\u0119 \u015bmierci, M.  Sieradzki na do\u017cywocie, a pozostali na kilkana\u015bcie lat wi\u0119zienia. W  uzasadnieniu wyrok\u00f3w \u015bmierci s\u0105d wojskowy poda\u0142: &bdquo;dopu\u015bcili si\u0119  najci\u0119\u017cszej zbrodni stanu i zdrady narodu, cechowa\u0142o ich wyj\u0105tkowe  napi\u0119cie z\u0142ej woli, przejawiali nienawi\u015b\u0107 do Polski Ludowej i reform  spo\u0142ecznych, zaprzedali si\u0119 obcemu wywiadowi i wykazali szczeg\u00f3ln\u0105  gorliwo\u015b\u0107 w akcji szpiegowskiej&rdquo;. Mo\u017cna zauwa\u017cy\u0107, \u017ce to uzasadnienie  potwierdza polityczny i propagandowy charakter procesu u wyroku.<br \/>\r\n    Skarga rewizyjna jak\u0105 z\u0142o\u017cyli obro\u0144cy oskar\u017conych przyczyni\u0142a si\u0119 do  zmiany kary \u015bmierci Marii Szel\u0105gowskiej na do\u017cywocie &ndash; tylko ze wzgl\u0119du  na jej p\u0142e\u0107. Kar\u0119 \u015bmierci zamieniono na do\u017cywocie tak\u017ce Tadeuszowi  P\u0142u\u017ca\u0144skiemu. Pro\u015bby o u\u0142askawienie skierowane do prezydenta Boles\u0142aw  Bieruta przez obro\u0144c\u0119, przez przyjaci\u00f3\u0142 o\u015bwi\u0119cimskich i przez Mari\u0119,  \u017con\u0119 Pileckiego zosta\u0142y odrzucone.<\/p>\r\n  <p>25 maja 1948 r. o godz. 21.30 w obecno\u015bci Wiceprokuratora Naczelnej  Prokuratury Wojska Polskiego mjr S. Cypryszewskiego, Naczelnika  wi\u0119zienia Mokotowskiego &ndash; por. Ryszarda Mo\u0144ko, lekarza por. dr lek.  Kazimierza Jezierskiego, duchownego &ndash; ks. kpt. Wincentego Martusiewicza  rozstrzelano Witolda Pileckiego, a cia\u0142o potajemnie pogrzebano  prawdopodobnie na tzw. &bdquo;&#321;\u0105czce&rdquo; dzi\u015b kwatera &bdquo;&#321;&rdquo; cmentarza  Pow\u0105zkowskiego.<br \/>\r\n    Dopiero we wrze\u015bniu 1990 r. S\u0105d Najwy\u017cszy uniewinni\u0142 rotmistrza i jego  towarzyszy, ukaza\u0142 niesprawiedliwy charakter wydanych wyrok\u00f3w,  uwypukli\u0142 patriotyczn\u0105 postaw\u0119 skazanych w tym procesie.<\/p>\r\n  <p>W lipcu 2006 r. Prezydent RP Lech Kaczy\u0144ski w uznaniu zas\u0142ug Witolda  Pileckiego i jego oddania sprawom ojczyzny odznaczy\u0142 go po\u015bmiertnie  Orderem Or\u0142a Bia\u0142ego.<\/p>\r\n<\/blockquote>\r\n<blockquote>&nbsp;<\/blockquote>\r\n<p><strong><em>Maciej Eckardt <\/em><\/strong><\/p>\r\n\r\n","protected":false},"excerpt":{"rendered":"Mija w\u0142a\u015bnie 60. rocznica zamordowania przez komunist\u00f3w rotmistrza Witolda Pileckiego. By\u0142 bohaterem i wzorem patrioty, kt\u00f3ry w \u017caden spos\u00f3b nie pasowa\u0142 do rodz\u0105cego si\u0119 po 1945 roku systemu bezprawia i gwa\u0142tu na niepodleg\u0142o\u015bci Polski. Pochwycony przez czerwonych bandzior\u00f3w i poddany niezwykle brutalnym przes\u0142uchaniom&nbsp;w katowniach&nbsp;UB, &bdquo;przyzna\u0142 si\u0119&rdquo; do rzeczy niepope\u0142nionych i sfingowanych. Podzieli\u0142 los tysi\u0119cy polskich [&hellip;]","protected":false},"author":1,"featured_media":0,"comment_status":"closed","ping_status":"open","sticky":false,"template":"","format":"standard","meta":{"_acf_changed":false,"_monsterinsights_skip_tracking":false,"_monsterinsights_sitenote_active":false,"_monsterinsights_sitenote_note":"","_monsterinsights_sitenote_category":0,"ngg_post_thumbnail":0,"footnotes":"","_wp_rev_ctl_limit":""},"categories":[9],"tags":[],"acf":[],"_links":{"self":[{"href":"https:\/\/www.bibula.com\/index.php?rest_route=\/wp\/v2\/posts\/2054"}],"collection":[{"href":"https:\/\/www.bibula.com\/index.php?rest_route=\/wp\/v2\/posts"}],"about":[{"href":"https:\/\/www.bibula.com\/index.php?rest_route=\/wp\/v2\/types\/post"}],"author":[{"embeddable":true,"href":"https:\/\/www.bibula.com\/index.php?rest_route=\/wp\/v2\/users\/1"}],"replies":[{"embeddable":true,"href":"https:\/\/www.bibula.com\/index.php?rest_route=%2Fwp%2Fv2%2Fcomments&post=2054"}],"version-history":[{"count":0,"href":"https:\/\/www.bibula.com\/index.php?rest_route=\/wp\/v2\/posts\/2054\/revisions"}],"wp:attachment":[{"href":"https:\/\/www.bibula.com\/index.php?rest_route=%2Fwp%2Fv2%2Fmedia&parent=2054"}],"wp:term":[{"taxonomy":"category","embeddable":true,"href":"https:\/\/www.bibula.com\/index.php?rest_route=%2Fwp%2Fv2%2Fcategories&post=2054"},{"taxonomy":"post_tag","embeddable":true,"href":"https:\/\/www.bibula.com\/index.php?rest_route=%2Fwp%2Fv2%2Ftags&post=2054"}],"curies":[{"name":"wp","href":"https:\/\/api.w.org\/{rel}","templated":true}]}}