{"id":205,"date":"2006-04-02T00:00:00","date_gmt":"2006-04-02T00:00:00","guid":{"rendered":""},"modified":"-0001-11-30T00:00:00","modified_gmt":"-0001-11-30T04:00:00","slug":"","status":"publish","type":"post","link":"https:\/\/www.bibula.com\/?p=205","title":{"rendered":"Premier Tony Blair na drodze do przyj\u0119cia wiary katolickiej?"},"content":{"rendered":"<p>Premier Wielkiej Brytanii Tony Blair, ucz\u0119szcza wraz z \u017con\u0105 i czworgiem dzieci na zamkni\u0119te Msze \u015bw. &#8211; informuje dodatek niedzielny <em>The Sunday Times<\/em> do dziennika <em>The Times<\/em>.<BR \/>\r\n  Od 2003 roku Tony Blair, Anglikanin, uczestniczy wraz ze swoj\u0105 \u017con\u0105 Cherie we Mszy \u015bw.  celebrowanej przez franciszkanina, ojca Michael Seed w kaplicy na Downing Street. <\/p>\r\n<p>Jakkolwiek Komuni\u0119 \u015bw. przyjmuje tylko \u017cona Premiera, Cherie i ich czw\u00f3rka dzieci wychowywana w wierze katolickiej,  kr\u0105\u017c\u0105 pogloski, \u017ce premier Tony Blair planuje przej\u015bcie na katolicyzm po zako\u0144czeniu si\u0119 jego kadencji. Mia\u0142by on by\u0107 przygotowywany przez ojca  Seed, kt\u00f3ry w przesz\u0142o\u015bci przyczyni\u0142 si\u0119 do przej\u015bcia na katolicyzm takich brytyjskich parlamentarzyst\u00f3w, jak John Gummer czy Ann Widdecombe.<\/p>\r\n<p>Ojciec Seed odm\u00f3wi\u0142 udzielenia komentarzy na ten temat, a Urz\u0105d Premiera odm\u00f3wi\u0142 z uzasadnieniem, \u017ce nie b\u0119dzie komentowa\u0142 &#8222;prywatnych kwestii&#8221;.<\/p>\r\n<p>W historii Wielkiej Brytanii nie by\u0142o katolickiego premiera, a Cherie Blair jest pierwsz\u0105  \u017con\u0105 premiera brytyjskiego, wyznaj\u0105c\u0105 wiar\u0119  rzymsko-katolick\u0105.<\/p>\r\n<p>&nbsp;<\/p>\r\n\r\n","protected":false},"excerpt":{"rendered":"Premier Wielkiej Brytanii Tony Blair, ucz\u0119szcza wraz z \u017con\u0105 i czworgiem dzieci na zamkni\u0119te Msze \u015bw. &#8211; informuje dodatek niedzielny The Sunday Times do dziennika The Times. Od 2003 roku Tony Blair, Anglikanin, uczestniczy wraz ze swoj\u0105 \u017con\u0105 Cherie we Mszy \u015bw. celebrowanej przez franciszkanina, ojca Michael Seed w kaplicy na Downing Street. Jakkolwiek Komuni\u0119 [&hellip;]","protected":false},"author":1,"featured_media":0,"comment_status":"closed","ping_status":"open","sticky":false,"template":"","format":"standard","meta":{"_acf_changed":false,"_monsterinsights_skip_tracking":false,"_monsterinsights_sitenote_active":false,"_monsterinsights_sitenote_note":"","_monsterinsights_sitenote_category":0,"ngg_post_thumbnail":0,"footnotes":"","_wp_rev_ctl_limit":""},"categories":[6],"tags":[],"acf":[],"_links":{"self":[{"href":"https:\/\/www.bibula.com\/index.php?rest_route=\/wp\/v2\/posts\/205"}],"collection":[{"href":"https:\/\/www.bibula.com\/index.php?rest_route=\/wp\/v2\/posts"}],"about":[{"href":"https:\/\/www.bibula.com\/index.php?rest_route=\/wp\/v2\/types\/post"}],"author":[{"embeddable":true,"href":"https:\/\/www.bibula.com\/index.php?rest_route=\/wp\/v2\/users\/1"}],"replies":[{"embeddable":true,"href":"https:\/\/www.bibula.com\/index.php?rest_route=%2Fwp%2Fv2%2Fcomments&post=205"}],"version-history":[{"count":0,"href":"https:\/\/www.bibula.com\/index.php?rest_route=\/wp\/v2\/posts\/205\/revisions"}],"wp:attachment":[{"href":"https:\/\/www.bibula.com\/index.php?rest_route=%2Fwp%2Fv2%2Fmedia&parent=205"}],"wp:term":[{"taxonomy":"category","embeddable":true,"href":"https:\/\/www.bibula.com\/index.php?rest_route=%2Fwp%2Fv2%2Fcategories&post=205"},{"taxonomy":"post_tag","embeddable":true,"href":"https:\/\/www.bibula.com\/index.php?rest_route=%2Fwp%2Fv2%2Ftags&post=205"}],"curies":[{"name":"wp","href":"https:\/\/api.w.org\/{rel}","templated":true}]}}