{"id":20443,"date":"2010-04-15T03:17:48","date_gmt":"2010-04-15T08:17:48","guid":{"rendered":"http:\/\/www.bibula.com\/?p=20443"},"modified":"2010-04-14T22:18:26","modified_gmt":"2010-04-15T03:18:26","slug":"adam-gmurczyk-spor-o-pietruszke","status":"publish","type":"post","link":"https:\/\/www.bibula.com\/?p=20443","title":{"rendered":"Adam Gmurczyk: &#8222;Sp\u00f3r o pietruszk\u0119&#8221;"},"content":{"rendered":"<p>Nie nale\u017ca\u0142em ani nie  nale\u017c\u0119 do wielbicieli Lecha Kaczy\u0144skiego. Pomijaj\u0105c w\u0142a\u015bciw\u0105  uczestnikom demoliberalnej gry sk\u0142onno\u015b\u0107 do bawienia si\u0119 losami  kraju dla zaspakajania w\u0142asnych, \u017ale ukierunkowanych ambicji, pozostanie   on dla mnie na zawsze tym, kt\u00f3ry swoim podpisem pod traktatem lizbo\u0144skim   na d\u0142ugo pogr\u0105\u017cy\u0142 Polsk\u0119 w niewoli brukselskiej.<\/p>\r\n\r\n<p>Zgin\u0105\u0142  \u015bmierci\u0105  tragiczn\u0105,  pochylam wi\u0119c g\u0142ow\u0119 w modlitwie za spok\u00f3j duszy jego i innych ofiar  katastrofy.<\/p>\r\n\r\n<p>Jednak nie bra\u0142em i  nie zamierzam bra\u0107 udzia\u0142u \u201ew og\u00f3lnonarodowej\u201d debacie, kt\u00f3ra  przybra\u0142a wymiar bazarowy, nad s\u0142uszno\u015bci\u0105 czy te\u017c jej brakiem,  pochowania Lecha Kaczy\u0144skiego na krakowskim Wawelu.<\/p>\r\n\r\n<p>Od kiedy bowiem pod  gro\u017ab\u0105  zab\u00f3jstw wymuszono na w\u0142adzach ko\u015bcielnych z\u0142o\u017cenie tam zw\u0142ok  J. Pi\u0142sudskiego, symboliczne znaczenie Wawelu zmar\u0142o \u015bmierci\u0105 tragiczn\u0105.   To pi\u0119kny zabytek , znak naszej dawnej chwa\u0142y. I na tym ko\u0144czy si\u0119  jego rola.<\/p>\r\n\r\n<p>\u0179yjemy w czasach  zdeprecjonowanych  symboli: historyczne ordery, nadawane za wybitne zas\u0142ugi dla Kraju,  produkowane s\u0105 masowo w cenie metalowych blaszek; historyczne miejsca  staj\u0105 si\u0119 miejscem potyczek wyborczych. Pod w\u0142adz\u0105 demokracji, wolno\u015bci  i post\u0119pu ka\u017cde sacrum traci swoj\u0105 moc tw\u00f3rcz\u0105.<\/p>\r\n\r\n<p>\u0179yj\u0105c w takiej a nie  innej rzeczywisto\u015bci nauczmy si\u0119 wreszcie rozr\u00f3\u017cnia\u0107 sprawy istotne  od nieistotnych.<\/p>\r\n\r\n<p><span class=\"pullquote\"><!-- Wielko\u015bci cz\u0142owieka nie mierzy si\u0119 bowiem miejscem poch\u00f3wka - w dzisiejszych czasach \u015bwiadczy to jedynie o dobrych znajomo\u015bciach.  --><\/span><\/p>\r\n\r\n<p>Kaczy\u0144ski spocznie na  Wawelu, bo taka jest wola polityczna zarz\u0105dzaj\u0105cych Polsk\u0105. I c\u00f3\u017c  z tego wynika? Tyle tylko, \u017ce zw\u0142oki jego b\u0119d\u0105 tam sobie le\u017ce\u0107.  Wielko\u015bci cz\u0142owieka nie mierzy si\u0119 bowiem miejscem poch\u00f3wka &#8211;  w dzisiejszych czasach \u015bwiadczy to jedynie o dobrych znajomo\u015bciach.  Los\u00f3w Polski to nie zmieni, nie zlikwiduje konieczno\u015bci zwalczenia  \u201edziedzictwa\u201d zar\u00f3wno Kaczy\u0144skiego, ale tak\u017ce i innych Tusk\u00f3w  tego \u015bwiata.<\/p>\r\n\r\n<p>Przeciwnik\u00f3w \u201eopcji  wawelskiej\u201d uspokajam: Kaczy\u0144ski w tym miejscu b\u0119dzie \u017cywym tematem  jedynie dla przewodnik\u00f3w turystycznych.<\/p>\r\n\r\n<p>Zwolennikom za\u015b  przypominam:  o wielko\u015bci cz\u0142owieka \u015bwiadczy nie to, gdzie z\u0142o\u017cono jego cia\u0142o,  ale jakim cz\u0142owiekiem by\u0142, a w wypadku \u201em\u0119\u017ca stanu\u201d, co wni\u00f3s\u0142  do dobra wsp\u00f3lnego.<\/p>\r\n\r\n<p><strong><em>Adam Gmurczyk<\/em><\/strong><\/p>","protected":false},"excerpt":{"rendered":"Nie nale\u017ca\u0142em ani nie nale\u017c\u0119 do wielbicieli Lecha Kaczy\u0144skiego. Pomijaj\u0105c w\u0142a\u015bciw\u0105 uczestnikom demoliberalnej gry sk\u0142onno\u015b\u0107 do bawienia si\u0119 losami kraju dla zaspakajania w\u0142asnych, \u017ale ukierunkowanych ambicji, pozostanie on dla mnie na zawsze tym, kt\u00f3ry swoim podpisem pod traktatem lizbo\u0144skim na d\u0142ugo pogr\u0105\u017cy\u0142 Polsk\u0119 w niewoli brukselskiej. Zgin\u0105\u0142 \u015bmierci\u0105 tragiczn\u0105, pochylam wi\u0119c g\u0142ow\u0119 w modlitwie za [&hellip;]","protected":false},"author":1,"featured_media":0,"comment_status":"closed","ping_status":"closed","sticky":false,"template":"","format":"standard","meta":{"_acf_changed":false,"_monsterinsights_skip_tracking":false,"_monsterinsights_sitenote_active":false,"_monsterinsights_sitenote_note":"","_monsterinsights_sitenote_category":0,"ngg_post_thumbnail":0,"footnotes":"","_wp_rev_ctl_limit":""},"categories":[139],"tags":[37,137],"acf":[],"_links":{"self":[{"href":"https:\/\/www.bibula.com\/index.php?rest_route=\/wp\/v2\/posts\/20443"}],"collection":[{"href":"https:\/\/www.bibula.com\/index.php?rest_route=\/wp\/v2\/posts"}],"about":[{"href":"https:\/\/www.bibula.com\/index.php?rest_route=\/wp\/v2\/types\/post"}],"author":[{"embeddable":true,"href":"https:\/\/www.bibula.com\/index.php?rest_route=\/wp\/v2\/users\/1"}],"replies":[{"embeddable":true,"href":"https:\/\/www.bibula.com\/index.php?rest_route=%2Fwp%2Fv2%2Fcomments&post=20443"}],"version-history":[{"count":0,"href":"https:\/\/www.bibula.com\/index.php?rest_route=\/wp\/v2\/posts\/20443\/revisions"}],"wp:attachment":[{"href":"https:\/\/www.bibula.com\/index.php?rest_route=%2Fwp%2Fv2%2Fmedia&parent=20443"}],"wp:term":[{"taxonomy":"category","embeddable":true,"href":"https:\/\/www.bibula.com\/index.php?rest_route=%2Fwp%2Fv2%2Fcategories&post=20443"},{"taxonomy":"post_tag","embeddable":true,"href":"https:\/\/www.bibula.com\/index.php?rest_route=%2Fwp%2Fv2%2Ftags&post=20443"}],"curies":[{"name":"wp","href":"https:\/\/api.w.org\/{rel}","templated":true}]}}