{"id":20412,"date":"2010-04-14T10:29:57","date_gmt":"2010-04-14T15:29:57","guid":{"rendered":"http:\/\/www.bibula.com\/?p=20412"},"modified":"2010-04-14T10:41:18","modified_gmt":"2010-04-14T15:41:18","slug":"romantyczna-rusofobia-krotkie-przemyslenie","status":"publish","type":"post","link":"https:\/\/www.bibula.com\/?p=20412","title":{"rendered":"Romantyczna rusofobia &#8211; kr\u00f3tkie przemy\u015blenie"},"content":{"rendered":"<p>Przeczytawszy wywiad z panem pos\u0142em Arturem G\u00f3rskim po prostu opad\u0142y  mi r\u0119ce[1]. Okazuje si\u0119 bowiem, \u017ce bezpodstawne oskar\u017cenia o spisek i  zamach miotaj\u0105 nie tylko zwykli ludzie na ulicy, ale &#8211; jakby si\u0119 zdawa\u0142o  &#8211;  powa\u017cni politycy. Nasz nar\u00f3d cierpi na romantyczn\u0105 rusofobi\u0119 i  ostatnie dni tylko mnie utwierdzaj\u0105 w tym przekonaniu. Jest dla mnie  czym\u015b niepoj\u0119tym, \u017ceby cz\u0142owiek doros\u0142y rzuca\u0142 bezpodstawnie tak powa\u017cne  oskar\u017cenia i wydawa\u0142 tak pochopne s\u0105dy pod wp\u0142ywem emocji. Czy\u017c nie  powinno by\u0107 dok\u0142adnie odwrotnie? Czy\u017c nie powinno si\u0119 wstrzyma\u0107 przed  os\u0105dzaniem, gdy emocje bior\u0105 g\u00f3r\u0119 nad rozs\u0105dkiem? Niestety, sporo os\u00f3b o  zdecydowanie prawicowej orientacji, z kt\u00f3rymi rozmawia\u0142em w ostatnich  dniach r\u00f3wnie\u017c widzi takie to, a takie spiski. Przyznaj\u0119, \u017ce osobi\u015bcie  sam nie wierz\u0119 na przyk\u0142ad w oficjaln\u0105 wersj\u0119 zdarze\u0144 z 11.wrze\u015bnia 2001  roku. S\u0105 jednak pojawiaj\u0105ce si\u0119 co chwila nowe DOWODY na to, \u017ce  oficjalna wersja zamachu jest niez\u0142ym szwindlem. C\u00f3\u017c jednak mo\u017cemy  powiedzie\u0107 w dzie\u0144 czy dwa po tej strasznej katastrofie, kt\u00f3ra rozegra\u0142a  si\u0119 pod Smole\u0144skiem kiedy dopiero co rozpocz\u0119to \u015bledztwo? Czy\u017cby\u015bmy  mieli Rosjan za kompletnych idiot\u00f3w, kt\u00f3rzy morduj\u0105 na w\u0142asnym  terytorium g\u0142ow\u0119 obcego pa\u0144stwa, z kt\u00f3rym od lat szukaj\u0105 normalizacji  stosunk\u00f3w? Obchody 70. rocznicy mordu w Katyniu mia\u0142y sta\u0107 si\u0119 szans\u0105 na  zbli\u017cenie Rzeczpospolitej z Rosj\u0105. Prezydent Kaczy\u0144ski, kt\u00f3rego  polityki wschodniej obsolutnie nie by\u0142em zwolennikiem, w swoim  niewyg\u0142oszony przem\u00f3wieniu m\u00f3wi o tym, \u017ce my, Polacy doceniamy to co dla  sprawy wyja\u015bnienia tego ludob\u00f3jstwa zrobili Rosjanie. Zachowanie  naszych s\u0105siad\u00f3w w tych dniach po katostrofie jest zupe\u0142nie now\u0105  jako\u015bci\u0105. By\u0142em naprawd\u0119 pod wra\u017ceniem ich zachowania i postawy.  Poruszy\u0142y mnie obrazki premiera Putina obejmuj\u0105cego szczerym gestem  Donalda Tuska czy prezydenta Miedwiediewa wyg\u0142aszaj\u0105cego or\u0119dzie z  przejmuj\u0105cym smutkiem na twarzy. Strona rosyjska u\u0142atwia, jak tylko  mo\u017ce, przyjazd rodzin ofiar czy dyplomat\u00f3w, zapewnia im zakwaterowanie  etc. Zmar\u0142ego polskiego Prezydenta \u017cegna si\u0119 z najwy\u017cszymi honorami, a w  kraju panuje \u017ca\u0142oba. To chyba jednak nie wygl\u0105da na wrogie zachowanie.<\/p>\r\n\r\n<p>Sk\u0105d wi\u0119c ta niemal wrodzona niech\u0119\u0107, wrogo\u015b\u0107 czy wr\u0119cz nienawi\u015b\u0107  sporej cz\u0119\u015bci spo\u0142ecze\u0144stwa do Rosji i Rosjan? Znajduj\u0119 tylko jedno  wyt\u0142umaczenie. Wszystko to bierze si\u0119 st\u0105d, i\u017c nadal \u0142\u0105czymy dzisiejsz\u0105  Rosj\u0119 z okrutnym zaborc\u0105 sprzed ponad 100 lat, kt\u00f3ry t\u0142umi\u0142 te wszystkie  chore romantyczne powstania. Stawiamy znak r\u00f3wno\u015bci mi\u0119dzy  bolszewikiem [2], a Rosjaninem. Jest to niebywa\u0142ym absurdem w \u015bwietle tego,  \u017ce zdecydowana wi\u0119kszo\u015b\u0107 przyw\u00f3dc\u00f3w rewolucji pa\u017adziernikowej czy  p\u00f3\u017aniej spora cz\u0119\u015b\u0107 kierownictwa ZSRR by\u0142a raczej innej, ni\u017c rosyjska,  narodowo\u015bci. Akceptacja zwyk\u0142ych szarych Rosjan dla tego niewolniczego  systemu Zwi\u0105zku Radzieckiego wynika raczej z ich podda\u0144czej duszy,  odpowiedniej dla ich cywilizacji, kt\u00f3ra jest nam obca, i kt\u00f3ra w moim  przekonaniu nie dor\u00f3wnuje w \u017cadnym wypadku cywilizacji \u0142aci\u0144skiej,  ani\u017celi z ich entuzjazmu dla najgorszego systemu jaki kiedykolwiek  istnia\u0142 na ziemi &#8211; komunizmu. Przecie\u017c tak\u017ce setki tysi\u0119cy Rosjan by\u0142o  &#8222;wrogami ludu&#8221; i r\u00f3wnie\u017c ponios\u0142o straszliw\u0105 ofiar\u0119.<\/p>\r\n\r\n<p>Tak wi\u0119c w pokoleniu naszych rodzic\u00f3w i dziadk\u00f3w funkcjonuje  stereotyp &#8222;wrednego ruskiego&#8221;, od kt\u00f3rego pochodzi wszelkie z\u0142e  spadaj\u0105ce na Polsk\u0119, kt\u00f3ry ca\u0142e \u017cycie tylko kombinuje jak nam dokopa\u0107.  Niestety ten szkodliwy stereotyp wkrada si\u0119 i w m\u0142ode pokolenie. Wiele  razy w dyskusji, rozmowach o polityce wschodniej moi r\u00f3wie\u015bnicy  stwierdzaj\u0105, \u017ce jest spraw\u0105 jakiego\u015b dziwacznego&#8221;honoru&#8221; wymachiwa\u0107  przed Rosjanami szabelk\u0105 i nie i\u015b\u0107 z nimi na \u017cadne uk\u0142ady, bo to sens  naszego istnienia, a historia nie pozwala na \u017cadne porozumienia.  Starszego pokolenia ju\u017c nie wyleczymy z tego typu uprzedze\u0144. Nie mo\u017cemy  jednak za wszelk\u0105 cen\u0119 dopu\u015bci\u0107 do tego, \u017ceby wesz\u0142y w krew ludziom  m\u0142odym, bo zaczn\u0105 na dobre p\u0142yn\u0105\u0107 w ich \u017cy\u0142ach, a to przyniesie nam  tylko i wy\u0142\u0105cznie szkod\u0119. Nale\u017cy mie\u0107 nadziej\u0119 i nie zaprzepa\u015bci\u0107 szansy  zaistnia\u0142ej przy tym potwornym nieszcz\u0119\u015bciu, \u017ce m\u0142ode pokolenie  wyzb\u0119dzie si\u0119 uczuciowych uprzedze\u0144 wobec Rosji, zacznie realnie patrze\u0107  na polityk\u0119, a prawdziwe zbli\u017cenie stanie si\u0119 naprawd\u0119 mo\u017cliwe.  Pami\u0119tajmy tak\u017ce o czo\u0142owych postaciach dawnej polskiej prawicy. Oni nie  demonizowali Rosji, ale w\u0142a\u015bnie realnie oceniali rzeczywisto\u015b\u0107 i  patrzyli na polityk\u0119. Nie wolno nam zmarnowa\u0107 tego co si\u0119 teraz  rozgrywa.<\/p>\r\n\r\n<p><strong><em>Bart\u0142omiej Rados\u0142aw Gajos<\/em><\/strong><\/p>\r\n\r\n<p style=\"padding-left: 30px;\"><strong>Przypisy redakcji <em>BIBU\u0141A<\/em>:<\/strong><\/p>\r\n\r\n<p style=\"padding-left: 30px;\">1. Pose\u0142 G\u00f3rski sprostowa\u0142 swoj\u0105 wypowied\u017a &#8211; zob. &#8222;<a rel=\"bookmark\" href=\"..\/..\/?p=20373\">O\u015bwiadczenie  pos\u0142a Artura G\u00f3rskiego w sprawie wypowiedzi w &#8222;Naszym Dzienniku\u201d na  temat udzia\u0142u Rosjan w \u015bmierci Prezydenta RP<\/a>&#8222;. To w\u0142a\u015bnie redakcja <em>Naszego Dziennika<\/em> wesp\u00f3\u0142 z <em>Radiem Maryja<\/em> zaj\u0119\u0142a skrajnie rusofobiczne stanowisko od pocz\u0105tku wydarze\u0144, nie opieraj\u0105c si\u0119 na \u017cadnych konkretnych faktach, lecz spekuluj\u0105c na temat przyczyn wypadku i wysuwaj\u0105c <em>ad hoc<\/em> oskar\u017cenia pod adresem Rosjan i Rosji.<\/p>\r\n\r\n<p style=\"padding-left: 30px;\">2. Powinno by\u0107 dodane obok okre\u015blenia &#8222;bolszewikiem&#8221;, r\u00f3wnie\u017c: &#8222;\u017bydem&#8221;, gdy\u017c wielu, a w niekt\u00f3rych przypadkach wi\u0119kszo\u015b\u0107 aparatu przemocy sowieckiej Rosji, stanowili \u017bydzi.<\/p>","protected":false},"excerpt":{"rendered":"Przeczytawszy wywiad z panem pos\u0142em Arturem G\u00f3rskim po prostu opad\u0142y mi r\u0119ce[1]. Okazuje si\u0119 bowiem, \u017ce bezpodstawne oskar\u017cenia o spisek i zamach miotaj\u0105 nie tylko zwykli ludzie na ulicy, ale &#8211; jakby si\u0119 zdawa\u0142o &#8211; powa\u017cni politycy. Nasz nar\u00f3d cierpi na romantyczn\u0105 rusofobi\u0119 i ostatnie dni tylko mnie utwierdzaj\u0105 w tym przekonaniu. Jest dla mnie [&hellip;]","protected":false},"author":1,"featured_media":0,"comment_status":"closed","ping_status":"closed","sticky":false,"template":"","format":"standard","meta":{"_acf_changed":false,"_monsterinsights_skip_tracking":false,"_monsterinsights_sitenote_active":false,"_monsterinsights_sitenote_note":"","_monsterinsights_sitenote_category":0,"ngg_post_thumbnail":0,"footnotes":"","_wp_rev_ctl_limit":""},"categories":[139],"tags":[69,137],"acf":[],"_links":{"self":[{"href":"https:\/\/www.bibula.com\/index.php?rest_route=\/wp\/v2\/posts\/20412"}],"collection":[{"href":"https:\/\/www.bibula.com\/index.php?rest_route=\/wp\/v2\/posts"}],"about":[{"href":"https:\/\/www.bibula.com\/index.php?rest_route=\/wp\/v2\/types\/post"}],"author":[{"embeddable":true,"href":"https:\/\/www.bibula.com\/index.php?rest_route=\/wp\/v2\/users\/1"}],"replies":[{"embeddable":true,"href":"https:\/\/www.bibula.com\/index.php?rest_route=%2Fwp%2Fv2%2Fcomments&post=20412"}],"version-history":[{"count":0,"href":"https:\/\/www.bibula.com\/index.php?rest_route=\/wp\/v2\/posts\/20412\/revisions"}],"wp:attachment":[{"href":"https:\/\/www.bibula.com\/index.php?rest_route=%2Fwp%2Fv2%2Fmedia&parent=20412"}],"wp:term":[{"taxonomy":"category","embeddable":true,"href":"https:\/\/www.bibula.com\/index.php?rest_route=%2Fwp%2Fv2%2Fcategories&post=20412"},{"taxonomy":"post_tag","embeddable":true,"href":"https:\/\/www.bibula.com\/index.php?rest_route=%2Fwp%2Fv2%2Ftags&post=20412"}],"curies":[{"name":"wp","href":"https:\/\/api.w.org\/{rel}","templated":true}]}}