{"id":20329,"date":"2010-04-11T22:30:21","date_gmt":"2010-04-12T03:30:21","guid":{"rendered":"http:\/\/www.bibula.com\/?p=20329"},"modified":"2010-04-12T09:08:53","modified_gmt":"2010-04-12T14:08:53","slug":"niezdrowa-atmosfera-presja-na-pilotow","status":"publish","type":"post","link":"https:\/\/www.bibula.com\/?p=20329","title":{"rendered":"Niezdrowa atmosfera, presja na pilot\u00f3w&#8230;"},"content":{"rendered":"<p>Poni\u017cej przytaczamy znalezione w archiwum Sejmu RP &#8222;Zapytanie nr 2496&#8221; autorstwa, dzi\u015b ju\u017c \u015bp. Przemys\u0142awa Gosiewskiego. Zapytanie dotyczy\u0142o zachowania si\u0119 kpt. Grzegorza Pietruczuka, kt\u00f3ry jako kapitan (<em>Pilot-in-Command<\/em>) samolotu prezydenckiego podj\u0105\u0142 we wrze\u015bniu 2008 roku decyzj\u0119 o rezygnacji z l\u0105dowania podczas wyst\u0119powania, w jego ocenie, niebezpiecznych warunk\u00f3w. Zapytanie zawiera absurdalne, by nie powiedzie\u0107 \u015bmieszne powo\u0142ywanie si\u0119 na &#8222;doniesienia medialne&#8221; jako argument oceny decyzji pilota.<\/p>\r\n\r\n<p>Smutne jest to, \u017ce nie wyci\u0105gni\u0119to wystarczaj\u0105cych wniosk\u00f3w z tragicznego wypadku w Miros\u0142awcu w styczniu 2008 roku wojskowego samolotu CASA. Smutne r\u00f3wnie\u017c i to, \u017ce wok\u00f3\u0142 decyzji kapitana samolotu &#8211; kt\u00f3rego decyzje s\u0105 ostateczne, bo to on decyduje o bezpiecze\u0144stwie lotu, nawet gdy przewozi wy\u017cszego sobie rang\u0105 dow\u00f3dc\u0119 i nawet je\u015bli jest nim najwy\u017cszy genera\u0142 &#8211; wytworzono w ramach jakich\u015b partyjnych porachunk\u00f3w, niezdrow\u0105 atmosfer\u0119.<\/p>\r\n\r\n<p>A ta niezdrowa atmosfera i presja (prosimy zwr\u00f3ci\u0107 na punkt 7.), <em>mog\u0142y<\/em> przyczyni\u0107 si\u0119 do niefortunnej decyzji podj\u0119tej przez kapitana prezydenckiego samolotu, kt\u00f3ry tak tragicznie zako\u0144czy\u0142 sw\u00f3j lot pod Smole\u0144skiem.<\/p>\r\n\r\n<blockquote><p><strong>Zapytanie nr 2496<\/strong><\/p>\r\n\r\n<p><strong>do ministra obrony narodowej<\/strong><\/p>\r\n\r\n<p><strong>w sprawie odznaczenia pilota prezydenckiego  samolotu, kpt. Grzegorza Pietruczuka, srebrnym krzy\u017cem za zas\u0142ugi dla  obronno\u015bci<\/strong><\/p>\r\n\r\n<p>Uzasadnienie<\/p>\r\n\r\n<p>Wed\u0142ug informacji prasowych i wywiadu, jakiego szef MON udzieli\u0142  dla Radia Zet 19 wrze\u015bnia br., kpt. Grzegorz Pietruczuk zosta\u0142  odznaczony srebrnym krzy\u017cem za zas\u0142ugi dla obronno\u015bci. Wedle s\u0142\u00f3w szefa  MON pilot otrzyma\u0142 medal za \u00cbprzestrzeganie procedur i poczucie  odpowiedzialno\u015bci za bezpiecze\u0144stwo czterech prezydent\u00f3w na pok\u0142adzie\u00cb.  Ministrowi chodzi\u0142o o lot, jaki wykona\u0142 prezydencki TU-154 na Kaukaz 12  sierpnia br. Planowo samolot mia\u0142 l\u0105dowa\u0107 w Azerbejd\u017canie w Ganji, ale  prezydent RP podj\u0105\u0142 decyzj\u0119 o locie do Tbilisi. Pilot odm\u00f3wi\u0142 zmiany  kierunku lotu. Decyzja pilota doprowadzi\u0142a do licznych komplikacji w  wizycie czterech prezydent\u00f3w w Gruzji. Przejazd drog\u0105 do Tbilisi by\u0142  bardzo niebezpieczny i sprowadza\u0142 realne zagro\u017cenie dla os\u00f3b w nim  uczestnicz\u0105cych. Wed\u0142ug doniesie\u0144 medialnych obawy pilota o stan  techniczny lotniska w Tbilisi by\u0142y ca\u0142kowicie nieuzasadnione i mo\u017cna  by\u0142o na nim bezpiecznie wyl\u0105dowa\u0107.<\/p>\r\n\r\n<p>Prosz\u0119 wobec tego Pana Ministra o odpowiedzi na nast\u0119puj\u0105ce  pytania:<\/p>\r\n\r\n<p style=\"padding-left: 30px;\">1. Czy pilot ma prawo odm\u00f3wi\u0107 wykonania rozkazu zwierzchnika Si\u0142  Zbrojnych RP?<\/p>\r\n\r\n<p style=\"padding-left: 30px;\">2. Czy odznaczenie pilota za de facto zaniechanie dzia\u0142ania tak  wysokim odznaczeniem pa\u0144stwowym jest zgodne z obowi\u0105zuj\u0105cymi  procedurami?<\/p>\r\n\r\n<p style=\"padding-left: 30px;\">3. Czy Minister, podejmuj\u0105c decyzj\u0119 o odznaczeniu, chcia\u0142 pokaza\u0107,  i\u017c b\u0119dzie premiowa\u0142 w przysz\u0142o\u015bci przypadki niesubordynacji,  tch\u00f3rzostwa i odmawiania wykonywania rozkaz\u00f3w?<\/p>\r\n\r\n<p style=\"padding-left: 30px;\">4. Czemu sprawa odznaczenia pilota zosta\u0142a tak nag\u0142o\u015bniona w  mediach przez szefa MON? Czy by\u0142 to kolejny element prowokacyjnej  polityki rz\u0105du wobec prezydenta RP?<\/p>\r\n\r\n<p style=\"padding-left: 30px;\">5. Czy zbadano przebieg wydarze\u0144 w kabinie pilot\u00f3w i zgodno\u015b\u0107  podejmowanych przez nich decyzji z obowi\u0105zuj\u0105cymi procedurami? Jakie s\u0105  wnioski z tej kontroli?<\/p>\r\n\r\n<p style=\"padding-left: 30px;\">6. Czemu szef MON nie odznaczy\u0142 innych cz\u0142onk\u00f3w za\u0142ogi?<\/p>\r\n\r\n<p style=\"padding-left: 30px;\">7. Jak MON zamierza reagowa\u0107, je\u015bli w przysz\u0142o\u015bci b\u0119d\u0105 powtarza\u0107  si\u0119 tego typu przypadki odmawiania zmiany kierunku lotu?<\/p>\r\n\r\n<p>Z wyrazami szacunku<\/p>\r\n\r\n<p>Pose\u0142 Przemys\u0142aw Gosiewski<\/p>\r\n\r\n<p>Kielce, dnia 23 wrze\u015bnia 2008 r.<\/p><\/blockquote>","protected":false},"excerpt":{"rendered":"Poni\u017cej przytaczamy znalezione w archiwum Sejmu RP &#8222;Zapytanie nr 2496&#8221; autorstwa, dzi\u015b ju\u017c \u015bp. Przemys\u0142awa Gosiewskiego. Zapytanie dotyczy\u0142o zachowania si\u0119 kpt. Grzegorza Pietruczuka, kt\u00f3ry jako kapitan (Pilot-in-Command) samolotu prezydenckiego podj\u0105\u0142 we wrze\u015bniu 2008 roku decyzj\u0119 o rezygnacji z l\u0105dowania podczas wyst\u0119powania, w jego ocenie, niebezpiecznych warunk\u00f3w. Zapytanie zawiera absurdalne, by nie powiedzie\u0107 \u015bmieszne powo\u0142ywanie si\u0119 [&hellip;]","protected":false},"author":1,"featured_media":0,"comment_status":"closed","ping_status":"closed","sticky":false,"template":"","format":"standard","meta":{"_acf_changed":false,"_monsterinsights_skip_tracking":false,"_monsterinsights_sitenote_active":false,"_monsterinsights_sitenote_note":"","_monsterinsights_sitenote_category":0,"ngg_post_thumbnail":0,"footnotes":"","_wp_rev_ctl_limit":""},"categories":[139],"tags":[137,104],"acf":[],"_links":{"self":[{"href":"https:\/\/www.bibula.com\/index.php?rest_route=\/wp\/v2\/posts\/20329"}],"collection":[{"href":"https:\/\/www.bibula.com\/index.php?rest_route=\/wp\/v2\/posts"}],"about":[{"href":"https:\/\/www.bibula.com\/index.php?rest_route=\/wp\/v2\/types\/post"}],"author":[{"embeddable":true,"href":"https:\/\/www.bibula.com\/index.php?rest_route=\/wp\/v2\/users\/1"}],"replies":[{"embeddable":true,"href":"https:\/\/www.bibula.com\/index.php?rest_route=%2Fwp%2Fv2%2Fcomments&post=20329"}],"version-history":[{"count":0,"href":"https:\/\/www.bibula.com\/index.php?rest_route=\/wp\/v2\/posts\/20329\/revisions"}],"wp:attachment":[{"href":"https:\/\/www.bibula.com\/index.php?rest_route=%2Fwp%2Fv2%2Fmedia&parent=20329"}],"wp:term":[{"taxonomy":"category","embeddable":true,"href":"https:\/\/www.bibula.com\/index.php?rest_route=%2Fwp%2Fv2%2Fcategories&post=20329"},{"taxonomy":"post_tag","embeddable":true,"href":"https:\/\/www.bibula.com\/index.php?rest_route=%2Fwp%2Fv2%2Ftags&post=20329"}],"curies":[{"name":"wp","href":"https:\/\/api.w.org\/{rel}","templated":true}]}}