{"id":20309,"date":"2010-04-11T12:04:21","date_gmt":"2010-04-11T17:04:21","guid":{"rendered":"http:\/\/www.bibula.com\/?p=20309"},"modified":"2010-04-11T12:04:21","modified_gmt":"2010-04-11T17:04:21","slug":"krokodyle-lzy-redaktora-passenta","status":"publish","type":"post","link":"https:\/\/www.bibula.com\/?p=20309","title":{"rendered":"Krokodyle \u0142zy redaktora Passenta"},"content":{"rendered":"<p>Od czasu do czasu ale nieregularnie zagl\u0105dam na witryn\u0119 internetow\u0105  &#8222;Polityki&#8221; aby zobaczy\u0107 jakie to problemy okupuj\u0105 umysl\u0142  najwybitniejszych w swoim mniemaniu dziennikarzy oraz ich zwolennik\u00f3w.  Tak te\u017c uczyni\u0142em i teraz aby zaobserwowa\u0107 reakcj\u0119 prasy polskoj\u0119zycznej  na ostatnie wydarzenia.<\/p>\r\n\r\n<p>Przez ca\u0142y okres kadencji zmar\u0142ego prezydenta  oraz przez kr\u00f3tki okres rz\u0105dow jego brata w charakterze premiera,  &#8222;Polityka&#8221; pi\u00f3rem swoich najwybitniejszych dziennikarzy (my\u015bl\u0119 o D.  Passencie i A. Szostkiewiczu) nigdy nie pomin\u0119\u0142a okazji aby oplu\u0107 braci  Kaczy\u0144skich za jakiekolwiek inicjatywy z jakimi wyst\u0119powali. Byli oni, i  ich administracja, wrogiem publicznym Nr 1 publicyst\u00f3w i wi\u0119kszosci  braci blogerskiej tego \u015brodowiska. Nie pomog\u0142o tu nawet \u015bwietowanie  typowo \u017cydowskich \u015bwi\u0105t w Pa\u0142acu Namiestnikowskim &#8211; ewenement w kraju  katolickim &#8211; czy decyzja o przekazaniu nieodp\u0142atnym warto\u015bciowej dzia\u0142ki w  \u015brodku miasta na nast\u0119pne muzeum holokaustu i &#8222;kultury&#8221; \u017cydowskiej.  Bracia Kaczy\u0144scy byli po prostu nie do strawienia za to, \u017ce bardzo  delikatnie i do\u015b\u0107 niezdarnie zabrali si\u0119 wreszcie po d\u0142ugim okresie  nieczynno\u015bci do dekomunizacji polskiego systemu politycznego i  przykr\u00f3cenia aktywno\u015bci Republiki Aferalnej.<\/p>\r\n\r\n<p>Patrz\u0119 wi\u0119c na blog  Szanownego Redaktora Passenta (bo z blogu Red. Szostkiewicza zosta\u0142em  wyrzucony ju\u017c pare lat temu) i co widz\u0119 ? Krokodyle \u0142zy lej\u0105 si\u0119  strumieniami. Blogerska bra\u0107\u00a0 (oj bra\u0107) jest nieutulona z \u017calu po  Wielkim Polaku i Prezydencie! Nagle nast\u0105pi\u0142 zwrot o 180 stopni i ca\u0142a  zgromadzona tam kolekcja dziennikarzy i kontrybutor\u00f3w wyg\u0142asza jedno  wielki Aj Waj.\u00a0 Jest to ironia losu albo dwulicowo\u015b\u0107 por\u00f3wnywalna z  od\u015bpiewaniem Mazurka D\u0105browskiego (&#8221; Co nam obca przemoc wzi\u0119\u0142a , szabl\u0105  odbierzemy&#8230;&#8221;) na mszy katy\u0144skiej odprawionej tu\u017c po katastrofie  prezydenckiego samolotu nad grobami ludzi, kt\u00f3rzy w znacznej liczbie  mieszkali na Kresach Wschodnich, i kt\u00f3rzy zgin\u0119li w\u0142a\u015bnie dlatego, \u017ce  byli kr\u0119gos\u0142upem Rzeczpospolitej i jej tarcz\u0105 na tych ziemiach.<\/p>\r\n\r\n<p>Kaczy\u0144ski nigdy nie odnalaz\u0142 si\u0119 jako prezydent a jego inicjatywa  przyjazdu do Katynia oraz wzi\u0119cia udzia\u0142u w rosyjskiej paradzie  zwyci\u0119stwa by\u0142a, delikatnie m\u00f3wi\u017cc, nieprzemy\u015blana. Nie jestem  zwolennikiem post-solidarno\u015bciowej elity politycznej gdy\u017c uwa\u017cam, \u017ce  popelni\u0142a ona i pope\u0142nia nadal zdrad\u0119 interes\u00f3w narodowych na skal\u0119  podobn\u0105 do tej jak\u0105 pope\u0142nili komuni\u015bci po roku 1945, a jeszcze wcze\u015bniej  dw\u00f3r Stanis\u0142awa Augusta i szajka wprowadzaj\u0105ca Konstytucj\u0119 3 Maja. Byli  to ludzie wbijajacy gw\u00f3\u017cd\u017c do trumny polskiej pa\u0144stwowo\u015bci. Nie mniej  nawet najwi\u0119ksi entuzja\u015bci zdrady narodowej powinni zachowa\u017c pewien  umiar\u00a0 Tego umiaru jednak zabrak\u0142o &#8222;panom towarzystwu&#8221; Polityki.<\/p>\r\n\r\n<p><a href=\"http:\/\/bobolowisko.blogspot.com\/2010\/04\/krokodyle-lzy-redaktora-passenta.html\"><br \/>\r\n <\/a><a href=\"http:\/\/4.bp.blogspot.com\/_SsaF6zm6FBw\/S8HlJB2IR1I\/AAAAAAAAAnU\/n3y-9kKqEnk\/s1600\/Znaczek2korpusu.jpg\"><img decoding=\"async\" src=\"http:\/\/4.bp.blogspot.com\/_SsaF6zm6FBw\/S8HlJB2IR1I\/AAAAAAAAAnU\/n3y-9kKqEnk\/s320\/Znaczek2korpusu.jpg\" border=\"0\" alt=\"\" \/><\/a><\/p>\r\n\r\n<p>Projekt znaczka wydanego przez II Korpus WP\u00a0 gen. Andersa w ZSRR. Znaczek nie zosta\u0142 wydany ze wzgl\u0119du na protest Rosjan, kt\u00f3rzy  najwyra\u017cniej ju\u017c wtedy nie mieli najmniejszego zamiaru aby pozwoli\u0107 na  przywr\u00f3cenie Polski w jej historycznych granicach.<\/p>\r\n\r\n<p><strong><em>Andrzej\u00a0 Bobola<\/em><\/strong><\/p>\r\n\r\n<blockquote><p><strong>Andrzej Bobola<\/strong> jest pseudonimem literackim profesora fizyki chemicznej,  ktory dla odpoczynku od nieco rozrzedzonej atmosfery fizyki teoretycznej  oddaje sie rozwazaniom na tematy humanistyczne o aktualnym znaczeniu.<\/p><\/blockquote>","protected":false},"excerpt":{"rendered":"Od czasu do czasu ale nieregularnie zagl\u0105dam na witryn\u0119 internetow\u0105 &#8222;Polityki&#8221; aby zobaczy\u0107 jakie to problemy okupuj\u0105 umysl\u0142 najwybitniejszych w swoim mniemaniu dziennikarzy oraz ich zwolennik\u00f3w. Tak te\u017c uczyni\u0142em i teraz aby zaobserwowa\u0107 reakcj\u0119 prasy polskoj\u0119zycznej na ostatnie wydarzenia. Przez ca\u0142y okres kadencji zmar\u0142ego prezydenta oraz przez kr\u00f3tki okres rz\u0105dow jego brata w charakterze premiera, [&hellip;]","protected":false},"author":1,"featured_media":0,"comment_status":"closed","ping_status":"closed","sticky":false,"template":"","format":"standard","meta":{"_acf_changed":false,"_monsterinsights_skip_tracking":false,"_monsterinsights_sitenote_active":false,"_monsterinsights_sitenote_note":"","_monsterinsights_sitenote_category":0,"ngg_post_thumbnail":0,"footnotes":"","_wp_rev_ctl_limit":""},"categories":[139],"tags":[98,37,137],"acf":[],"_links":{"self":[{"href":"https:\/\/www.bibula.com\/index.php?rest_route=\/wp\/v2\/posts\/20309"}],"collection":[{"href":"https:\/\/www.bibula.com\/index.php?rest_route=\/wp\/v2\/posts"}],"about":[{"href":"https:\/\/www.bibula.com\/index.php?rest_route=\/wp\/v2\/types\/post"}],"author":[{"embeddable":true,"href":"https:\/\/www.bibula.com\/index.php?rest_route=\/wp\/v2\/users\/1"}],"replies":[{"embeddable":true,"href":"https:\/\/www.bibula.com\/index.php?rest_route=%2Fwp%2Fv2%2Fcomments&post=20309"}],"version-history":[{"count":0,"href":"https:\/\/www.bibula.com\/index.php?rest_route=\/wp\/v2\/posts\/20309\/revisions"}],"wp:attachment":[{"href":"https:\/\/www.bibula.com\/index.php?rest_route=%2Fwp%2Fv2%2Fmedia&parent=20309"}],"wp:term":[{"taxonomy":"category","embeddable":true,"href":"https:\/\/www.bibula.com\/index.php?rest_route=%2Fwp%2Fv2%2Fcategories&post=20309"},{"taxonomy":"post_tag","embeddable":true,"href":"https:\/\/www.bibula.com\/index.php?rest_route=%2Fwp%2Fv2%2Ftags&post=20309"}],"curies":[{"name":"wp","href":"https:\/\/api.w.org\/{rel}","templated":true}]}}