{"id":20229,"date":"2010-04-10T09:06:07","date_gmt":"2010-04-10T14:06:07","guid":{"rendered":"http:\/\/www.bibula.com\/?p=20229"},"modified":"2010-04-10T18:00:53","modified_gmt":"2010-04-10T23:00:53","slug":"tragedia-w-smolensku-prezydent-l-kaczynski-i-95-osob-towarzyszacych-nie-przezyli-katastrofy-lotniczej","status":"publish","type":"post","link":"https:\/\/www.bibula.com\/?p=20229","title":{"rendered":"Tragedia w Smole\u0144sku. Prezydent L. Kaczy\u0144ski i 95 os\u00f3b towarzysz\u0105cych nie prze\u017cyli katastrofy lotniczej"},"content":{"rendered":"<h4>Samolot prezydencki Prezydenta RP Lecha Kaczy\u0144skiego Tu-154 rozbi\u0142 si\u0119 przy podchodzeniu do l\u0105dowana na lotnisku w  Smole\u0144sku. Jak poda\u0142y w\u0142adze rosyjskie, nikt z 96 os\u00f3b na pok\u0142adzie nie prze\u017cy\u0142 katastrofy.<\/h4>\r\n\r\n<p>Polskie Ministerstwo Spraw Zagranicznych potwierdza, \u017ce na pok\u0142adzie znajdowa\u0142 si\u0119 Lech Kaczy\u0144ski wraz z ma\u0142\u017conk\u0105 Mari\u0105 Kaczy\u0144sk\u0105, inne czo\u0142owe postaci polskiej  sceny politycznej oraz inni cz\u0142onkowie delegacji na uroczysto\u015bci w Katyniu.\u00a0 Samolot Tu-154 rozbi\u0142 si\u0119 na kilka minut przed godzin\u0105 9 rano.<\/p>\r\n\r\n<p>W zwi\u0105zku z katastrof\u0105 uroczysto\u015bci na cmentarzu katy\u0144skim zosta\u0142y odwo\u0142ane. Obowi\u0105zki g\u0142owy pa\u0144stwa zgodnie z konstytucj\u0105, przejmuje marsza\u0142ek Sejmu.<\/p>\r\n\r\n<p>Polska i \u015bwiat pogr\u0105\u017ceni s\u0105 w modlitwie. <strong><em>Wieczne odpoczywanie racz Im da\u0107 Panie&#8230;<\/em><\/strong><\/p>\r\n\r\n<p><br class=\"spacer_\" \/><\/p>\r\n\r\n<blockquote><p><strong>Wed\u0142ug MSZ na li\u015bcie pasa\u017cer\u00f3w  uprawnionych do przelotu prezydenckim samolotem TU-154 do Smole\u0144ska  znajdowali si\u0119:<\/strong><\/p>\r\n\r\n<p>LECH KACZY\u0143SKI, prezydent RP<\/p>\r\n\r\n<p>MARIA KACZY\u0143SKA<\/p>\r\n\r\n<p>RYSZARD KACZOROWSKI, ostatni prezydent RP na uchod\u017astwie<\/p>\r\n\r\n<p>KRZYSZTOF  PUTRA, wicemarsza\u0142ek Sejmu<\/p>\r\n\r\n<p>KRYSTYNA  BOCHENEK, wicemarsza\u0142ek Senatu<\/p>\r\n\r\n<p>JERZY  SZMAJDZI\u0143SKI, wicemarsza\u0142ek Sejmu<\/p>\r\n\r\n<p>W\u0141ADYS\u0141AW STASIAK,  szef Kancelarii Prezydenta<\/p>\r\n\r\n<p>ALEKSANDER SZCZYG\u0141O, szef  Biura Bezpiecze\u0144stwa Narodowego<\/p>\r\n\r\n<p>PAWE\u0141 WYPYCH, sekretarz  stanu w Kancelarii Prezydenta<\/p>\r\n\r\n<p>STANIS\u0141AW JERZY KOMOROWSKI,  podsekretarz stanu w MON<\/p>\r\n\r\n<p>TOMASZ MERTA, , podsekretarz stanu w Ministerstwie Kultury<\/p>\r\n\r\n<p>MACIEJ  P\u0141A\u0179Y\u0143SKI, szef Stowarzyszenia Wsp\u00f3lnota Polska<\/p>\r\n\r\n<p>MARIUSZ KAZANA, dyr. protoko\u0142u dyplomatycznego MSZ<\/p>\r\n\r\n<p>GEN.  FRANCISZEK G\u0104GOR szef sztabu generalnego WP<\/p>\r\n\r\n<p>MARIUSZ  HANDZLIK, podsekretarz stanu w Kancelarii Prezydenta<\/p>\r\n\r\n<p>ANDRZEJ KREMER, podsekretarz stanu w resorcie spraw zagranicznych<\/p>\r\n\r\n<p>ANDRZEJ PRZEWO\u00c5\u00b9NIK, sekretarz generalny Rady Ochrony Pami\u0119ci  Walk i M\u0119cze\u0144stwa<\/p>\r\n\r\n<p>PIOTR NUROWSKI, prezes Polskiego  Komitetu Olimpijskiego<\/p>\r\n\r\n<p>JANUSZ KOCHANOWSKI,  rzecznik Praw Obywatelskich<\/p>\r\n\r\n<p>S\u0141AWOMIR  SKRZYPEK, prezes NBP<\/p>\r\n\r\n<p>JANUSZ  KURTYKA, prezes IPN<\/p>\r\n\r\n<p>JANUSZ KRUPSKI, kierownik Urz\u0119du ds.  Kombatant\u00f3w i Os\u00f3b Represjonowanych<\/p>\r\n\r\n<p><br class=\"spacer_\" \/><\/p>\r\n\r\n<p><strong> Pos\u0142owie i  senatorowie: <\/strong><\/p>\r\n\r\n<p>GRZEGORZ  DOLNIAK<\/p>\r\n\r\n<p>LESZEK DEPTU\u0141A<\/p>\r\n\r\n<p>GRA\u0179YNA  G\u0118SICKA<\/p>\r\n\r\n<p>PRZEMYS\u0141AW  GOSIEWSKIM<\/p>\r\n\r\n<p>ZBIGNIEW WASSERMANN<\/p>\r\n\r\n<p>SEBASTIAN KARPINIUK<\/p>\r\n\r\n<p>IZABELA  JARUGA-NOWACKA<\/p>\r\n\r\n<p>ALEKSANDRA  NATALLI-\u015aWIAT<\/p>\r\n\r\n<p>ARKADIUSZ  RYBICKI<\/p>\r\n\r\n<p>JOLANTA SZYMANEK-DERESZ<\/p>\r\n\r\n<p>WIES\u0141AW WODA<\/p>\r\n\r\n<p>EDWARD WOJTAS<\/p>\r\n\r\n<p>JANINA  FETLI\u0143SKA<\/p>\r\n\r\n<p>STANIS\u0141AW ZAJ\u0104C<\/p>\r\n\r\n<p><br class=\"spacer_\" \/><\/p>\r\n\r\n<p><strong> Przedstawiciele ko\u015bcio\u0142\u00f3w i wyzna\u0144 religijnych: <\/strong><\/p>\r\n\r\n<p>KS. BP GEN. DYWIZJI TADEUSZ P\u0141OSKI, ordynariusz polowy WP<\/p>\r\n\r\n<p>MIRON  CHODAKOWSKI, prawos\u0142awny ordynariusz WP<\/p>\r\n\r\n<p>KS. P\u0141K ADAM  PILCH, ewangelickie duszpasterstwo polowe<\/p>\r\n\r\n<p>KS. PP\u0141K JAN  OSI\u0143SKI, ordynariat polowy WP<\/p>\r\n\r\n<p>KS. ROMAN INDRZEJCZYK,  kapelan prezydenta<\/p>\r\n\r\n<p>KS. PRA\u0141AT BRONIS\u0141AW GOSTOMSKI<\/p>\r\n\r\n<p>KS. J\u00d3ZEF JONIEC<\/p>\r\n\r\n<p>KS. ZDZIS\u0141AW KR\u00d3L<\/p>\r\n\r\n<p>KS. ANDRZEJ KWA\u015aNIK<\/p>\r\n\r\n<p><br class=\"spacer_\" \/><\/p>\r\n\r\n<p><strong> Przedstawiciele Si\u0142 Zbrojnych  RP: <\/strong><\/p>\r\n\r\n<p>GEN. BRONI BRONIS\u0141AW KWIATKOWSKI, dow\u00f3dca Si\u0142  Operacyjnych<\/p>\r\n\r\n<p>GEN. ANDRZEJ B\u0141ASIK, dow\u00f3dca Si\u0142  Powietrznych<\/p>\r\n\r\n<p>GEN.  TADEUSZ BUK, dow\u00f3dca Si\u0142 L\u0105dowych<\/p>\r\n\r\n<p>GEN. WOJCIECH  POTASI\u0143SKI, dow\u00f3dca Si\u0142 Specjalnych<\/p>\r\n\r\n<p>WICEADMIRA\u0141 ANDRZEJ  KARWETA , dow\u00f3dca Marynarki Wojennej<\/p>\r\n\r\n<p>GEN. KAZIMIERZ  GILARSKI, dow\u00f3dca Garnizonu Warszawa<\/p>\r\n\r\n<p><br class=\"spacer_\" \/><\/p>\r\n\r\n<p><strong> Przedstawiciele  Rodzin Katy\u0144skich i innych stowarzysze\u0144 <\/strong><\/p>\r\n\r\n<p>TADEUSZ  LUTOBORSKI<\/p>\r\n\r\n<p>STEFAN MELAK<\/p>\r\n\r\n<p>STANIS\u0141AW MIKKE<\/p>\r\n\r\n<p>BRONIS\u0141AWA ORAWIEC-LOFFLER<\/p>\r\n\r\n<p>KATARZYNA  PISKORSKA<\/p>\r\n\r\n<p>ANDRZEJ SARJUSZ-SK\u0104PSKI<\/p>\r\n\r\n<p>WOJCIECH  SEWERYN<\/p>\r\n\r\n<p>LESZEK SOLSKI<\/p>\r\n\r\n<p>TERESA  WALEWSKA-PRZYJA\u0141KOWSKA<\/p>\r\n\r\n<p>GABRIELA ZYCH<\/p>\r\n\r\n<p>EWA  B\u0104KOWSKA<\/p>\r\n\r\n<p>ANNA MARIA BOROWSKA<\/p>\r\n\r\n<p>BARTOSZ  BOROWSKI<\/p>\r\n\r\n<p>EDWARD DUCHNOWSKI<\/p>\r\n\r\n<p>ZENONA  MAMONTOWICZ-\u0141OJEK<\/p>\r\n\r\n<p><br class=\"spacer_\" \/><\/p>\r\n\r\n<p><strong> Osoby towarzysz\u0105ce: <\/strong><\/p>\r\n\r\n<p>JOANNA AGACKA-INDECKA<\/p>\r\n\r\n<p>CZES\u0141AW CYWI\u0143SKI<\/p>\r\n\r\n<p>PP\u0141K. ZBIGNIEW D\u0118BSKI<\/p>\r\n\r\n<p>KATARZYNA DORACZY\u0143SKA<\/p>\r\n\r\n<p>ALEKSANDER FEDOROWICZ<\/p>\r\n\r\n<p>DARIUSZ JANKOWSKI<\/p>\r\n\r\n<p>GEN. BRYG. STANIS\u0141AW KOMORNICKI<\/p>\r\n\r\n<p><br class=\"spacer_\" \/><\/p>\r\n\r\n<p><strong> Funkcjonariusze BOR <\/strong><\/p>\r\n\r\n<p>JAROS\u0141AW FLORCZAK<\/p>\r\n\r\n<p>ARTUR FRANCUZ<\/p>\r\n\r\n<p>PAWE\u0141 JANECZEK<\/p>\r\n\r\n<p>PAWE\u0141  KRAJEWSKI<\/p>\r\n\r\n<p>PIOTR NOSEK<\/p>\r\n\r\n<p>JACEK SUR\u00d3WKA<\/p>\r\n\r\n<p>MAREK ULERYK<\/p>\r\n\r\n<p>DARIUSZ MICHA\u0141OWSKI<\/p>\r\n\r\n<p>JANUSZ KRUPSKI<\/p>\r\n\r\n<p>WOJCIECH LUBI\u0143SKI<\/p>\r\n\r\n<p>BARBARA MAMI\u0143SKA<\/p>\r\n\r\n<p>JANIANA NATUSIEWICZ-MILLER<\/p>\r\n\r\n<p>KS. RYSZRD RUMIANEK<\/p>\r\n\r\n<p>IZABELA TOMASZEWSKA<\/p>\r\n\r\n<p>ANNA  WALENTYNOWICZ<\/p>\r\n\r\n<p>JANUSZ ZAKRZE\u0143SKI<\/p><\/blockquote>\r\n\r\n<p><br class=\"spacer_\" \/><\/p>","protected":false},"excerpt":{"rendered":"Samolot prezydencki Prezydenta RP Lecha Kaczy\u0144skiego Tu-154 rozbi\u0142 si\u0119 przy podchodzeniu do l\u0105dowana na lotnisku w Smole\u0144sku. Jak poda\u0142y w\u0142adze rosyjskie, nikt z 96 os\u00f3b na pok\u0142adzie nie prze\u017cy\u0142 katastrofy. Polskie Ministerstwo Spraw Zagranicznych potwierdza, \u017ce na pok\u0142adzie znajdowa\u0142 si\u0119 Lech Kaczy\u0144ski wraz z ma\u0142\u017conk\u0105 Mari\u0105 Kaczy\u0144sk\u0105, inne czo\u0142owe postaci polskiej sceny politycznej oraz inni [&hellip;]","protected":false},"author":1,"featured_media":0,"comment_status":"closed","ping_status":"closed","sticky":false,"template":"","format":"standard","meta":{"_acf_changed":false,"_monsterinsights_skip_tracking":false,"_monsterinsights_sitenote_active":false,"_monsterinsights_sitenote_note":"","_monsterinsights_sitenote_category":0,"ngg_post_thumbnail":0,"footnotes":"","_wp_rev_ctl_limit":""},"categories":[8],"tags":[98,37,137,104],"acf":[],"_links":{"self":[{"href":"https:\/\/www.bibula.com\/index.php?rest_route=\/wp\/v2\/posts\/20229"}],"collection":[{"href":"https:\/\/www.bibula.com\/index.php?rest_route=\/wp\/v2\/posts"}],"about":[{"href":"https:\/\/www.bibula.com\/index.php?rest_route=\/wp\/v2\/types\/post"}],"author":[{"embeddable":true,"href":"https:\/\/www.bibula.com\/index.php?rest_route=\/wp\/v2\/users\/1"}],"replies":[{"embeddable":true,"href":"https:\/\/www.bibula.com\/index.php?rest_route=%2Fwp%2Fv2%2Fcomments&post=20229"}],"version-history":[{"count":0,"href":"https:\/\/www.bibula.com\/index.php?rest_route=\/wp\/v2\/posts\/20229\/revisions"}],"wp:attachment":[{"href":"https:\/\/www.bibula.com\/index.php?rest_route=%2Fwp%2Fv2%2Fmedia&parent=20229"}],"wp:term":[{"taxonomy":"category","embeddable":true,"href":"https:\/\/www.bibula.com\/index.php?rest_route=%2Fwp%2Fv2%2Fcategories&post=20229"},{"taxonomy":"post_tag","embeddable":true,"href":"https:\/\/www.bibula.com\/index.php?rest_route=%2Fwp%2Fv2%2Ftags&post=20229"}],"curies":[{"name":"wp","href":"https:\/\/api.w.org\/{rel}","templated":true}]}}