{"id":20205,"date":"2010-04-09T16:02:15","date_gmt":"2010-04-09T21:02:15","guid":{"rendered":"http:\/\/www.bibula.com\/?p=20205"},"modified":"2010-04-09T16:02:15","modified_gmt":"2010-04-09T21:02:15","slug":"moskwa-plakaty-ze-stalinem-w-dzien-zwyciestwa","status":"publish","type":"post","link":"https:\/\/www.bibula.com\/?p=20205","title":{"rendered":"Moskwa: Plakaty ze Stalinem w Dzie\u0144 Zwyci\u0119stwa"},"content":{"rendered":"<p><strong>W\u0142adze  Moskwy zamierzaj\u0105 umie\u015bci\u0107 plakaty J\u00f3zefa Stalina na plakatach w trakcie  obchod\u00f3w 9 maja Dnia Zwyci\u0119stwa. Pomys\u0142 ten zosta\u0142 skrytykowany przez  organizacje broni\u0105ce praw cz\u0142owieka. Ludmi\u0142a Szwecowa z merii rosyjskiej  stolicy odpowiedzia\u0142a, \u017ce dekoracje w mie\u015bcie &#8222;b\u0119d\u0105 adekwatne do  pami\u0119ci historycznej&#8221;.<\/strong><\/p>\r\n\r\n<p>Ludmi\u0142a  Szwecowa podkre\u015bli\u0142a, \u017ce historia jest histori\u0105 i rezygnacja z plakat\u00f3w z  fotografiami Stalina by\u0142aby rzecz\u0105 niedobr\u0105. W\u0142adze Moskwy zamierzaj\u0105  umie\u015bci\u0107 10 informacyjnych tablic po\u015bwi\u0119conych roli J\u00f3zefa Stalina jako  przyw\u00f3dcy pa\u0144stwa radzieckiego w okresie drugiej wojny \u015bwiatowej.  Portrety Stalina mo\u017cna b\u0119dzie zobaczy\u0107 w najwa\u017cniejszych miejscach  rosyjskiej stolicy &#8211; przed Teatrem Wielkim, na Pok\u0142onnej G\u00f3rze lub przed  wej\u015bciem do Parku Gorkiego.<\/p>\r\n\r\n<p>Przedstawiciele rosyjskich organizacji praw cz\u0142owieka s\u0105 oburzeni  takimi planami. Zwracaj\u0105 uwag\u0119, \u017ce Stalin jest przest\u0119pc\u0105  odpowiedzialnym za \u015bmier\u0107 milion\u00f3w ludzi i reklamowanie jego osoby jest  nie na miejscu. Zapowiadaj\u0105 akcje protestu w przypadku pojawienia si\u0119  jego podobizn na plakatach.<\/p>\r\n\r\n<p>IAR\/Kresy.pl<\/p>","protected":false},"excerpt":{"rendered":"W\u0142adze Moskwy zamierzaj\u0105 umie\u015bci\u0107 plakaty J\u00f3zefa Stalina na plakatach w trakcie obchod\u00f3w 9 maja Dnia Zwyci\u0119stwa. Pomys\u0142 ten zosta\u0142 skrytykowany przez organizacje broni\u0105ce praw cz\u0142owieka. Ludmi\u0142a Szwecowa z merii rosyjskiej stolicy odpowiedzia\u0142a, \u017ce dekoracje w mie\u015bcie &#8222;b\u0119d\u0105 adekwatne do pami\u0119ci historycznej&#8221;. Ludmi\u0142a Szwecowa podkre\u015bli\u0142a, \u017ce historia jest histori\u0105 i rezygnacja z plakat\u00f3w z fotografiami Stalina [&hellip;]","protected":false},"author":1,"featured_media":0,"comment_status":"closed","ping_status":"closed","sticky":false,"template":"","format":"standard","meta":{"_acf_changed":false,"_monsterinsights_skip_tracking":false,"_monsterinsights_sitenote_active":false,"_monsterinsights_sitenote_note":"","_monsterinsights_sitenote_category":0,"ngg_post_thumbnail":0,"footnotes":"","_wp_rev_ctl_limit":""},"categories":[6],"tags":[66],"acf":[],"_links":{"self":[{"href":"https:\/\/www.bibula.com\/index.php?rest_route=\/wp\/v2\/posts\/20205"}],"collection":[{"href":"https:\/\/www.bibula.com\/index.php?rest_route=\/wp\/v2\/posts"}],"about":[{"href":"https:\/\/www.bibula.com\/index.php?rest_route=\/wp\/v2\/types\/post"}],"author":[{"embeddable":true,"href":"https:\/\/www.bibula.com\/index.php?rest_route=\/wp\/v2\/users\/1"}],"replies":[{"embeddable":true,"href":"https:\/\/www.bibula.com\/index.php?rest_route=%2Fwp%2Fv2%2Fcomments&post=20205"}],"version-history":[{"count":0,"href":"https:\/\/www.bibula.com\/index.php?rest_route=\/wp\/v2\/posts\/20205\/revisions"}],"wp:attachment":[{"href":"https:\/\/www.bibula.com\/index.php?rest_route=%2Fwp%2Fv2%2Fmedia&parent=20205"}],"wp:term":[{"taxonomy":"category","embeddable":true,"href":"https:\/\/www.bibula.com\/index.php?rest_route=%2Fwp%2Fv2%2Fcategories&post=20205"},{"taxonomy":"post_tag","embeddable":true,"href":"https:\/\/www.bibula.com\/index.php?rest_route=%2Fwp%2Fv2%2Ftags&post=20205"}],"curies":[{"name":"wp","href":"https:\/\/api.w.org\/{rel}","templated":true}]}}