{"id":20039,"date":"2010-04-04T17:28:10","date_gmt":"2010-04-04T22:28:10","guid":{"rendered":"http:\/\/www.bibula.com\/?p=20039"},"modified":"2010-04-04T13:29:32","modified_gmt":"2010-04-04T18:29:32","slug":"bezkarny-negacjonizm-rosji-wladze-twierdza-ze-byc-moze-nie-bylo-zadnego-katynia","status":"publish","type":"post","link":"https:\/\/www.bibula.com\/?p=20039","title":{"rendered":"Bezkarny negacjonizm Rosji: W\u0142adze twierdz\u0105, \u017ce by\u0107 mo\u017ce nie by\u0142o \u017cadnego Katynia"},"content":{"rendered":"<p><strong>Sami prowadzili \u015bledztwo maj\u0105ce udowodni\u0107, \u017ce  polskich oficer\u00f3w zamordowali Niemcy. Teraz Rosjanie twierdz\u0105, \u017ce nie  jest pewne, \u017ce Polak\u00f3w w Katyniu w og\u00f3le ktokolwiek zastrzeli\u0142.<\/strong><\/p>\r\n\r\n<p>&#8211; W\u0142adze Federacji Rosyjskiej nie mia\u0142y obowi\u0105zku przeprowadzenia  \u015bledztwa w zwi\u0105zku z katy\u0144skimi zdarzeniami, kt\u00f3re mia\u0142y miejsce w 1940  roku &#8211; napisa\u0142y rosyjskie w\u0142adze w odpowiedzi na skarg\u0119 do Europejskiego  Trybuna\u0142u Praw Cz\u0142owieka. Ich zdaniem Rosja podlega jurysdykcji  Trybuna\u0142u dopiero od 1998 roku, kiedy kraj ten podpisa\u0142 europejsk\u0105  konwencj\u0119 praw cz\u0142owieka.<\/p>\r\n\r\n<p><img decoding=\"async\" class=\"alignleft\" style=\"margin: 10px;\" src=\"http:\/\/www.fronda.pl\/files\/katyn_guziki.jpg\" alt=\"\" width=\"190\" height=\"179\" \/><\/p>\r\n\r\n<p>Co wi\u0119cej, zdaniem mocarstwa nie ma w og\u00f3le dowod\u00f3w na to, \u017ce Polak\u00f3w  rozstrzelano. Nie uda\u0142o si\u0119 wed\u0142ug Rosjan potwierdzi\u0107 okoliczno\u015bci  schwytania oficer\u00f3w, ani stawianych im zarzut\u00f3w.Dodatkowo Federacja  Rosyjska nie chce przekaza\u0107 Trybuna\u0142owi kopii postanowienia o umorzeniu  \u015bledztwa katy\u0144skiego z 2004 roku, gdy\u017c \u201ezawiera tajemnice, kt\u00f3rych  ujawnienie mog\u0142oby przynie\u015b\u0107 uszczerbek bezpiecze\u0144stwu kraju\u201d.<\/p>\r\n\r\n<p>Ta informacja jest szczeg\u00f3lnie szokuj\u0105ca w kr\u00f3tkim czasie przed  obchodami 70. rocznicy zbrodni katy\u0144skiej. Ma wzi\u0105\u0107 w nich udzia\u0142 m.in.  premier Rosji W\u0142adimir Putin. &#8211; Z jednej strony [mamy] puste gesty  przyjmowane z entuzjazmem przez rozhisteryzowane, pragn\u0105ce cho\u0107 kropli  \u0142aski z kremlowskiego sto\u0142u polskie media i rz\u0105d. Z drugiej strony  twarde, brutalne fakty &#8211; m\u00f3wi \u201eRzeczpospolitej\u201d redaktor naczelny  dwumiesi\u0119cznika \u201eArcana\u201d, prof. Andrzej Nowak.<\/p>\r\n\r\n<p>&#8211; Kreml, twierdz\u0105c, \u017ce nie jest pewny, czy Polak\u00f3w rzeczywi\u015bcie  rozstrzelano, ca\u0142kowicie si\u0119 kompromituje. Przecie\u017c Sowieci &#8222;badali\u201d  cia\u0142a w Katyniu, powo\u0142ali nawet pseudokomisj\u0119, kt\u00f3ra mia\u0142a udowodni\u0107, \u017ce  to zrobili Niemcy &#8211; dodaje rosyjski dysydent z czas\u00f3w sowieckich,  W\u0142odzimierz Bukowski.<\/p>\r\n\r\n<p>2 kwietnia rosyjski kana\u0142 telewizyjny RTR Kultura <a href=\"http:\/\/fronda.pl\/news\/czytaj\/rosyjska_stacja_wyswietli_film_katyn_po_filmie_dyskusja_w_gronie\">pokaza\u0142<\/a> pierwszy raz w tym kraju film Andrzeja Wajdy \u201eKaty\u0144\u201d. W dyskusji na  jego temat wzi\u0119li udzia\u0142 historycy zwi\u0105zani z obozem w\u0142adzy.<\/p>\r\n\r\n<p>sks\/Rzeczpospolita<\/p>","protected":false},"excerpt":{"rendered":"Sami prowadzili \u015bledztwo maj\u0105ce udowodni\u0107, \u017ce polskich oficer\u00f3w zamordowali Niemcy. Teraz Rosjanie twierdz\u0105, \u017ce nie jest pewne, \u017ce Polak\u00f3w w Katyniu w og\u00f3le ktokolwiek zastrzeli\u0142. &#8211; W\u0142adze Federacji Rosyjskiej nie mia\u0142y obowi\u0105zku przeprowadzenia \u015bledztwa w zwi\u0105zku z katy\u0144skimi zdarzeniami, kt\u00f3re mia\u0142y miejsce w 1940 roku &#8211; napisa\u0142y rosyjskie w\u0142adze w odpowiedzi na skarg\u0119 do Europejskiego [&hellip;]","protected":false},"author":1,"featured_media":0,"comment_status":"closed","ping_status":"closed","sticky":false,"template":"","format":"standard","meta":{"_acf_changed":false,"_monsterinsights_skip_tracking":false,"_monsterinsights_sitenote_active":false,"_monsterinsights_sitenote_note":"","_monsterinsights_sitenote_category":0,"ngg_post_thumbnail":0,"footnotes":"","_wp_rev_ctl_limit":""},"categories":[6],"tags":[66,59],"acf":[],"_links":{"self":[{"href":"https:\/\/www.bibula.com\/index.php?rest_route=\/wp\/v2\/posts\/20039"}],"collection":[{"href":"https:\/\/www.bibula.com\/index.php?rest_route=\/wp\/v2\/posts"}],"about":[{"href":"https:\/\/www.bibula.com\/index.php?rest_route=\/wp\/v2\/types\/post"}],"author":[{"embeddable":true,"href":"https:\/\/www.bibula.com\/index.php?rest_route=\/wp\/v2\/users\/1"}],"replies":[{"embeddable":true,"href":"https:\/\/www.bibula.com\/index.php?rest_route=%2Fwp%2Fv2%2Fcomments&post=20039"}],"version-history":[{"count":0,"href":"https:\/\/www.bibula.com\/index.php?rest_route=\/wp\/v2\/posts\/20039\/revisions"}],"wp:attachment":[{"href":"https:\/\/www.bibula.com\/index.php?rest_route=%2Fwp%2Fv2%2Fmedia&parent=20039"}],"wp:term":[{"taxonomy":"category","embeddable":true,"href":"https:\/\/www.bibula.com\/index.php?rest_route=%2Fwp%2Fv2%2Fcategories&post=20039"},{"taxonomy":"post_tag","embeddable":true,"href":"https:\/\/www.bibula.com\/index.php?rest_route=%2Fwp%2Fv2%2Ftags&post=20039"}],"curies":[{"name":"wp","href":"https:\/\/api.w.org\/{rel}","templated":true}]}}