{"id":19963,"date":"2023-04-07T00:01:30","date_gmt":"2023-04-07T04:01:30","guid":{"rendered":"http:\/\/www.bibula.com\/?p=19963"},"modified":"2023-04-07T10:29:20","modified_gmt":"2023-04-07T14:29:20","slug":"wielki-piatek-meka-i-smierc-naszego-pana-jezusa-chrystusa","status":"publish","type":"post","link":"https:\/\/www.bibula.com\/?p=19963","title":{"rendered":"Wielki Pi\u0105tek &#8211; m\u0119ka i \u015bmier\u0107 Naszego Pana Jezusa Chrystusa"},"content":{"rendered":"<div class=\"p_underline\">\r\n<p class=\"has-drop-cap\">Wielki Pi\u0105tek to dzie\u0144, w kt\u00f3rym \u017c\u0105d\u0142o \u015bmierci dosi\u0119g\u0142o G\u0142ow\u0119 ludzko\u015bci, Jezusa Chrystusa. Dlatego w tradycyjnej liturgii u\u017cywa si\u0119 barwy czarnej. Korzymy si\u0119 w poczuciu winy, kt\u00f3ra wymaga\u0142a takiego okupu. Wszyscy chrze\u015bcijanie wiedz\u0105 jednak, \u017ce \u015bmier\u0107 Chrystusa jest \u017ar\u00f3d\u0142em nowego \u017cycia. Dlatego Wielki Pi\u0105tek, dzie\u0144 \u017ca\u0142oby, jest r\u00f3wnocze\u015bnie dniem nadziei; przygotowuje bowiem zmartwychwstanie. W rocznic\u0119 krwawej ofiary Chrystusa na krzy\u017cu Ko\u015bci\u00f3\u0142 wstrzymuje si\u0119 od odprawiania ofiary bezkrwawej. W porze popo\u0142udniowej, w tych godzinach, w kt\u00f3rych dokona\u0142a si\u0119 ofiara kalwaryjska, odprawia si\u0119 specjalne nabo\u017ce\u0144stwo, kt\u00f3rego forma si\u0119ga staro\u017cytno\u015bci chrze\u015bcija\u0144skiej.<\/p>\r\n<p>&nbsp;<\/p>\r\n<p><strong>UROCZYSTA LITURGIA POPO\u0141UDNIOWA KU CZCI M\u0118KI I \u015aMIERCI PA\u0143SKIEJ<\/strong><\/p>\r\n<p>Liturgia rozpoczyna si\u0119 przy o\u0142tarzu pozbawionym wszelkich dodatkowych sprz\u0119t\u00f3w. Ko\u015bci\u00f3\u0142 pragnie skupi\u0107 uwag\u0119 wiernych na o\u0142tarzu, kt\u00f3ry przedstawia samego Chrystusa Pana. Ca\u0142y obrz\u0119d liturgiczny obejmuje pi\u0119\u0107 cz\u0119\u015bci:<\/p>\r\n<p><strong>1. Czytania<\/strong><\/p>\r\n<p>Czyta si\u0119 lekcj\u0119 z proroka Ozeasza, opiewaj\u0105c\u0105 mi\u0142osierdzie Bo\u017ce nad ludem, oraz z Ksi\u0119gi Wyj\u015bcia \u201d\u201d opis zabijania baranka wielkanocnego przy wyj\u015bciu z Egiptu. Baranek wielkanocny by\u0142 zapowiedzi\u0105 \u00abBaranka, kt\u00f3ry g\u0142adzi grzechy \u015bwiata\u00bb. Opis m\u0119ki Pana Jezusa wed\u0142ug \u015bw. Jana stwierdza spe\u0142nienie si\u0119 tego proroctwa.<\/p>\r\n<p><strong>2. Uroczyste modlitwy za ca\u0142\u0105 ludzko\u015b\u0107<\/strong><\/p>\r\n<p>Na d\u0142ugo przed swoj\u0105 m\u0119k\u0105 powiedzia\u0142 Pan Jezus: \u00abA ja, gdy nad ziemi\u0119 podwy\u017cszony b\u0119d\u0119, wszystko do siebie przyci\u0105gn\u0119\u00bb. W czasie m\u0119ki modli\u0142 si\u0119 nawet za swych prze\u015bladowc\u00f3w. Na\u015bladuj\u0105c Zbawiciela, zanosimy modlitwy za ca\u0142\u0105 ludzko\u015b\u0107 odkupion\u0105 Jego Krwi\u0105.<\/p>\r\n<p><strong>3. Adoracja Krzy\u017ca<\/strong><\/p>\r\n<p>Kulminacyjny punkt liturgii dzisiejszej stanowi adoracja Krzy\u017ca. Obrz\u0119d ten wzi\u0105\u0142 sw\u00f3j pocz\u0105tek od adoracji relikwii \u015bwi\u0119tego Krzy\u017ca, kt\u00f3ra odbywa\u0142a si\u0119 w Jerozolimie ju\u017c w IV w. Wszyscy przychodz\u0105 adorowa\u0107 symbol m\u0119ki i zwyci\u0119stwa Chrystusa w duchu dzi\u0119kczynienia za Odkupienie.<\/p>\r\n<p>&nbsp;<\/p>\r\n<p><img fetchpriority=\"high\" decoding=\"async\" class=\"aligncenter\" src=\"http:\/\/sanctus.pl\/foto\/Chrystus\/WielkiPiatek.jpg\" alt=\"Wielki Pi\u0105tek - Chrystus umiera na krzy\u017cu\" width=\"751\" hspace=\"0\" height=\"806\" border=\"0\"><\/p>\r\n<p>&nbsp;<\/p>\r\n<p><strong>4. Komunia \u015bw.<\/strong><\/p>\r\n<p>Aby zaznaczy\u0107 jedno\u015b\u0107 ofiary Wieczernika, tj. Mszy \u015bwi\u0119tej, z krwaw\u0105 ofiar\u0105 Pana Jezusa na krzy\u017cu, Ko\u015bci\u00f3\u0142 \u015bw. poleca dzisiaj rozdawa\u0107 Cia\u0142o Pana Jezusa pod postaciami konsekrowanymi w Wielki Czwartek. Jest \u017cyczeniem Ko\u015bcio\u0142a \u015bw., aby wierni przyjmuj\u0105c w Komunii \u015bwi\u0119tej Cia\u0142o Chrystusowe, w tym dniu za nich wydane, przyswajali sobie obficie owoce ofiary Chrystusowej.<\/p>\r\n<p><strong>5. Procesja do Bo\u017cego Grobu<\/strong><\/p>\r\n<p>Oko\u0142o X w. powsta\u0142 zwyczaj przechowywania Eucharystii na specjalnym o\u0142tarzu przypominaj\u0105cym spoczynek Cia\u0142a Chrystusowego w grobie. Z czasem wprowadzono wystawienie Naj\u015bwi\u0119tszego Sakramentu i figur\u0119 martwego Chrystusa w dolnej cz\u0119\u015bci o\u0142tarza. \u00abBo\u017cy Gr\u00f3b\u00bb uzmys\u0142awia wielko\u015b\u0107 ofiary Zbawiciela i ci\u0119\u017cko\u015b\u0107 grzechu, kt\u00f3ry wymaga\u0142 takiego okupu.<\/p>\r\n<p>\u0179r\u00f3d\u0142o: <a href=\"http:\/\/sanctus.com.pl\/szczegoly\/1484\/mszal_rzymski_1963__mszalik_codzienny\"><strong>Msza\u0142 Rzymski<\/strong>, Wydawnictwo Pallottinum 1963, przek\u0142ad polski i obja\u015bnienia opracowali o.o. benedyktyni z Opactwa Tynieckiego<\/a><\/p>\r\n<p class=\"zrodlo\">Za: <a href=\"http:\/\/www.sanctus.pl\/index.php?grupa=1&amp;podgrupa=240&amp;doc=176\">Sanctus.pl<\/a><\/p>\r\n<h4>&nbsp;<\/h4>\r\n<hr style=\"background-color: #000000; border-width: 0; color: #000000; height: 2px; line-height: 0; text-align: center; width: 100%;\">\r\n<h4>&nbsp;<\/h4>\r\n<blockquote>\r\n<h2><strong>Oremus et pro perfidis Judaeis<\/strong><\/h2>\r\n<p><strong>\u201eM\u00f3dlmy si\u0119 za \u017cyd\u00f3w wiaro\u0142omnych, aby B\u00f3g i Pan nasz zdar\u0142 zas\u0142on\u0119<br>\r\nz ich serc, i\u017cby i oni poznali Jezusa Chrystusa Pana naszego.<br>\r\nM\u00f3dlmy si\u0119: (Kl\u0119knijmy. Powsta\u0144cie.)<br>\r\nWszechmocny wiekuisty Bo\u017ce, kt\u00f3ry od mi\u0142osierdzia Twego nawet<br>\r\n\u017cyd\u00f3w wiaro\u0142omnych nie odrzucisz: <br>\r\nwys\u0142uchaj mod\u0142y nasze za ten lud za\u015blepiony, aby wreszcie, poznawszy \u015bwiat\u0142o prawdy,<br>\r\nkt\u00f3rym jest Chrystus, z ciemno\u015bci swoich zosta\u0142 wybawiony.<br>\r\nPrzez Tego\u017c Chrystusa Pana naszego. Amen.\u201d<\/strong><\/p>\r\n<p><em>Oremus et pro perfidis Iud\u00e6is: ut Deus et Dominus noster auferat velamen de cordibus eorum;<\/em><br>\r\n<em>ut et ipsi agnoscant Iesum Christum, Dominum nostrum. (Oremus. Flectamus genua. Levate)<\/em><br>\r\n<em>Omnipotens sempiterne Deus, qui etiam iudaicam perfidiam a tua misericordia non repellis:<\/em><br>\r\n<em>exaudi preces nostras, quas pro illius populi obc\u00e6catione deferimus;<\/em><br>\r\n<em>ut, agnita veritatis tu\u00e6 luce, qu\u00e6 Christus est, a suis tenebris eruantur.<\/em><br>\r\n<em>Per eumdem Dominum nostrum Iesum Christum Filium tuum,<\/em><br>\r\n<em>qui tecum vivit et regnat in unitate Spiritus Sancti Deus: per omnia s\u00e6cula s\u00e6culorum.<\/em><br>\r\n<em>Amen.<\/em><\/p>\r\n<h4>&nbsp;<\/h4>\r\n<p><em>Modlitwa o nawr\u00f3cenie wiaro\u0142omnych \u017cyd\u00f3w Papie\u017ca \u015bw. Piusa V<\/em><\/p>\r\n<p><em>[Celem wyeliminowania &#8222;obra\u017aliwych&#8221; s\u0142\u00f3w wobec \u017cyd\u00f3w, Modlitwa powy\u017csza zosta\u0142a zmieniona w 1959 r. przez Jana XXIII, nast\u0119pnie przez Paw\u0142a VI w roku 1965, raz jeszcze przez tego\u017c samego Paw\u0142a VI w 1970 r., a w 2008 roku przez <\/em><em>Benedykta XVI.<\/em>]<\/p>\r\n<\/blockquote>\r\n<p><small>&nbsp;<\/small><\/p>\r\n<h4>&nbsp;<\/h4>\r\n<hr style=\"background-color: #000000; border-width: 0; color: #000000; height: 2px; line-height: 0; text-align: center; width: 100%;\">\r\n<h4>&nbsp;<\/h4>\r\n<h2><strong>Zegar M\u0119ki Pa\u0144skiej. Ostatni dzie\u0144 Pana Naszego Jezusa Chrystusa<\/strong><\/h2>\r\n<p>&nbsp;<\/p>\r\n<p><img decoding=\"async\" class=\"aligncenter\" src=\"https:\/\/1.bp.blogspot.com\/-PE5kEhhKd8M\/VvVMLHJgbtI\/AAAAAAAACM8\/41KQ8-bNG9M6v1YCmZUglthmOVrP0WmtQ\/s1600\/PCh.jpg\" alt=\"\" width=\"792\" height=\"792\"><\/p>\r\n<p class=\"zrodlo\">\u0179r\u00f3d\u0142o zdj\u0119cia: <a href=\"http:\/\/katoliktradycjionline.blogspot.com\/2016\/03\/zegar-meki-panskiej.html\">KatolikTradycji<\/a><\/p>\r\n<h4>&nbsp;<\/h4>\r\n<hr style=\"background-color: #000000; border-width: 0; color: #000000; height: 2px; line-height: 0; text-align: center; width: 100%;\">\r\n<p>&nbsp;<\/p>\r\n<p class=\"podpis_sz\"><span style=\"color: #808080;\">Dodano: 2010-04-2 12:01 am<\/span><\/p>\r\n<p>&nbsp;<\/p>\r\n<\/div>","protected":false},"excerpt":{"rendered":"Wielki Pi\u0105tek to dzie\u0144, w kt\u00f3rym \u017c\u0105d\u0142o \u015bmierci dosi\u0119g\u0142o G\u0142ow\u0119 ludzko\u015bci, Jezusa Chrystusa. Dlatego w tradycyjnej liturgii u\u017cywa si\u0119 barwy czarnej. Korzymy si\u0119 w poczuciu winy, kt\u00f3ra wymaga\u0142a takiego okupu. Wszyscy chrze\u015bcijanie wiedz\u0105 jednak, \u017ce \u015bmier\u0107 Chrystusa jest \u017ar\u00f3d\u0142em nowego \u017cycia. Dlatego Wielki Pi\u0105tek, dzie\u0144 \u017ca\u0142oby, jest r\u00f3wnocze\u015bnie dniem nadziei; przygotowuje bowiem zmartwychwstanie. W rocznic\u0119 [&hellip;]","protected":false},"author":1,"featured_media":0,"comment_status":"closed","ping_status":"closed","sticky":false,"template":"","format":"standard","meta":{"_acf_changed":false,"_monsterinsights_skip_tracking":false,"_monsterinsights_sitenote_active":false,"_monsterinsights_sitenote_note":"","_monsterinsights_sitenote_category":0,"ngg_post_thumbnail":0,"footnotes":"","_wp_rev_ctl_limit":""},"categories":[14,135],"tags":[119,218],"acf":[],"_links":{"self":[{"href":"https:\/\/www.bibula.com\/index.php?rest_route=\/wp\/v2\/posts\/19963"}],"collection":[{"href":"https:\/\/www.bibula.com\/index.php?rest_route=\/wp\/v2\/posts"}],"about":[{"href":"https:\/\/www.bibula.com\/index.php?rest_route=\/wp\/v2\/types\/post"}],"author":[{"embeddable":true,"href":"https:\/\/www.bibula.com\/index.php?rest_route=\/wp\/v2\/users\/1"}],"replies":[{"embeddable":true,"href":"https:\/\/www.bibula.com\/index.php?rest_route=%2Fwp%2Fv2%2Fcomments&post=19963"}],"version-history":[{"count":10,"href":"https:\/\/www.bibula.com\/index.php?rest_route=\/wp\/v2\/posts\/19963\/revisions"}],"predecessor-version":[{"id":139743,"href":"https:\/\/www.bibula.com\/index.php?rest_route=\/wp\/v2\/posts\/19963\/revisions\/139743"}],"wp:attachment":[{"href":"https:\/\/www.bibula.com\/index.php?rest_route=%2Fwp%2Fv2%2Fmedia&parent=19963"}],"wp:term":[{"taxonomy":"category","embeddable":true,"href":"https:\/\/www.bibula.com\/index.php?rest_route=%2Fwp%2Fv2%2Fcategories&post=19963"},{"taxonomy":"post_tag","embeddable":true,"href":"https:\/\/www.bibula.com\/index.php?rest_route=%2Fwp%2Fv2%2Ftags&post=19963"}],"curies":[{"name":"wp","href":"https:\/\/api.w.org\/{rel}","templated":true}]}}