{"id":19837,"date":"2010-03-29T12:36:18","date_gmt":"2010-03-29T17:36:18","guid":{"rendered":"http:\/\/www.bibula.com\/?p=19837"},"modified":"2010-03-29T12:36:18","modified_gmt":"2010-03-29T17:36:18","slug":"meczennicy-totalitaryzmow-beda-beatyfikowani","status":"publish","type":"post","link":"https:\/\/www.bibula.com\/?p=19837","title":{"rendered":"M\u0119czennicy totalitaryzm\u00f3w b\u0119d\u0105 beatyfikowani"},"content":{"rendered":"<p><strong>Kap\u0142an zam\u0119czony w niemieckim obozie zag\u0142ady w Dachau oraz dwie  ofiary prze\u015bladowa\u0144 Ko\u015bcio\u0142a przez komunist\u00f3w s\u0105 na li\u015bcie przysz\u0142ych  \u015bwi\u0119tych i b\u0142ogos\u0142awionych zaaprobowanej w sobot\u0119 przez Benedykta XVI.<\/strong><br \/>\r\n<br \/>\r\nSpo\u015br\u00f3d  16 promulgowanych przez Ojca \u015awi\u0119tego dekret\u00f3w po\u0142owa dotyczy kobiet  konsekrowanych, g\u0142\u00f3wnie za\u0142o\u017cycielek zgromadze\u0144 zakonnych. W\u015br\u00f3d  pozosta\u0142ych kandydat\u00f3w do chwa\u0142y o\u0142tarzy jest czterech biskup\u00f3w, dwaj  ksi\u0119\u017ca diecezjalni, maronicki zakonnik i osoba \u015bwiecka. Kilka z  zaakceptowanych przez Papie\u017ca dekret\u00f3w dotyczy uznania cud\u00f3w za  wstawiennictwem S\u0142ug Bo\u017cych, a trzy m\u0119cze\u0144stwa za wiar\u0119. Jako m\u0119czennik  nazizmu zostanie wkr\u00f3tce wyniesiony na o\u0142tarze ks. Gerhard Hirschfelder,  kap\u0142an diecezjalny, kt\u00f3ry zgin\u0105\u0142 w Dachau w 1942 roku. Kolejne dwie  osoby to ofiary komunizmu &#8211; ks. bp Szil\u00e1rd Bogd\u00e1nffy z Rumunii (na  zdj\u0119ciu) zmar\u0142y w 1952 r. w stalinowskim wi\u0119zieniu oraz s\u0142owe\u0144ski  dzia\u0142acz Akcji Katolickiej Lojze Grozde zamordowany w 1943 r. przez  jugos\u0142owia\u0144skich komunist\u00f3w.<br \/>\r\nW sobot\u0119 Ojciec \u015awi\u0119ty przyj\u0105\u0142 na  audiencji prefekta Kongregacji Spraw Kanonizacyjnych ks. abp. Angela  Amato i upowa\u017cni\u0142 go do promulgowania 16 dekret\u00f3w tej dykasterii. Jak  poinformowa\u0142o Radio Watyka\u0144skie, jeden z dekret\u00f3w o cudzie dotyczy  b\u0142ogos\u0142awionej Bonifacii Rodriguez De Castro (1837-1905), za\u0142o\u017cycielki  hiszpa\u0144skiego Zgromadzenia Misjonarek S\u0142u\u017cebnic \u015bw. J\u00f3zefa. Wkr\u00f3tce  zostanie ona og\u0142oszona \u015bwi\u0119t\u0105.<br \/>\r\nSzczeg\u00f3ln\u0105 uwag\u0119 zwracaj\u0105 postacie  trzech ofiar nazizmu i komunizmu, kt\u00f3rych m\u0119cze\u0144stwo za wiar\u0119 zosta\u0142o  potwierdzone przez Ojca \u015awi\u0119tego. Przez Niemc\u00f3w zamordowany zosta\u0142 ks.  Gerhard Hirschfelder. Urodzi\u0142 si\u0119 w K\u0142odzku w 1907 roku. W czasie rz\u0105d\u00f3w  Hitlera organizowa\u0142 bezkompromisow\u0105 walk\u0119 ze swastyk\u0105. Zarzucano mu, \u017ce  odci\u0105ga m\u0142odzie\u017c od organizacji Hitlerjugend oraz Bund Deutscher M\u00c3\u00a4del.  Aby go zastraszy\u0107, stosowano wobec niego r\u00f3\u017cne represje. On jednak  pozostawa\u0142 nieustraszony. 1 sierpnia 1941 roku ks. Gerhard Hirschfelder  zosta\u0142 aresztowany, a wkr\u00f3tce potem przewieziony do obozu w Dachau. Tam  zmar\u0142 1 sierpnia 1942 roku z wyczerpania i niedo\u017cywienia na zapalenie  p\u0142uc.<br \/>\r\nKolejni dwaj m\u0119czennicy to ofiary komunizmu. S\u0142uga Bo\u017cy ks. bp  Szil\u00e1rd Bogd\u00e1nffy by\u0142 katechet\u0105 oraz nauczycielem teologii w Nagyv\u00e1rad  (Oradea) w Rumunii. Broni\u0142 prze\u015bladowanych, dlatego te\u017c by\u0142 szykanowany  przez komunist\u00f3w. Dla duchowego wzmocnienia chrze\u015bcija\u0144skich rodzin  za\u0142o\u017cy\u0142 Trzeci Zakon Urszulanek pw. \u015bw. Anieli Merici. Wobec tego, \u017ce  nowy, ateistyczny system chcia\u0142 utworzy\u0107 w Rumunii tzw. narodowy Ko\u015bci\u00f3\u0142  katolicki niezale\u017cny od Rzymu, w 1949 r. nuncjusz w Bukareszcie w  tajemnicy wy\u015bwi\u0119ci\u0142 go i kilku innych ksi\u0119\u017cy jako wiernych Papie\u017cowi i  godnych zaufania na biskup\u00f3w. Wkr\u00f3tce ks. bp Bogd\u00e1nffy zosta\u0142  aresztowany i skazany na 12 lat wi\u0119zienia. Cztery lata wytrwa\u0142 w  najbardziej surowych wi\u0119zieniach Rumunii. Zmar\u0142 \u015bmierci\u0105 m\u0119cze\u0144sk\u0105 w  1952 r. w stalinowskim wi\u0119zieniu w Nagyenyed. <br \/>\r\nZ kolei S\u0142uga Bo\u017cy  Lojze Grozde by\u0142 cz\u0142onkiem s\u0142owe\u0144skiej Akcji Katolickiej. Wyr\u00f3\u017cnia\u0142 si\u0119  spo\u015br\u00f3d r\u00f3wie\u015bnik\u00f3w jako sumienny ucze\u0144. Prowadzi\u0142 przyk\u0142adne \u017cycie  chrze\u015bcija\u0144skie. By\u0142 aktywnym \u015bwieckim, kt\u00f3ry bardzo kocha\u0142 Eucharysti\u0119.  Cz\u0119sto oddawa\u0142 si\u0119 w opiek\u0119 Matce Bo\u017cej. Zosta\u0142 zabity za wiar\u0119 przez  komunistycznych jugos\u0142owia\u0144skich partyzant\u00f3w w 1943 roku. <br \/>\r\n<strong><\/strong><\/p>\r\n\r\n<p><em><strong>Ma\u0142gorzata  Pabis<\/strong><\/em><\/p>","protected":false},"excerpt":{"rendered":"Kap\u0142an zam\u0119czony w niemieckim obozie zag\u0142ady w Dachau oraz dwie ofiary prze\u015bladowa\u0144 Ko\u015bcio\u0142a przez komunist\u00f3w s\u0105 na li\u015bcie przysz\u0142ych \u015bwi\u0119tych i b\u0142ogos\u0142awionych zaaprobowanej w sobot\u0119 przez Benedykta XVI. Spo\u015br\u00f3d 16 promulgowanych przez Ojca \u015awi\u0119tego dekret\u00f3w po\u0142owa dotyczy kobiet konsekrowanych, g\u0142\u00f3wnie za\u0142o\u017cycielek zgromadze\u0144 zakonnych. W\u015br\u00f3d pozosta\u0142ych kandydat\u00f3w do chwa\u0142y o\u0142tarzy jest czterech biskup\u00f3w, dwaj ksi\u0119\u017ca diecezjalni, [&hellip;]","protected":false},"author":1,"featured_media":0,"comment_status":"closed","ping_status":"closed","sticky":false,"template":"","format":"standard","meta":{"_acf_changed":false,"_monsterinsights_skip_tracking":false,"_monsterinsights_sitenote_active":false,"_monsterinsights_sitenote_note":"","_monsterinsights_sitenote_category":0,"ngg_post_thumbnail":0,"footnotes":"","_wp_rev_ctl_limit":""},"categories":[3],"tags":[132,66,102,59],"acf":[],"_links":{"self":[{"href":"https:\/\/www.bibula.com\/index.php?rest_route=\/wp\/v2\/posts\/19837"}],"collection":[{"href":"https:\/\/www.bibula.com\/index.php?rest_route=\/wp\/v2\/posts"}],"about":[{"href":"https:\/\/www.bibula.com\/index.php?rest_route=\/wp\/v2\/types\/post"}],"author":[{"embeddable":true,"href":"https:\/\/www.bibula.com\/index.php?rest_route=\/wp\/v2\/users\/1"}],"replies":[{"embeddable":true,"href":"https:\/\/www.bibula.com\/index.php?rest_route=%2Fwp%2Fv2%2Fcomments&post=19837"}],"version-history":[{"count":0,"href":"https:\/\/www.bibula.com\/index.php?rest_route=\/wp\/v2\/posts\/19837\/revisions"}],"wp:attachment":[{"href":"https:\/\/www.bibula.com\/index.php?rest_route=%2Fwp%2Fv2%2Fmedia&parent=19837"}],"wp:term":[{"taxonomy":"category","embeddable":true,"href":"https:\/\/www.bibula.com\/index.php?rest_route=%2Fwp%2Fv2%2Fcategories&post=19837"},{"taxonomy":"post_tag","embeddable":true,"href":"https:\/\/www.bibula.com\/index.php?rest_route=%2Fwp%2Fv2%2Ftags&post=19837"}],"curies":[{"name":"wp","href":"https:\/\/api.w.org\/{rel}","templated":true}]}}