{"id":19706,"date":"2010-03-24T08:54:14","date_gmt":"2010-03-24T13:54:14","guid":{"rendered":"http:\/\/www.bibula.com\/?p=19706"},"modified":"2010-03-24T08:54:14","modified_gmt":"2010-03-24T13:54:14","slug":"pikieta-przeciwko-budowie-meczetu-w-warszawie","status":"publish","type":"post","link":"https:\/\/www.bibula.com\/?p=19706","title":{"rendered":"Pikieta przeciwko budowie meczetu w Warszawie"},"content":{"rendered":"<p>Nie zgadzamy si\u0119 na budow\u0119 meczetu w Warszawie, dlatego w sobot\u0119  27  marca o godzinie 12.00 organizujemy pikiet\u0119  przy Rondzie Zes\u0142a\u0144c\u00f3w  Syberyjskich. To w tym miejscu, na skrzy\u017cowaniu ulic, skrajni muzu\u0142manie  buduj\u0105  miejsce kultu. <br \/>\r\n Meczet, kt\u00f3ry powstaje na warszawskiej Ochocie, ma wysoko\u015b\u0107 sze\u015bciu  pieter i jest wyposa\u017cony w tradycyjne wie\u017ce &#8211; minarety. Na budow\u0119  wyrazili zgod\u0119 warszawscy radni, poproszeni przez Lig\u0119 Muzu\u0142ma\u0144sk\u0105 RP.  To organizacja powi\u0105zana z Bractwem Muzu\u0142ma\u0144skim, kt\u00f3rego cele s\u0105  sprzeczne z warto\u015bciami demokratycznych spo\u0142ecze\u0144stw Europy. <img decoding=\"async\" src=\"http:\/\/www.konservat.cba.pl\/arty2010\/images\/manifa.jpg\" border=\"0\" alt=\"\" width=\"410\" height=\"110\" align=\"center\" \/> Burmistrz wyda\u0142 zezwolenie na budow\u0119 meczetu islamskich radyka\u0142\u00f3w bez  g\u0142\u0119bszego zbadania sprawy. Jak to mo\u017cliwe?  Inwestor oszuka\u0142 w\u0142adze gminy twierdz\u0105c, \u017ce chce zbudowa\u0107 O\u015brodek  Kultury Muzu\u0142ma\u0144skiej. W efekcie powstaje meczet. Dlaczego nie poni\u00f3s\u0142  \u017cadnych konsekwencji?  We wcze\u015bniejszym planie zagospodarowania przestrzennego dzia\u0142ka, na  kt\u00f3rej rosn\u0105 mury meczetu przeznaczona by\u0142a pod inwestycje publiczne z  opisem Uniwersytet Warszawski. Za czyj\u0105 spraw\u0105?  Meczet powstaje w miejscu &#8211; upami\u0119tnionej przez Adama Mickiewicza &#8211;   Reduty Ordona. Czy na pewno nie razi to mieszka\u0144c\u00f3w Warszawy i turyst\u00f3w?  Mi\u0119dzy innymi te pytania  chcemy zada\u0107 w sobot\u0119. B\u0119dziemy wdzi\u0119czni,  je\u015bli za Wasz\u0105  spraw\u0105 uda si\u0119 ten problem nag\u0142o\u015bni\u0107, a by\u0107 mo\u017ce tak\u017ce  rozwi\u0105za\u0107.  Manifestacja jest protestem zaniepokojonych obywateli.  Jako  organizatorzy, nie  dopu\u015bcimy do jakichkolwiek skrajnych hase\u0142.  Ewentualne pr\u00f3by wykorzystania naszej manifestacji dla cel\u00f3w  politycznych b\u0119d\u0105 zg\u0142aszane ochraniaj\u0105cej nas policji.<\/p>\r\n\r\n<p class=\"zrodlo\"><em>za <a href=\"http:\/\/www.euroislam.pl\/index.php\/2010\/03\/pikieta-przeciwko-budowie-meczetu-bractwa\/\" target=\"_top\">Euroislam<\/a><\/em><\/p>","protected":false},"excerpt":{"rendered":"Nie zgadzamy si\u0119 na budow\u0119 meczetu w Warszawie, dlatego w sobot\u0119 27 marca o godzinie 12.00 organizujemy pikiet\u0119 przy Rondzie Zes\u0142a\u0144c\u00f3w Syberyjskich. To w tym miejscu, na skrzy\u017cowaniu ulic, skrajni muzu\u0142manie buduj\u0105 miejsce kultu. Meczet, kt\u00f3ry powstaje na warszawskiej Ochocie, ma wysoko\u015b\u0107 sze\u015bciu pieter i jest wyposa\u017cony w tradycyjne wie\u017ce &#8211; minarety. Na budow\u0119 wyrazili [&hellip;]","protected":false},"author":1,"featured_media":0,"comment_status":"closed","ping_status":"closed","sticky":false,"template":"","format":"standard","meta":{"_acf_changed":false,"_monsterinsights_skip_tracking":false,"_monsterinsights_sitenote_active":false,"_monsterinsights_sitenote_note":"","_monsterinsights_sitenote_category":0,"ngg_post_thumbnail":0,"footnotes":"","_wp_rev_ctl_limit":""},"categories":[8],"tags":[70,98],"acf":[],"_links":{"self":[{"href":"https:\/\/www.bibula.com\/index.php?rest_route=\/wp\/v2\/posts\/19706"}],"collection":[{"href":"https:\/\/www.bibula.com\/index.php?rest_route=\/wp\/v2\/posts"}],"about":[{"href":"https:\/\/www.bibula.com\/index.php?rest_route=\/wp\/v2\/types\/post"}],"author":[{"embeddable":true,"href":"https:\/\/www.bibula.com\/index.php?rest_route=\/wp\/v2\/users\/1"}],"replies":[{"embeddable":true,"href":"https:\/\/www.bibula.com\/index.php?rest_route=%2Fwp%2Fv2%2Fcomments&post=19706"}],"version-history":[{"count":0,"href":"https:\/\/www.bibula.com\/index.php?rest_route=\/wp\/v2\/posts\/19706\/revisions"}],"wp:attachment":[{"href":"https:\/\/www.bibula.com\/index.php?rest_route=%2Fwp%2Fv2%2Fmedia&parent=19706"}],"wp:term":[{"taxonomy":"category","embeddable":true,"href":"https:\/\/www.bibula.com\/index.php?rest_route=%2Fwp%2Fv2%2Fcategories&post=19706"},{"taxonomy":"post_tag","embeddable":true,"href":"https:\/\/www.bibula.com\/index.php?rest_route=%2Fwp%2Fv2%2Ftags&post=19706"}],"curies":[{"name":"wp","href":"https:\/\/api.w.org\/{rel}","templated":true}]}}