{"id":19697,"date":"2010-03-24T06:43:39","date_gmt":"2010-03-24T11:43:39","guid":{"rendered":"http:\/\/www.bibula.com\/?p=19697"},"modified":"2010-03-24T08:39:59","modified_gmt":"2010-03-24T13:39:59","slug":"%e2%80%9etygodnik-powszechny%e2%80%9d-zmienil-sie-w-%e2%80%9ezydownik%e2%80%9d","status":"publish","type":"post","link":"https:\/\/www.bibula.com\/?p=19697","title":{"rendered":"\u201eTygodnik Powszechny&#8221; zmieni\u0142 si\u0119 w \u201e\u017bydownik&#8221;"},"content":{"rendered":"<div>\r\n<p><strong>\u201e\u017bydownik Powszechny\u201d to tytu\u0142 bezp\u0142atnego dodatku do rocznicowego  wydania krakowskiego tygodnika. Dodatek, jak t\u0142umaczy gazeta to \u201eho\u0142d  dla tych, kt\u00f3rzy tekstami wspierali dialog polsko-\u017cydowski i  pi\u0119tnuj\u0105cych antysemityzm\u201d. A wzorami s\u0105 m.in. kard. Stanis\u0142aw Dziwisz,  Marek Edelman i Jan Tomasz Gross.<\/strong>\r\n\r\n<p><img decoding=\"async\" src=\"http:\/\/www.fronda.pl\/files\/Mariusz_zdjecia\/tyg_pow.jpg\" alt=\"\" \/><\/p>\r\n\r\n<p>&#8222;Chodzi o to, by podkre\u015bli\u0107, \u017ce tygodnik od pocz\u0105tku, jak \u017cadne inne  katolickie pismo w Polsce, zajmowa\u0142 si\u0119 \u017bydami&#8221; &#8211; chwali si\u0119 we  wst\u0119pniaku redaktor naczelny ks. Adam Boniecki. Pismo najwyra\u017aniej  wzi\u0119\u0142o przyk\u0142ad z o. Tadeusza Rydzyka. Redemptorysta wykorzysta\u0142 has\u0142o  maj\u0105ce o\u015bmiesza\u0107 s\u0142uchaczy \u201eRadia Maryja\u201d i jednoczy \u015brodowisko pod  szyldem \u201emoherowych beret\u00f3w\u201d. Przyznaje te\u017c nawet order w takim  kszta\u0142cie.<\/p>\r\n\r\n<p>Ks. Boniecki na 65. rocznic\u0119 powstania tygodnika postanowi\u0142 uczci\u0107  pod has\u0142em \u201e\u017bydownik\u201d. &#8222;Okre\u015blenie to mia\u0142o zdemaskowa\u0107 Turowicza et  consortes i nie\u015bwiadomym u\u015bwiadomi\u0107, \u017ce \u201eprawdziwie polska prasa\u201d jest  gdzie indziej&#8221; &#8211; t\u0142umaczy we wst\u0119pie marianin.<\/p>\r\n\r\n<p>&#8222;Kto wie, gdzie by\u015bmy dzi\u015b byli, gdyby nie artyku\u0142 Jerzego Turowicza  \u201eAntysemityzm\u201d, napisany w 1957 r.? Jaki by\u0142by stan naszych umys\u0142\u00f3w bez  eseju \u201eBiedni Polacy patrz\u0105 na getto\u201d Jana B\u0142o\u0144skiego (1987)?&#8221; &#8211; pyta  dramatycznie ks. Boniecki.<\/p>\r\n\r\n<p>&#8222;Jak by\u015bmy si\u0119 bez niego i bez debaty, kt\u00f3r\u0105 sprowokowa\u0142, uporali  cho\u0107by z problemem Jedwabnego? Ma\u0142o kto zdaje sobie r\u00f3wnie\u017c spraw\u0119, jaki  by\u0142by obraz polskiego katolicyzmu bez prze\u0142o\u017conego na francuski, a  potem na inne j\u0119zyki artyku\u0142u \u201eCzarne jest czarne\u201d ks. Stanis\u0142awa  Musia\u0142a (1997)&#8221; &#8211; chlubi si\u0119 dalej we wst\u0119pie redaktor naczelny.<\/p>\r\n\r\n<p>mm","protected":false},"excerpt":{"rendered":"\u201e\u017bydownik Powszechny\u201d to tytu\u0142 bezp\u0142atnego dodatku do rocznicowego wydania krakowskiego tygodnika. Dodatek, jak t\u0142umaczy gazeta to \u201eho\u0142d dla tych, kt\u00f3rzy tekstami wspierali dialog polsko-\u017cydowski i pi\u0119tnuj\u0105cych antysemityzm\u201d. A wzorami s\u0105 m.in. kard. Stanis\u0142aw Dziwisz, Marek Edelman i Jan Tomasz Gross. &#8222;Chodzi o to, by podkre\u015bli\u0107, \u017ce tygodnik od pocz\u0105tku, jak \u017cadne inne katolickie pismo w [&hellip;]","protected":false},"author":1,"featured_media":0,"comment_status":"closed","ping_status":"closed","sticky":false,"template":"","format":"standard","meta":{"_acf_changed":false,"_monsterinsights_skip_tracking":false,"_monsterinsights_sitenote_active":false,"_monsterinsights_sitenote_note":"","_monsterinsights_sitenote_category":0,"ngg_post_thumbnail":0,"footnotes":"","_wp_rev_ctl_limit":""},"categories":[8],"tags":[98,101],"acf":[],"_links":{"self":[{"href":"https:\/\/www.bibula.com\/index.php?rest_route=\/wp\/v2\/posts\/19697"}],"collection":[{"href":"https:\/\/www.bibula.com\/index.php?rest_route=\/wp\/v2\/posts"}],"about":[{"href":"https:\/\/www.bibula.com\/index.php?rest_route=\/wp\/v2\/types\/post"}],"author":[{"embeddable":true,"href":"https:\/\/www.bibula.com\/index.php?rest_route=\/wp\/v2\/users\/1"}],"replies":[{"embeddable":true,"href":"https:\/\/www.bibula.com\/index.php?rest_route=%2Fwp%2Fv2%2Fcomments&post=19697"}],"version-history":[{"count":0,"href":"https:\/\/www.bibula.com\/index.php?rest_route=\/wp\/v2\/posts\/19697\/revisions"}],"wp:attachment":[{"href":"https:\/\/www.bibula.com\/index.php?rest_route=%2Fwp%2Fv2%2Fmedia&parent=19697"}],"wp:term":[{"taxonomy":"category","embeddable":true,"href":"https:\/\/www.bibula.com\/index.php?rest_route=%2Fwp%2Fv2%2Fcategories&post=19697"},{"taxonomy":"post_tag","embeddable":true,"href":"https:\/\/www.bibula.com\/index.php?rest_route=%2Fwp%2Fv2%2Ftags&post=19697"}],"curies":[{"name":"wp","href":"https:\/\/api.w.org\/{rel}","templated":true}]}}