{"id":19598,"date":"2010-03-20T22:56:58","date_gmt":"2010-03-21T03:56:58","guid":{"rendered":"http:\/\/www.bibula.com\/?p=19598"},"modified":"2010-03-20T23:00:41","modified_gmt":"2010-03-21T04:00:41","slug":"niemcy-wladze-miasta-kassel-wydaly-zakaz-wywieszania-izraelskiej-flagi","status":"publish","type":"post","link":"https:\/\/www.bibula.com\/?p=19598","title":{"rendered":"Niemcy: W\u0142adze miasta Kassel wyda\u0142y zakaz wywieszania izraelskiej flagi"},"content":{"rendered":"<p>W\u0142adze miasta Kassel w p\u00f3\u0142nocnej Hesji wyda\u0142y oficjalny zakaz wywieszania izraelskiej flagi &#8211; informuje niemiecki portal <em>Nordhessische<\/em>.<\/p>\r\n\r\n<p>Zakaz wydany zosta\u0142 w zwi\u0105zku z planowan\u0105 na sobot\u0119, 21 marca br. pikiet\u0105 prosyjonistycznej organizacji o nazwie &#8222;Zjednoczeni Przeciwko Antysemityzmowi&#8221; (<em>B\u00fcndnis gegen Antisemitismus<\/em> &#8211; BgA). W\u0142adze miasta t\u0142umacz\u0105, \u017ce &#8222;izraelska flaga mo\u017ce naruszy\u0107 spok\u00f3j przechodni\u00f3w&#8221;, kt\u00f3rzy mog\u0105 &#8222;poczu\u0107 si\u0119 zagro\u017ceni&#8221; przekazem wyp\u0142ywaj\u0105cym z izraelskiej flagi.<\/p>\r\n\r\n<p>W przesz\u0142o\u015bci, podczas trwania agresji wojsk izraelskich w Strefie  Gazy, w\u0142adze miasta Kassel wyda\u0142y podobny zakaz wywieszania flagi izraelskiej. W czasie prowadzenia tej brutalnej inwazji przez Izrael, odby\u0142y si\u0119 w wielu miastach niemieckich antyizraelskie demonstracje. W\u0142adze Duisburga, Dusseldorfu, Bochum, Mainz, Berlina i Kassel wyda\u0142y w tym czasie zakaz eksponowania flagi izraelskiej.<\/p>\r\n\r\n<p>Izrael by\u0142 kilkadziesi\u0105t razy wzywany przez ONZ do przestrzegania  praw cz\u0142owieka w nast\u0119puj\u0105cych rezolucjach: 106, 111, 127, 162, 171,  228, 237, 248, 250, 251, 252, 256, 259, 262,  265, 267, 270, 271, 279,  280, 285, 298, 313, 316, 317, 332, 347, 425,  427, 444, 446, 450, 452,  465, 467, 468, 469, 471, 476, 478, 484, 487,  497, 498, 501,  509,515,  517, 518, 520, 573, 587, 592, 605, 607, 608, 636, 641, 672,  673, 681,  694, 726, 799. Also UNGA resolutions 50\/21, 50\/22, 49\/35,  49\/36, 49\/62,  49\/78, 49\/87, 49\/88, 49\/149, 49\/213, 48\/40, 48\/41, 48\/58,  48\/59.  48\/71, 48\/78, 48\/94, 48\/124, 48\/158, 48\/212. D\u0142uga lista rezolucji ONZ  podj\u0119tych przeciwko Izraelowi, znajduje si\u0119 <a href=\"http:\/\/www.jewishvirtuallibrary.org\/jsource\/UN\/usvetoes.html\" target=\"_blank\">tutaj<\/a>.<\/p>\r\n\r\n<p>Przyczyn\u0105 bezkarno\u015bci prowadzonej polityki przez Izrael jest przej\u0119cie kontroli polityczno-gospodarczej nad Stanami  Zjednoczonymi przez pro-izraelskie lobby. Bez politycznego, militarnego i  finansowego poparcia Stan\u00f3w Zjednoczonych, Izrael nie m\u00f3g\u0142by prowadzi\u0107  dotyczasowej polityki eksterminacji ludno\u015bci arabskiej, d\u0105\u017cy\u0107 w  kierunku budowy mesjanistycznego &#8222;Wielkiego Izraela\u201d &#8211;<em> Eretz Israel<\/em> i przyczynia\u0107 si\u0119 do destabilizacji Bliskiego Wschodu.<\/p>","protected":false},"excerpt":{"rendered":"W\u0142adze miasta Kassel w p\u00f3\u0142nocnej Hesji wyda\u0142y oficjalny zakaz wywieszania izraelskiej flagi &#8211; informuje niemiecki portal Nordhessische. Zakaz wydany zosta\u0142 w zwi\u0105zku z planowan\u0105 na sobot\u0119, 21 marca br. pikiet\u0105 prosyjonistycznej organizacji o nazwie &#8222;Zjednoczeni Przeciwko Antysemityzmowi&#8221; (B\u00fcndnis gegen Antisemitismus &#8211; BgA). W\u0142adze miasta t\u0142umacz\u0105, \u017ce &#8222;izraelska flaga mo\u017ce naruszy\u0107 spok\u00f3j przechodni\u00f3w&#8221;, kt\u00f3rzy mog\u0105 &#8222;poczu\u0107 [&hellip;]","protected":false},"author":1,"featured_media":0,"comment_status":"closed","ping_status":"closed","sticky":false,"template":"","format":"standard","meta":{"_acf_changed":false,"_monsterinsights_skip_tracking":false,"_monsterinsights_sitenote_active":false,"_monsterinsights_sitenote_note":"","_monsterinsights_sitenote_category":0,"ngg_post_thumbnail":0,"footnotes":"","_wp_rev_ctl_limit":""},"categories":[6],"tags":[72,23],"acf":[],"_links":{"self":[{"href":"https:\/\/www.bibula.com\/index.php?rest_route=\/wp\/v2\/posts\/19598"}],"collection":[{"href":"https:\/\/www.bibula.com\/index.php?rest_route=\/wp\/v2\/posts"}],"about":[{"href":"https:\/\/www.bibula.com\/index.php?rest_route=\/wp\/v2\/types\/post"}],"author":[{"embeddable":true,"href":"https:\/\/www.bibula.com\/index.php?rest_route=\/wp\/v2\/users\/1"}],"replies":[{"embeddable":true,"href":"https:\/\/www.bibula.com\/index.php?rest_route=%2Fwp%2Fv2%2Fcomments&post=19598"}],"version-history":[{"count":0,"href":"https:\/\/www.bibula.com\/index.php?rest_route=\/wp\/v2\/posts\/19598\/revisions"}],"wp:attachment":[{"href":"https:\/\/www.bibula.com\/index.php?rest_route=%2Fwp%2Fv2%2Fmedia&parent=19598"}],"wp:term":[{"taxonomy":"category","embeddable":true,"href":"https:\/\/www.bibula.com\/index.php?rest_route=%2Fwp%2Fv2%2Fcategories&post=19598"},{"taxonomy":"post_tag","embeddable":true,"href":"https:\/\/www.bibula.com\/index.php?rest_route=%2Fwp%2Fv2%2Ftags&post=19598"}],"curies":[{"name":"wp","href":"https:\/\/api.w.org\/{rel}","templated":true}]}}