{"id":19594,"date":"2010-03-20T17:49:15","date_gmt":"2010-03-20T22:49:15","guid":{"rendered":"http:\/\/www.bibula.com\/?p=19594"},"modified":"2010-03-20T17:49:15","modified_gmt":"2010-03-20T22:49:15","slug":"kolejna-awantura-w-lpr-a-razny-nieformalnie-odwolana","status":"publish","type":"post","link":"https:\/\/www.bibula.com\/?p=19594","title":{"rendered":"Kolejna awantura w LPR. A.Ra\u017any nieformalnie odwo\u0142ana?"},"content":{"rendered":"<p>W dniu 20 marca 2010r. na posiedzeniu Rady Politycznej LPR z funkcji  przewodnicz\u0105cej zosta\u0142a odwo\u0142ana prof. Anna Ra\u017any, decyzja zosta\u0142a  podj\u0119ta jednog\u0142o\u015bnie.<\/p>\r\n\r\n<p>Do czasu wyboru nowych  w\u0142adz funkcj\u0119 przewodnicz\u0105cego pe\u0142ni obecny wiceprzewodnicz\u0105cy Rady  Politycznej prof. Maciej Giertych. &#8211; tak\u0105 informacj\u0119 poda\u0142y w\u0142adze LPR  na swojej oficjalnej stronie internetowej. Komunikat nic nie m\u00f3wi na  temat przyczyn i okoliczno\u015bci odwo\u0142ania. Natomiast wed\u0142ug relacji  A.Ra\u017any odwo\u0142anie nast\u0105pi\u0142o po\u00a0opuszczeniu sali przez ni\u0105 i grup\u0119 jej  zwolennik\u00f3w, kt\u00f3rzy zerwali kworum. Decyzja o odwo\u0142aniu zapad\u0142a przy  braku kworum, a obowi\u0105zki przewodnicz\u0105cego powierzono M.Giertychowi  zaocznie, gdy\u017c nie by\u0142 on obecny podczas obrad.<\/p>\r\n\r\n<p>Kilka tygodni temu, gdy  media poda\u0142y informacje o rozmowach Romana Giertycha z PO, prof. A.  Ra\u017any w wypowiedzi dla &#8222;Naszego Dziennika\u201d jednoznacznie si\u0119 od tego  odci\u0119\u0142a. O\u015bwiadczy\u0142a wr\u0119cz, \u017ce nie nale\u017cy \u0142\u0105czy\u0107 LPR z grup\u0105  R.Giertycha.<\/p>\r\n\r\n<p>Prof. A.Ra\u017any by\u0142a  ostatni\u0105 osob\u0105 we w\u0142adzach LPR o w\u0142asnych pogl\u0105dach i samodzielnym  stanowisku. Po jej odej\u015bciu kierownictwo tej partii b\u0119d\u0105 stanowi\u0107  wy\u0142\u0105cznie najbli\u017csi wsp\u00f3\u0142pracownicy R.Giertycha.<\/p>\r\n\r\n<p>j.s. &#8211; mp.info<\/p>","protected":false},"excerpt":{"rendered":"W dniu 20 marca 2010r. na posiedzeniu Rady Politycznej LPR z funkcji przewodnicz\u0105cej zosta\u0142a odwo\u0142ana prof. Anna Ra\u017any, decyzja zosta\u0142a podj\u0119ta jednog\u0142o\u015bnie. Do czasu wyboru nowych w\u0142adz funkcj\u0119 przewodnicz\u0105cego pe\u0142ni obecny wiceprzewodnicz\u0105cy Rady Politycznej prof. Maciej Giertych. &#8211; tak\u0105 informacj\u0119 poda\u0142y w\u0142adze LPR na swojej oficjalnej stronie internetowej. Komunikat nic nie m\u00f3wi na temat przyczyn [&hellip;]","protected":false},"author":1,"featured_media":0,"comment_status":"closed","ping_status":"closed","sticky":false,"template":"","format":"standard","meta":{"_acf_changed":false,"_monsterinsights_skip_tracking":false,"_monsterinsights_sitenote_active":false,"_monsterinsights_sitenote_note":"","_monsterinsights_sitenote_category":0,"ngg_post_thumbnail":0,"footnotes":"","_wp_rev_ctl_limit":""},"categories":[8],"tags":[],"acf":[],"_links":{"self":[{"href":"https:\/\/www.bibula.com\/index.php?rest_route=\/wp\/v2\/posts\/19594"}],"collection":[{"href":"https:\/\/www.bibula.com\/index.php?rest_route=\/wp\/v2\/posts"}],"about":[{"href":"https:\/\/www.bibula.com\/index.php?rest_route=\/wp\/v2\/types\/post"}],"author":[{"embeddable":true,"href":"https:\/\/www.bibula.com\/index.php?rest_route=\/wp\/v2\/users\/1"}],"replies":[{"embeddable":true,"href":"https:\/\/www.bibula.com\/index.php?rest_route=%2Fwp%2Fv2%2Fcomments&post=19594"}],"version-history":[{"count":0,"href":"https:\/\/www.bibula.com\/index.php?rest_route=\/wp\/v2\/posts\/19594\/revisions"}],"wp:attachment":[{"href":"https:\/\/www.bibula.com\/index.php?rest_route=%2Fwp%2Fv2%2Fmedia&parent=19594"}],"wp:term":[{"taxonomy":"category","embeddable":true,"href":"https:\/\/www.bibula.com\/index.php?rest_route=%2Fwp%2Fv2%2Fcategories&post=19594"},{"taxonomy":"post_tag","embeddable":true,"href":"https:\/\/www.bibula.com\/index.php?rest_route=%2Fwp%2Fv2%2Ftags&post=19594"}],"curies":[{"name":"wp","href":"https:\/\/api.w.org\/{rel}","templated":true}]}}