{"id":1940,"date":"2008-04-08T15:51:54","date_gmt":"2008-04-08T15:51:54","guid":{"rendered":""},"modified":"2018-04-08T14:07:28","modified_gmt":"2018-04-08T18:07:28","slug":"izba-wydawcow-prasy-w-obronie-pornografii","status":"publish","type":"post","link":"https:\/\/www.bibula.com\/?p=1940","title":{"rendered":"Izba Wydawc\u00f3w Prasy w obronie pornografii"},"content":{"rendered":"<p>Wies\u0142aw Podka\u0144ski, by\u0142y Prezes Zarz\u0105du niemieckiego koncernu wydawniczego <em>Axel Springer Polska<\/em>, wydaj\u0105cego niemieckie polskoj\u0119zyczne pisma dla Polak\u00f3w w Polsce (<em>Newsweek &#8211; Polska, Dziennik<\/em>, <em>Fakt<\/em>, <em>Przegl\u0105d Sportowy<\/em>, <em>Forbes<\/em>, <em>Dziewczyna<\/em>, <em>Popcorn<\/em>, <em>Auto \u015awiat<\/em>, <em>Komputer \u015awiat<\/em>, <em>Play<\/em>, <em>Dobra Gra<\/em> i inne) oraz honorowy prezes oddzia\u0142u polskiego tego koncernu, a obecnie prezes Izby Wydawc\u00f3w Prasy, skrytykowal decyzj\u0119 Empiku o wycofaniu ze sprzeda\u017cy w swojej sieci prasy pornograficznej.<\/p>\r\n<p>W wywiadzie dla Rzeczpospolitej, prezes Podka\u0144ski powiedzia\u0142 w imieniu Izby Wydawc\u00f3w Prasy, \u017ce decyzja Empiku jest naruszeniem idei wolno\u015bci s\u0142owa i swob\u00f3d obywatelskich. &#8222;Zawsze protestowali\u015bmy przeciwko ograniczeniom dost\u0119pu do rynku prasy legalnym tytu\u0142om tylko ze wzgl\u0119du na ich zawarto\u015b\u0107, poniewa\u017c godzi to w konstytucyjnie zapewnion\u0105 wolno\u015b\u0107 s\u0142owa&#8221; &#8211; powiedzia\u0142 Podka\u0144ski.<\/p>\r\n<p>Nie b\u0119dziemy przytacza\u0107 dalszej cz\u0119\u015bci wywiadu &#8211; zainteresowanych odsy\u0142amy do <a class=\"content_sz\" href=\"http:\/\/www.rp.pl\/artykul\/112327.html\" target=\"_blank\" rel=\"noopener\">\u017ar\u00f3d\u0142a<\/a> &#8211; jednak w odpowiedzi na be\u0142kot ludzi promuj\u0105cych pornografi\u0119 w Polsce, chroni\u0105cych si\u0119 za tabu &#8222;wolno\u015bci prasy&#8221;, chcieliby\u015bmy zapyta\u0107 czy s\u0105 tak samo stanowczy &#8222;w obronie wolno\u015bci prasy&#8221;, gdy niekt\u00f3re tytu\u0142y podejmuj\u0105 si\u0119 analizy temat\u00f3w sprzecznych z polityczn\u0105 poprawno\u015bci\u0105, gdy maj\u0105 inn\u0105 opini\u0119 co do niekt\u00f3rych wydarze\u0144 II Wojny \u015awiatowej, gdy wyra\u017caj\u0105 opinie okre\u015blane przez pewne gremia jako &#8222;negowanie Holokaustu&#8221;, gdy nie zgadzaj\u0105 si\u0119 np. z interpretacj\u0105 obiekt\u00f3w pokazywanych turystom jako komory gazowe, gdy przytaczaj\u0105 inne ni\u017c jedynie-s\u0142uszne liczby ofiar \u017cydowskich?<\/p>\r\n<p>Pan Podka\u0144ski podkre\u015bla z ca\u0142\u0105 stanowczo\u015bci\u0105, \u017ce &#8222;jeste\u015bmy szczeg\u00f3lnie wyczuleni na <em>jak\u0105kolwiek<\/em> pr\u00f3b\u0119 ograniczania tej wolno\u015bci&#8221;, lecz jako\u015b nie s\u0142ycha\u0107 by\u0142o g\u0142os\u00f3w os\u00f3b i instytucji &#8222;broni\u0105cych wolno\u015bci wypowiedzi&#8221;, staj\u0105cych np. w obronie atakowanej za &#8222;rozprowadzanie ksi\u0105\u017cek o tre\u015bci antysemickiej&#8221; ksi\u0119garni Antyk, czy staj\u0105cych w obronie dr. Dariusza Ratajczaka, kt\u00f3ry w swojej ksi\u0105\u017cce &#8222;Niebezpieczne tematy&#8221; jedynie <em>zacytowa\u0142<\/em> niewygodne tre\u015bci, za co represyjny apart tzw. sprawiedliwo\u015bci podj\u0105\u0142 si\u0119 szykan prawnych, a w\u0142adze uniwersytetu zwolni\u0142y go z pracy. Jako\u015b nie s\u0142ycha\u0107 w takich przypadkach wo\u0142a\u0144 &#8222;obro\u0144c\u00f3w wolno\u015bci wypowiedzi&#8221;. Zatem &#8211; wolno\u015b\u0107 jedynie dla <em>naszych <\/em> pogl\u0105d\u00f3w, a przeciwnikom &#8222;wolno\u015bci&#8221; &#8211; \u015bmier\u0107?! Dlaczego Izba Wydawc\u00f3w Prasy staje w obronie deprawacji spo\u0142ecze\u0144stwa chowaj\u0105c si\u0119 za formu\u0142k\u0119 &#8222;wolno\u015bci wypowiedzi&#8221;? Czyim interesom s\u0142u\u017cy?<\/p>\r\n<p>&nbsp;<\/p>\r\n<p>ZOB. R\u00d3WNIE\u017b:<\/p>\r\n<ul>\r\n\t<li><a class=\"content_sz\" href=\"http:\/\/www.bibula.com\/?p=01793\" target=\"_blank\" rel=\"noopener\"><strong>Rewolucyjny \u017byd czyli kto kontroluje przemys\u0142 pornograficzny<\/strong><\/a><\/li>\r\n<\/ul>\r\n<p>&nbsp;<\/p>\r\n<p>&nbsp;<\/p>","protected":false},"excerpt":{"rendered":"Wies\u0142aw Podka\u0144ski, by\u0142y Prezes Zarz\u0105du niemieckiego koncernu wydawniczego Axel Springer Polska, wydaj\u0105cego niemieckie polskoj\u0119zyczne pisma dla Polak\u00f3w w Polsce (Newsweek &#8211; Polska, Dziennik, Fakt, Przegl\u0105d Sportowy, Forbes, Dziewczyna, Popcorn, Auto \u015awiat, Komputer \u015awiat, Play, Dobra Gra i inne) oraz honorowy prezes oddzia\u0142u polskiego tego koncernu, a obecnie prezes Izby Wydawc\u00f3w Prasy, skrytykowal decyzj\u0119 Empiku o [&hellip;]","protected":false},"author":1,"featured_media":0,"comment_status":"closed","ping_status":"open","sticky":false,"template":"","format":"standard","meta":{"_acf_changed":false,"_monsterinsights_skip_tracking":false,"_monsterinsights_sitenote_active":false,"_monsterinsights_sitenote_note":"","_monsterinsights_sitenote_category":0,"ngg_post_thumbnail":0,"footnotes":"","_wp_rev_ctl_limit":""},"categories":[8],"tags":[166,159,130],"acf":[],"_links":{"self":[{"href":"https:\/\/www.bibula.com\/index.php?rest_route=\/wp\/v2\/posts\/1940"}],"collection":[{"href":"https:\/\/www.bibula.com\/index.php?rest_route=\/wp\/v2\/posts"}],"about":[{"href":"https:\/\/www.bibula.com\/index.php?rest_route=\/wp\/v2\/types\/post"}],"author":[{"embeddable":true,"href":"https:\/\/www.bibula.com\/index.php?rest_route=\/wp\/v2\/users\/1"}],"replies":[{"embeddable":true,"href":"https:\/\/www.bibula.com\/index.php?rest_route=%2Fwp%2Fv2%2Fcomments&post=1940"}],"version-history":[{"count":0,"href":"https:\/\/www.bibula.com\/index.php?rest_route=\/wp\/v2\/posts\/1940\/revisions"}],"wp:attachment":[{"href":"https:\/\/www.bibula.com\/index.php?rest_route=%2Fwp%2Fv2%2Fmedia&parent=1940"}],"wp:term":[{"taxonomy":"category","embeddable":true,"href":"https:\/\/www.bibula.com\/index.php?rest_route=%2Fwp%2Fv2%2Fcategories&post=1940"},{"taxonomy":"post_tag","embeddable":true,"href":"https:\/\/www.bibula.com\/index.php?rest_route=%2Fwp%2Fv2%2Ftags&post=1940"}],"curies":[{"name":"wp","href":"https:\/\/api.w.org\/{rel}","templated":true}]}}