{"id":19269,"date":"2010-03-11T10:59:39","date_gmt":"2010-03-11T15:59:39","guid":{"rendered":"http:\/\/www.bibula.com\/?p=19269"},"modified":"2010-03-11T10:59:39","modified_gmt":"2010-03-11T15:59:39","slug":"list-w-obronie-dobrego-imienia-muzeum-narodowego-w-warszawie","status":"publish","type":"post","link":"https:\/\/www.bibula.com\/?p=19269","title":{"rendered":"List w obronie dobrego imienia Muzeum Narodowego w Warszawie"},"content":{"rendered":"<p>Warszawa, 10 marca 2010 r.<br \/>\r\n<br \/>\r\nPan <br \/>\r\n prof.\u00a0 Piotr  Piotrowski<br \/>\r\n Dyrektor Muzeum Narodowego w Warszawie<br \/>\r\n<br \/>\r\n<br \/>\r\n<strong>LIST W OBRONIE DOBREGO  IMIENIA MUZEUM NARODOWEGO W WARSZAWIE<\/strong><br \/>\r\n<br \/>\r\nSzanowny  Panie Dyrektorze,<br \/>\r\n<br \/>\r\nZwracamy si\u0119 do Pana z uprzejm\u0105 pro\u015bb\u0105 o  powa\u017cne przemy\u015blenie decyzji dotycz\u0105cej zorganizowania na terenie Muzeum  w czerwcu bie\u017c\u0105cego roku wystawy o \u201ehomokulturze\u201d.<br \/>\r\nZadaniem tak  powa\u017cnej i szacownej instytucji , jak\u0105 jest Muzeum Narodowe , jest  gromadzenie prac uznanych za dzie\u0142a sztuki i udost\u0119pnianie ich  spo\u0142ecze\u0144stwu. Dlatego jeste\u015bmy g\u0142\u0119boko zatroskani o jego dalsze losy,  gdy w zapowiedziach programowych Muzeum pojawia si\u0119 pomys\u0142 tak  prowokacyjnie skandalizuj\u0105cy i \u017cenuj\u0105cy, tak dalece nieprzystaj\u0105cy do  znakomitej tradycji tej zas\u0142u\u017conej plac\u00f3wki kultury polskiej.<\/p>\r\n\r\n<p>Wystawa o \u201ehomokulturze\u201d by\u0142aby niebezpiecznym , niedobrym  precedensem w dziejach Muzeum, wymy\u015blonym chyba tylko dla nadania  rozg\u0142osu autorowi pomys\u0142u.<br \/>\r\nWed\u0142ug etyka &#8211; ks. prof. dr hab. Paw\u0142a  Bortkiewicza : \u201e\u2026zestawienie kultury z homoseksualizmem jest ju\u017c samo w  sobie nadu\u017cyciem\u201d.<br \/>\r\nZ kolei prof. dr hab. Krystyna Czuba zwraca uwag\u0119,  \u017ce : \u201eMuzeum Narodowe, utrzymywane z publicznych pieni\u0119dzy ma s\u0142u\u017cy\u0107  ca\u0142emu narodowi, a nie wyizolowanym, marginalnym grupom,  nieidentyfikuj\u0105cym si\u0119 ani z tradycj\u0105, ani z kultura narodow\u0105\u201d.<br \/>\r\nCzy  na pocz\u0105tku swojego urz\u0119dowania chce Pan odebra\u0107 godno\u015b\u0107 plac\u00f3wce, kt\u00f3r\u0105  Pan kieruje ?<br \/>\r\nCzy podj\u0119cie tak nierozumnej, nieodpowiedzialnej  decyzji to ju\u017c nie tylko \u201ekwestia dobrego smaku\u201d, ale wr\u0119cz  sprzeniewierzenie si\u0119 misji s\u0142u\u017cenia Narodowi, kt\u00f3r\u0105 pe\u0142ni Muzeum oraz  osobi\u015bcie Pan jako jego Dyrektor?<br \/>\r\n <br \/>\r\nProsimy o rozwa\u017cenie  swojej decyzji i swojej roli w tej sprawie, gdy\u017c ju\u017c zbyt wielu\u00a0 mamy w  Polsce nieodpowiedzialnych i niegodnych urz\u0119dnik\u00f3w kieruj\u0105cych powa\u017cnymi  instytucjami pa\u0144stwowymi, kt\u00f3rych dzia\u0142ania mo\u017cna traktowa\u0107 jako rodzaj  sabota\u017cu dobra narodowego ich w\u0142adaniu powierzonego.<\/p>\r\n\r\n<p>Z powa\u017caniem<\/p>\r\n\r\n<p><br \/>\r\n<strong>W imieniu Komitetu Obrony Dobrego Imienia Polski i  Polak\u00f3w :<\/strong><br \/>\r\n1.\u00a0\u00a0\u00a0 prof. Andrzej Bissenik, Akademia Sztuk  Pi\u0119knych, Warszawa\u00a0\u00a0\u00a0 <br \/>\r\n2.\u00a0\u00a0\u00a0 dr Zbigniew Girzy\u0144ski, pose\u0142 na Sejm RP,<br \/>\r\n3.\u00a0\u00a0\u00a0  Gabriel Janowski, b. pose\u0142 na Sejm RP,<br \/>\r\n4.\u00a0\u00a0\u00a0 prof. Lucjan Kasprzak,  Akademia Sztuk Pi\u0119knych, Warszawa,<br \/>\r\n5.\u00a0\u00a0\u00a0 dr Krzysztof Kaw\u0119cki,  historyk,<br \/>\r\n6.\u00a0\u00a0\u00a0 Bo\u017cena Koroczycka, artysta plastyk,<br \/>\r\n7.\u00a0\u00a0\u00a0 prof.\u00a0  J\u00f3zef Krasinkiewicz, Polska Akademia Nauk,<br \/>\r\n8.\u00a0\u00a0\u00a0 El\u017cbieta  Kr\u00f3likowska-Avis, pisarka, dziennikarka,<br \/>\r\n9.\u00a0\u00a0\u00a0 Barbara Krysztoforska,  dyrektor liceum,<br \/>\r\n10.\u00a0\u00a0\u00a0 \u00a0Miros\u0142awa Machaj, artysta plastyk,<br \/>\r\n11.\u00a0\u00a0\u00a0  \u00a0prof. Jerzy Robert Nowak,\u00a0 przewodnicz\u0105cy Komitetu Obrony Dobrego  Imienia Polski i Polak\u00f3w,<br \/>\r\n12.\u00a0\u00a0\u00a0 Wojciech Reszczy\u0144ski , redaktor,<br \/>\r\n13.\u00a0\u00a0\u00a0  Stefan St\u0119pkowski, in\u017cynier,<br \/>\r\n14.\u00a0\u00a0\u00a0 Krzysztof Wojciechowski, re\u017cyser  filmowy,<\/p>\r\n\r\n<p><br \/>\r\n<strong>Poparcie dla tego listu wyra\u017caj\u0105 r\u00f3wnie\u017c : <\/strong><br \/>\r\n1.\u00a0\u00a0\u00a0  dr hab. Marek Dzienkiewicz, prezes Zwi\u0105zku Polskich Artyst\u00f3w Plastyk\u00f3w,<br \/>\r\n2.\u00a0\u00a0\u00a0  Agata Frankowska, PSL\u00a0 Warszawa \u015ar\u00f3dmie\u015bcie<br \/>\r\n3.\u00a0\u00a0\u00a0 \u00a0Andrzej\u00a0  Jaworski, pose\u0142 na Sejm RP,<br \/>\r\n4.\u00a0\u00a0\u00a0 prof. Lech Koli\u0144ski, Akademia Sztuk  Pi\u0119knych, Warszawa,<br \/>\r\n5.\u00a0\u00a0\u00a0 dr Edward Ko\u0142akowski, architekt,<br \/>\r\n6.\u00a0\u00a0\u00a0  Wojciech Krysztoforski, artysta plastyk,<br \/>\r\n7.\u00a0\u00a0\u00a0 Renata Lisowska,  artysta plastyk,<br \/>\r\n8.\u00a0\u00a0\u00a0 Stanis\u0142aw Pi\u0119ta, pose\u0142 na Sejm RP,<br \/>\r\n9.\u00a0\u00a0\u00a0  Jaros\u0142aw Sobiepanek, historyk,<br \/>\r\n10.\u00a0\u00a0\u00a0 \u00a0Maria Jolanta Stankiewicz,  artysta plastyk,<br \/>\r\n11.\u00a0\u00a0\u00a0 Teresa Woi\u0144ska, artysta plastyk,<br \/>\r\n12.\u00a0\u00a0\u00a0  \u00a0J\u00f3zef Wojta\u015b, przedsi\u0119biorca,<br \/>\r\n13.\u00a0\u00a0\u00a0 Jacek Wo\u0142osz, in\u017cynier,<br \/>\r\n14.\u00a0\u00a0\u00a0  Barbara Wo\u0142osz, artysta plastyk.<br \/>\r\n<br \/>\r\n<em>Do wiadomo\u015bci :<\/em><br \/>\r\n<strong>1.\u00a0\u00a0\u00a0 Prezydent  Rzeczpospolitej Polskiej Lech Kaczy\u0144ski<br \/>\r\n2.\u00a0\u00a0\u00a0 Premier Rz\u0105du  Rzeczpospolitej Polskiej Donald Tusk<br \/>\r\n3.\u00a0\u00a0\u00a0 Minister Kultury Bogdan  Zdrojewski<br \/>\r\n4.\u00a0\u00a0\u00a0 Prezes Prawa i Sprawiedliwo\u015bci Jaros\u0142aw Kaczy\u0144ski<br \/>\r\n5.\u00a0\u00a0\u00a0  Media<\/strong><\/p>","protected":false},"excerpt":{"rendered":"Warszawa, 10 marca 2010 r. Pan prof.\u00a0 Piotr Piotrowski Dyrektor Muzeum Narodowego w Warszawie LIST W OBRONIE DOBREGO IMIENIA MUZEUM NARODOWEGO W WARSZAWIE Szanowny Panie Dyrektorze, Zwracamy si\u0119 do Pana z uprzejm\u0105 pro\u015bb\u0105 o powa\u017cne przemy\u015blenie decyzji dotycz\u0105cej zorganizowania na terenie Muzeum w czerwcu bie\u017c\u0105cego roku wystawy o \u201ehomokulturze\u201d. Zadaniem tak powa\u017cnej i szacownej instytucji [&hellip;]","protected":false},"author":1,"featured_media":0,"comment_status":"closed","ping_status":"closed","sticky":false,"template":"","format":"standard","meta":{"_acf_changed":false,"_monsterinsights_skip_tracking":false,"_monsterinsights_sitenote_active":false,"_monsterinsights_sitenote_note":"","_monsterinsights_sitenote_category":0,"ngg_post_thumbnail":0,"footnotes":"","_wp_rev_ctl_limit":""},"categories":[8],"tags":[26,98,97],"acf":[],"_links":{"self":[{"href":"https:\/\/www.bibula.com\/index.php?rest_route=\/wp\/v2\/posts\/19269"}],"collection":[{"href":"https:\/\/www.bibula.com\/index.php?rest_route=\/wp\/v2\/posts"}],"about":[{"href":"https:\/\/www.bibula.com\/index.php?rest_route=\/wp\/v2\/types\/post"}],"author":[{"embeddable":true,"href":"https:\/\/www.bibula.com\/index.php?rest_route=\/wp\/v2\/users\/1"}],"replies":[{"embeddable":true,"href":"https:\/\/www.bibula.com\/index.php?rest_route=%2Fwp%2Fv2%2Fcomments&post=19269"}],"version-history":[{"count":0,"href":"https:\/\/www.bibula.com\/index.php?rest_route=\/wp\/v2\/posts\/19269\/revisions"}],"wp:attachment":[{"href":"https:\/\/www.bibula.com\/index.php?rest_route=%2Fwp%2Fv2%2Fmedia&parent=19269"}],"wp:term":[{"taxonomy":"category","embeddable":true,"href":"https:\/\/www.bibula.com\/index.php?rest_route=%2Fwp%2Fv2%2Fcategories&post=19269"},{"taxonomy":"post_tag","embeddable":true,"href":"https:\/\/www.bibula.com\/index.php?rest_route=%2Fwp%2Fv2%2Ftags&post=19269"}],"curies":[{"name":"wp","href":"https:\/\/api.w.org\/{rel}","templated":true}]}}