{"id":19233,"date":"2010-03-10T10:26:31","date_gmt":"2010-03-10T15:26:31","guid":{"rendered":"http:\/\/www.bibula.com\/?p=19233"},"modified":"2020-09-17T19:01:12","modified_gmt":"2020-09-17T23:01:12","slug":"wyroki-w-zawieszeniu-za-rozpowszechnianie-tresci-antysemickich","status":"publish","type":"post","link":"https:\/\/www.bibula.com\/?p=19233","title":{"rendered":"Wyroki w zawieszeniu za rozpowszechnianie tre\u015bci antysemickich"},"content":{"rendered":"<p><strong> Na kary od 1,5 roku do 10 miesi\u0119cy wi\u0119zienia w zawieszeniu na 2-3 lata, skaza\u0142 pod koniec lutego S\u0105d Rejonowy w Bia\u0142ymstoku cztery osoby w procesie dotycz\u0105cym m.in. rozpowszechniania tre\u015bci antysemickich. Jedn\u0105 osob\u0119 uniewinni\u0142. Wyrok nie jest prawomocny.<\/strong><br \/>\r\n<br \/>\r\nOskar\u017ceni odpowiadali za rozklejanie plakat\u00f3w z tre\u015bciami antysemickimi, a tak\u017ce zamieszczanie takich tre\u015bci w internecie i prasie.<\/p>\r\n<div class=\"cut1\">[&#8230;] <span class=\"podpis_sz\">Ca\u0142y tekst dost\u0119pny w materiale \u017ar\u00f3d\u0142owym<\/span><\/div>\r\n<p>\u0179r\u00f3d\u0142o: PAP<\/p>","protected":false},"excerpt":{"rendered":"Na kary od 1,5 roku do 10 miesi\u0119cy wi\u0119zienia w zawieszeniu na 2-3 lata, skaza\u0142 pod koniec lutego S\u0105d Rejonowy w Bia\u0142ymstoku cztery osoby w procesie dotycz\u0105cym m.in. rozpowszechniania tre\u015bci antysemickich. Jedn\u0105 osob\u0119 uniewinni\u0142. Wyrok nie jest prawomocny. Oskar\u017ceni odpowiadali za rozklejanie plakat\u00f3w z tre\u015bciami antysemickimi, a tak\u017ce zamieszczanie takich tre\u015bci w internecie i prasie. [&hellip;]","protected":false},"author":1,"featured_media":0,"comment_status":"closed","ping_status":"closed","sticky":false,"template":"","format":"standard","meta":{"_acf_changed":false,"_monsterinsights_skip_tracking":false,"_monsterinsights_sitenote_active":false,"_monsterinsights_sitenote_note":"","_monsterinsights_sitenote_category":0,"ngg_post_thumbnail":0,"footnotes":"","_wp_rev_ctl_limit":""},"categories":[8],"tags":[48,448,98,169],"acf":[],"_links":{"self":[{"href":"https:\/\/www.bibula.com\/index.php?rest_route=\/wp\/v2\/posts\/19233"}],"collection":[{"href":"https:\/\/www.bibula.com\/index.php?rest_route=\/wp\/v2\/posts"}],"about":[{"href":"https:\/\/www.bibula.com\/index.php?rest_route=\/wp\/v2\/types\/post"}],"author":[{"embeddable":true,"href":"https:\/\/www.bibula.com\/index.php?rest_route=\/wp\/v2\/users\/1"}],"replies":[{"embeddable":true,"href":"https:\/\/www.bibula.com\/index.php?rest_route=%2Fwp%2Fv2%2Fcomments&post=19233"}],"version-history":[{"count":1,"href":"https:\/\/www.bibula.com\/index.php?rest_route=\/wp\/v2\/posts\/19233\/revisions"}],"predecessor-version":[{"id":117056,"href":"https:\/\/www.bibula.com\/index.php?rest_route=\/wp\/v2\/posts\/19233\/revisions\/117056"}],"wp:attachment":[{"href":"https:\/\/www.bibula.com\/index.php?rest_route=%2Fwp%2Fv2%2Fmedia&parent=19233"}],"wp:term":[{"taxonomy":"category","embeddable":true,"href":"https:\/\/www.bibula.com\/index.php?rest_route=%2Fwp%2Fv2%2Fcategories&post=19233"},{"taxonomy":"post_tag","embeddable":true,"href":"https:\/\/www.bibula.com\/index.php?rest_route=%2Fwp%2Fv2%2Ftags&post=19233"}],"curies":[{"name":"wp","href":"https:\/\/api.w.org\/{rel}","templated":true}]}}